{"id":12391,"date":"2024-12-05T11:35:14","date_gmt":"2024-12-05T09:35:14","guid":{"rendered":"https:\/\/dastgmures.ro\/?p=12391"},"modified":"2024-12-05T11:38:24","modified_gmt":"2024-12-05T09:38:24","slug":"targ-de-craciun-cu-decoratiuni-realizate-de-copiii-tinerii-si-adultii-aflati-in-asistenta-in-cadrul-ong-urilor-din-targu-mures","status":"publish","type":"post","link":"https:\/\/dastgmures.ro\/en\/press-release\/christmas-fair-with-decorations-realised-by-children-younger-and-adult-attended-children-in-targu-mures\/","title":{"rendered":"Christmas fair with Christmas decorations made by children, young people and adults assisted by NGOs in T\u00e2rgu Mure\u0219"},"content":{"rendered":"<p><em>T\u00e2rgu Mure\u0219, 5 December 2024<\/em><\/p>\n<p><strong>PRESS RELEASE<\/strong><\/p>\n<p style=\"text-align: center;\"><strong>Christmas fair with Christmas decorations made by children, young people and adults in<\/strong> <strong>assistance to NGOs in T\u00e2rgu Mure\u0219<\/strong><\/p>\n<p>The winter holidays are fast approaching, bringing with them the desire to feel the magical atmosphere of Christmas, to give and receive gifts and, above all, to enjoy together with our loved ones. In this spirit of generosity and community, the Targu Mures Social Welfare Department, in collaboration with the Mures County Museum, is organising an exhibition and sale of Christmas objects on Tuesday, 10 December 2024, between 10:00 and 20:00. Admission is free.<\/p>\n<p>The event will take place in the inner courtyard of the Toldalagi Palace, Ethnography and Folk Art Section of the Mures County Museum, and will bring together the creations made by children, young people and adults in the care of several non-governmental organisations.<\/p>\n<p>Visitors are invited to discover a warm and cosy atmosphere where they will find Christmas decorations and ornaments created with soul and talent by the beneficiaries of social services. These unique, hand-crafted items will be available for purchase, offering a chance to support the labour and creativity of those in need.<\/p>\n<p>The celebration of the Nativity reminds us of the importance of giving, kindness and solidarity. Through this fair, each participant will have the opportunity to contribute to the joy of those in their community and to make Christmas a time to grow closer together.<\/p>\n<p><strong>EXHIBITORS:<\/strong><\/p>\n<ul>\n<li>HIFA Romania Association<\/li>\n<li>ProVision Romania<\/li>\n<li>\"Gentle Hands\" Foundation<\/li>\n<li>Buckner Foundation Romania<\/li>\n<li>Rhema Christian Foundation<\/li>\n<li>\"Cezara Codru\u021ba Marica\" Cultural Foundation<\/li>\n<li>Talentum Foundation<\/li>\n<li>Transylvanian Alpha Foundation<\/li>\n<li>Institute of Psychotherapy and Personal Development<\/li>\n<\/ul>\n<p>We are looking forward to welcoming you to be part of this heart-warming event and to support local initiatives in support of the community. The joy of giving, in every corner of the community!<\/p>\n<p><a href=\"https:\/\/dastgmures.ro\/wp-content\/uploads\/2024\/12\/CP_TARGUL-DE-CRACIUN-2024-LA-MUZEU.pdf\" target=\"_blank\" rel=\"noopener\">CP_CHRISTMAS FAIR 2024 AT THE MUSEUM<\/a><\/p>\n<p><img decoding=\"async\" class=\"aligncenter wp-image-12392 size-full\" src=\"https:\/\/dastgmures.ro\/wp-content\/uploads\/2024\/12\/Roll-up-RO-HU.png\" alt=\"\" width=\"2362\" height=\"5557\" srcset=\"https:\/\/dastgmures.ro\/wp-content\/uploads\/2024\/12\/Roll-up-RO-HU.png 2362w, https:\/\/dastgmures.ro\/wp-content\/uploads\/2024\/12\/Roll-up-RO-HU-128x300.png 128w, https:\/\/dastgmures.ro\/wp-content\/uploads\/2024\/12\/Roll-up-RO-HU-435x1024.png 435w, https:\/\/dastgmures.ro\/wp-content\/uploads\/2024\/12\/Roll-up-RO-HU-768x1807.png 768w, https:\/\/dastgmures.ro\/wp-content\/uploads\/2024\/12\/Roll-up-RO-HU-653x1536.png 653w, https:\/\/dastgmures.ro\/wp-content\/uploads\/2024\/12\/Roll-up-RO-HU-871x2048.png 871w, https:\/\/dastgmures.ro\/wp-content\/uploads\/2024\/12\/Roll-up-RO-HU-5x12.png 5w, https:\/\/dastgmures.ro\/wp-content\/uploads\/2024\/12\/Roll-up-RO-HU-1920x4517.png 1920w, https:\/\/dastgmures.ro\/wp-content\/uploads\/2024\/12\/Roll-up-RO-HU-1170x2753.png 1170w, https:\/\/dastgmures.ro\/wp-content\/uploads\/2024\/12\/Roll-up-RO-HU-585x1376.png 585w\" sizes=\"(max-width: 2362px) 100vw, 2362px\" \/><\/p>","protected":false},"excerpt":{"rendered":"<p>T\u00e2rgu Mure\u0219, 5 December 2024 PRESS RELEASE Christmas fair with decorations made by children, young people and adults in care....<\/p>","protected":false},"author":2,"featured_media":0,"comment_status":"closed","ping_status":"open","sticky":false,"template":"","format":"standard","meta":{"footnotes":""},"categories":[5],"tags":[],"class_list":["post-12391","post","type-post","status-publish","format-standard","hentry","category-comunicate-de-presa"],"yoast_head":"<!-- This site is optimized with the Yoast SEO plugin v19.13 - https:\/\/yoast.com\/wordpress\/plugins\/seo\/ -->\n<title>T\u00e2rg de Cr\u0103ciun cu decora\u021biuni realizate de copiii, tinerii \u0219i adul\u021bii afla\u021bi \u00een asisten\u021b\u0103 \u00een cadrul ONG-urilor din T\u00e2rgu Mure\u0219 - Direc\u021bia de Asisten\u021b\u0103 Social\u0103 T\u00e2rgu Mure\u0219<\/title>\n<meta name=\"robots\" content=\"index, follow, max-snippet:-1, max-image-preview:large, max-video-preview:-1\" \/>\n<link rel=\"canonical\" href=\"https:\/\/dastgmures.ro\/en\/press-release\/christmas-fair-with-decorations-realised-by-children-younger-and-adult-attended-children-in-targu-mures\/\" \/>\n<meta property=\"og:locale\" content=\"en_GB\" \/>\n<meta property=\"og:type\" content=\"article\" \/>\n<meta property=\"og:title\" content=\"T\u00e2rg de Cr\u0103ciun cu decora\u021biuni realizate de copiii, tinerii \u0219i adul\u021bii afla\u021bi \u00een asisten\u021b\u0103 \u00een cadrul ONG-urilor din T\u00e2rgu Mure\u0219 - Direc\u021bia de Asisten\u021b\u0103 Social\u0103 T\u00e2rgu Mure\u0219\" \/>\n<meta property=\"og:description\" content=\"T\u00e2rgu Mure\u0219, 5 decembrie 2024 COMUNICAT DE PRES\u0102 T\u00e2rg de Cr\u0103ciun cu decora\u021biuni realizate de copiii, tinerii \u0219i adul\u021bii afla\u021bi \u00een asisten\u021b\u0103&hellip;\" \/>\n<meta property=\"og:url\" content=\"https:\/\/dastgmures.ro\/en\/press-release\/christmas-fair-with-decorations-realised-by-children-younger-and-adult-attended-children-in-targu-mures\/\" \/>\n<meta property=\"og:site_name\" content=\"Direc\u021bia de Asisten\u021b\u0103 Social\u0103 T\u00e2rgu Mure\u0219\" \/>\n<meta property=\"article:published_time\" content=\"2024-12-05T09:35:14+00:00\" \/>\n<meta property=\"article:modified_time\" content=\"2024-12-05T09:38:24+00:00\" \/>\n<meta property=\"og:image\" content=\"https:\/\/dastgmures.ro\/wp-content\/uploads\/2024\/12\/Roll-up-RO-HU.png\" \/>\n<meta name=\"author\" content=\"Hirlav Mariana\" \/>\n<meta name=\"twitter:card\" content=\"summary_large_image\" \/>\n<meta name=\"twitter:label1\" content=\"Written by\" \/>\n\t<meta name=\"twitter:data1\" content=\"Hirlav Mariana\" \/>\n\t<meta name=\"twitter:label2\" content=\"Estimated reading time\" \/>\n\t<meta name=\"twitter:data2\" content=\"2 minutes\" \/>\n<script type=\"application\/ld+json\" class=\"yoast-schema-graph\">{\"@context\":\"https:\/\/schema.org\",\"@graph\":[{\"@type\":\"WebPage\",\"@id\":\"https:\/\/dastgmures.ro\/comunicate-de-presa\/targ-de-craciun-cu-decoratiuni-realizate-de-copiii-tinerii-si-adultii-aflati-in-asistenta-in-cadrul-ong-urilor-din-targu-mures\/\",\"url\":\"https:\/\/dastgmures.ro\/comunicate-de-presa\/targ-de-craciun-cu-decoratiuni-realizate-de-copiii-tinerii-si-adultii-aflati-in-asistenta-in-cadrul-ong-urilor-din-targu-mures\/\",\"name\":\"T\u00e2rg de Cr\u0103ciun cu decora\u021biuni realizate de copiii, tinerii \u0219i adul\u021bii afla\u021bi \u00een asisten\u021b\u0103 \u00een cadrul ONG-urilor din T\u00e2rgu Mure\u0219 - Direc\u021bia de Asisten\u021b\u0103 Social\u0103 T\u00e2rgu Mure\u0219\",\"isPartOf\":{\"@id\":\"https:\/\/dastgmures.ro\/#website\"},\"datePublished\":\"2024-12-05T09:35:14+00:00\",\"dateModified\":\"2024-12-05T09:38:24+00:00\",\"author\":{\"@id\":\"https:\/\/dastgmures.ro\/#\/schema\/person\/090d5ba892b6c29413e6ec4c1ffa93ff\"},\"breadcrumb\":{\"@id\":\"https:\/\/dastgmures.ro\/comunicate-de-presa\/targ-de-craciun-cu-decoratiuni-realizate-de-copiii-tinerii-si-adultii-aflati-in-asistenta-in-cadrul-ong-urilor-din-targu-mures\/#breadcrumb\"},\"inLanguage\":\"en-GB\",\"potentialAction\":[{\"@type\":\"ReadAction\",\"target\":[\"https:\/\/dastgmures.ro\/comunicate-de-presa\/targ-de-craciun-cu-decoratiuni-realizate-de-copiii-tinerii-si-adultii-aflati-in-asistenta-in-cadrul-ong-urilor-din-targu-mures\/\"]}]},{\"@type\":\"BreadcrumbList\",\"@id\":\"https:\/\/dastgmures.ro\/comunicate-de-presa\/targ-de-craciun-cu-decoratiuni-realizate-de-copiii-tinerii-si-adultii-aflati-in-asistenta-in-cadrul-ong-urilor-din-targu-mures\/#breadcrumb\",\"itemListElement\":[{\"@type\":\"ListItem\",\"position\":1,\"name\":\"Prima pagin\u0103\",\"item\":\"https:\/\/dastgmures.ro\/\"},{\"@type\":\"ListItem\",\"position\":2,\"name\":\"T\u00e2rg de Cr\u0103ciun cu decora\u021biuni realizate de copiii, tinerii \u0219i adul\u021bii afla\u021bi \u00een asisten\u021b\u0103 \u00een cadrul ONG-urilor din T\u00e2rgu Mure\u0219\"}]},{\"@type\":\"WebSite\",\"@id\":\"https:\/\/dastgmures.ro\/#website\",\"url\":\"https:\/\/dastgmures.ro\/\",\"name\":\"Direc\u021bia de Asisten\u021b\u0103 Social\u0103 T\u00e2rgu Mure\u0219\",\"description\":\"\",\"potentialAction\":[{\"@type\":\"SearchAction\",\"target\":{\"@type\":\"EntryPoint\",\"urlTemplate\":\"https:\/\/dastgmures.ro\/?s={search_term_string}\"},\"query-input\":\"required name=search_term_string\"}],\"inLanguage\":\"en-GB\"},{\"@type\":\"Person\",\"@id\":\"https:\/\/dastgmures.ro\/#\/schema\/person\/090d5ba892b6c29413e6ec4c1ffa93ff\",\"name\":\"Hirlav Mariana\",\"image\":{\"@type\":\"ImageObject\",\"inLanguage\":\"en-GB\",\"@id\":\"https:\/\/dastgmures.ro\/#\/schema\/person\/image\/\",\"url\":\"https:\/\/secure.gravatar.com\/avatar\/844b59c83dd256e2fbea16ab729e9ebd12763bbeb25f1d84279672f9e7745da1?s=96&d=mm&r=g\",\"contentUrl\":\"https:\/\/secure.gravatar.com\/avatar\/844b59c83dd256e2fbea16ab729e9ebd12763bbeb25f1d84279672f9e7745da1?s=96&d=mm&r=g\",\"caption\":\"Hirlav Mariana\"},\"url\":\"https:\/\/dastgmures.ro\/en\/author\/hirlav-mariana\/\"}]}<\/script>\n<!-- \/ Yoast SEO plugin. -->","yoast_head_json":{"title":"T\u00e2rg de Cr\u0103ciun cu decora\u021biuni realizate de copiii, tinerii \u0219i adul\u021bii afla\u021bi \u00een asisten\u021b\u0103 \u00een cadrul ONG-urilor din T\u00e2rgu Mure\u0219 - Direc\u021bia de Asisten\u021b\u0103 Social\u0103 T\u00e2rgu Mure\u0219","robots":{"index":"index","follow":"follow","max-snippet":"max-snippet:-1","max-image-preview":"max-image-preview:large","max-video-preview":"max-video-preview:-1"},"canonical":"https:\/\/dastgmures.ro\/en\/press-release\/christmas-fair-with-decorations-realised-by-children-younger-and-adult-attended-children-in-targu-mures\/","og_locale":"en_GB","og_type":"article","og_title":"T\u00e2rg de Cr\u0103ciun cu decora\u021biuni realizate de copiii, tinerii \u0219i adul\u021bii afla\u021bi \u00een asisten\u021b\u0103 \u00een cadrul ONG-urilor din T\u00e2rgu Mure\u0219 - Direc\u021bia de Asisten\u021b\u0103 Social\u0103 T\u00e2rgu Mure\u0219","og_description":"T\u00e2rgu Mure\u0219, 5 decembrie 2024 COMUNICAT DE PRES\u0102 T\u00e2rg de Cr\u0103ciun cu decora\u021biuni realizate de copiii, tinerii \u0219i adul\u021bii afla\u021bi \u00een asisten\u021b\u0103&hellip;","og_url":"https:\/\/dastgmures.ro\/en\/press-release\/christmas-fair-with-decorations-realised-by-children-younger-and-adult-attended-children-in-targu-mures\/","og_site_name":"Direc\u021bia de Asisten\u021b\u0103 Social\u0103 T\u00e2rgu Mure\u0219","article_published_time":"2024-12-05T09:35:14+00:00","article_modified_time":"2024-12-05T09:38:24+00:00","og_image":[{"url":"https:\/\/dastgmures.ro\/wp-content\/uploads\/2024\/12\/Roll-up-RO-HU.png"}],"author":"Hirlav Mariana","twitter_card":"summary_large_image","twitter_misc":{"Written by":"Hirlav Mariana","Estimated reading time":"2 minutes"},"schema":{"@context":"https:\/\/schema.org","@graph":[{"@type":"WebPage","@id":"https:\/\/dastgmures.ro\/comunicate-de-presa\/targ-de-craciun-cu-decoratiuni-realizate-de-copiii-tinerii-si-adultii-aflati-in-asistenta-in-cadrul-ong-urilor-din-targu-mures\/","url":"https:\/\/dastgmures.ro\/comunicate-de-presa\/targ-de-craciun-cu-decoratiuni-realizate-de-copiii-tinerii-si-adultii-aflati-in-asistenta-in-cadrul-ong-urilor-din-targu-mures\/","name":"T\u00e2rg de Cr\u0103ciun cu decora\u021biuni realizate de copiii, tinerii \u0219i adul\u021bii afla\u021bi \u00een asisten\u021b\u0103 \u00een cadrul ONG-urilor din T\u00e2rgu Mure\u0219 - Direc\u021bia de Asisten\u021b\u0103 Social\u0103 T\u00e2rgu Mure\u0219","isPartOf":{"@id":"https:\/\/dastgmures.ro\/#website"},"datePublished":"2024-12-05T09:35:14+00:00","dateModified":"2024-12-05T09:38:24+00:00","author":{"@id":"https:\/\/dastgmures.ro\/#\/schema\/person\/090d5ba892b6c29413e6ec4c1ffa93ff"},"breadcrumb":{"@id":"https:\/\/dastgmures.ro\/comunicate-de-presa\/targ-de-craciun-cu-decoratiuni-realizate-de-copiii-tinerii-si-adultii-aflati-in-asistenta-in-cadrul-ong-urilor-din-targu-mures\/#breadcrumb"},"inLanguage":"en-GB","potentialAction":[{"@type":"ReadAction","target":["https:\/\/dastgmures.ro\/comunicate-de-presa\/targ-de-craciun-cu-decoratiuni-realizate-de-copiii-tinerii-si-adultii-aflati-in-asistenta-in-cadrul-ong-urilor-din-targu-mures\/"]}]},{"@type":"BreadcrumbList","@id":"https:\/\/dastgmures.ro\/comunicate-de-presa\/targ-de-craciun-cu-decoratiuni-realizate-de-copiii-tinerii-si-adultii-aflati-in-asistenta-in-cadrul-ong-urilor-din-targu-mures\/#breadcrumb","itemListElement":[{"@type":"ListItem","position":1,"name":"Prima pagin\u0103","item":"https:\/\/dastgmures.ro\/"},{"@type":"ListItem","position":2,"name":"T\u00e2rg de Cr\u0103ciun cu decora\u021biuni realizate de copiii, tinerii \u0219i adul\u021bii afla\u021bi \u00een asisten\u021b\u0103 \u00een cadrul ONG-urilor din T\u00e2rgu Mure\u0219"}]},{"@type":"WebSite","@id":"https:\/\/dastgmures.ro\/#website","url":"https:\/\/dastgmures.ro\/","name":"Direc\u021bia de Asisten\u021b\u0103 Social\u0103 T\u00e2rgu Mure\u0219","description":"","potentialAction":[{"@type":"SearchAction","target":{"@type":"EntryPoint","urlTemplate":"https:\/\/dastgmures.ro\/?s={search_term_string}"},"query-input":"required name=search_term_string"}],"inLanguage":"en-GB"},{"@type":"Person","@id":"https:\/\/dastgmures.ro\/#\/schema\/person\/090d5ba892b6c29413e6ec4c1ffa93ff","name":"Hirlav Mariana","image":{"@type":"ImageObject","inLanguage":"en-GB","@id":"https:\/\/dastgmures.ro\/#\/schema\/person\/image\/","url":"https:\/\/secure.gravatar.com\/avatar\/844b59c83dd256e2fbea16ab729e9ebd12763bbeb25f1d84279672f9e7745da1?s=96&d=mm&r=g","contentUrl":"https:\/\/secure.gravatar.com\/avatar\/844b59c83dd256e2fbea16ab729e9ebd12763bbeb25f1d84279672f9e7745da1?s=96&d=mm&r=g","caption":"Hirlav Mariana"},"url":"https:\/\/dastgmures.ro\/en\/author\/hirlav-mariana\/"}]}},"_links":{"self":[{"href":"https:\/\/dastgmures.ro\/en\/wp-json\/wp\/v2\/posts\/12391","targetHints":{"allow":["GET"]}}],"collection":[{"href":"https:\/\/dastgmures.ro\/en\/wp-json\/wp\/v2\/posts"}],"about":[{"href":"https:\/\/dastgmures.ro\/en\/wp-json\/wp\/v2\/types\/post"}],"author":[{"embeddable":true,"href":"https:\/\/dastgmures.ro\/en\/wp-json\/wp\/v2\/users\/2"}],"replies":[{"embeddable":true,"href":"https:\/\/dastgmures.ro\/en\/wp-json\/wp\/v2\/comments?post=12391"}],"version-history":[{"count":5,"href":"https:\/\/dastgmures.ro\/en\/wp-json\/wp\/v2\/posts\/12391\/revisions"}],"predecessor-version":[{"id":12398,"href":"https:\/\/dastgmures.ro\/en\/wp-json\/wp\/v2\/posts\/12391\/revisions\/12398"}],"wp:attachment":[{"href":"https:\/\/dastgmures.ro\/en\/wp-json\/wp\/v2\/media?parent=12391"}],"wp:term":[{"taxonomy":"category","embeddable":true,"href":"https:\/\/dastgmures.ro\/en\/wp-json\/wp\/v2\/categories?post=12391"},{"taxonomy":"post_tag","embeddable":true,"href":"https:\/\/dastgmures.ro\/en\/wp-json\/wp\/v2\/tags?post=12391"}],"curies":[{"name":"wp","href":"https:\/\/api.w.org\/{rel}","templated":true}]}}