{"id":13978,"date":"2025-07-07T11:45:20","date_gmt":"2025-07-07T09:45:20","guid":{"rendered":"https:\/\/dastgmures.ro\/?p=13978"},"modified":"2025-07-07T11:45:20","modified_gmt":"2025-07-07T09:45:20","slug":"tatal-are-dreptul-la-concediu-si-indemnizatie-pentru-cresterea-copilului-noutati-si-informatii-utile","status":"publish","type":"post","link":"https:\/\/dastgmures.ro\/en\/press-release\/tatal-are-dreptul-la-concediu-si-indemnizatie-pentru-cresterea-copilului-noutati-si-informatii-utile\/","title":{"rendered":"Tat\u0103l are dreptul la concediu \u0219i indemniza\u021bie pentru cre\u0219terea copilului: Nout\u0103\u021bi \u0219i informa\u021bii utile"},"content":{"rendered":"<p><strong>Press release<\/strong><\/p>\n<p><strong>T\u00e2rgu Mure\u0219, 07.07.2025<\/strong><\/p>\n<p><strong>\u00a0<\/strong><\/p>\n<p style=\"text-align: center;\"><strong>Tat\u0103l are dreptul la concediu \u0219i indemniza\u021bie pentru cre\u0219terea copilului: Nout\u0103\u021bi \u0219i informa\u021bii utile<\/strong><\/p>\n<p>\u00cen contextul legisla\u021biei actuale privind concediul \u0219i indemniza\u021bia de cre\u0219tere a copilului, Direc\u021bia de Asisten\u021b\u0103 Social\u0103 (DAS) T\u00e2rgu Mure\u0219 informeaz\u0103 to\u021bi p\u0103rin\u021bii despre drepturile lor legale \u0219i op\u021biunile disponibile \u00een ceea ce prive\u0219te concediul paternal \u0219i indemniza\u021bia pentru cre\u0219terea copilului, cu accent pe perioada pe care tat\u0103l o poate beneficia. Cele mai recente modific\u0103ri legislative cu privire la indemniza\u021bia \u0219i concediul pentru cre\u0219terea copilului au extins, de la o lun\u0103 la dou\u0103 luni, perioada dedicat\u0103 exclusiv tat\u0103lui pentru a se implica \u00een \u00eengrijirea copilului. Reglementarea este valabil\u0103 pentru familiile \u00een care mama a intrat \u00een concediul de cre\u0219tere a copilului \u00eencep\u00e2nd cu data de 19 septembrie 2023.<\/p>\n<p>Concret, \u201elunile tat\u0103lui\u201d reprezint\u0103 dreptul tat\u0103lui de a beneficia de concediul \u0219i indemniza\u021bia de cre\u0219tere a copilului, timp de cel pu\u021bin dou\u0103 luni &#8211; p\u00e2n\u0103 la \u00eemplinirea de c\u0103tre copil a v\u00e2rstei de 2 ani, respectiv 3 ani, \u00een cazul copilului cu dizabilit\u0103\u021bi, \u00een timp ce mama se \u00eentoarce la munc\u0103.<\/p>\n<p>Pentru a putea beneficia de acest drept, tat\u0103l trebuie s\u0103 fi realizat venituri timp de 12 luni \u00een ultimii 2 ani \u00eenainte de na\u0219terea copilului.<\/p>\n<p>De asemenea, legea mai prevede c\u0103 p\u0103rin\u021bii copilului nu pot beneficia \u00een acela\u0219i timp de indemniza\u021bie, concediu pentru cre\u0219terea copilului \u0219i stimulent de inser\u021bie.<\/p>\n<p>Prin urmare, dac\u0103 tat\u0103l nu solicit\u0103 acordarea concediului de cre\u0219tere a copilului, perioada de minimum dou\u0103 luni nu poate fi transferat\u0103 mamei, iar plata indemniza\u021biei de cre\u0219tere a copilului se reduce cu dou\u0103 luni.<\/p>\n<p>\u00cen plus, \u00een acest caz, mama poate beneficia de stimulent de inser\u021bie (suma oferit\u0103 de stat pentru revenirea la munc\u0103 \u00eenainte de terminarea concediului de cre\u0219tere a copilului) doar dup\u0103 ce copilul \u00eempline\u0219te v\u00e2rsta de 2 ani, respectiv 3 ani, \u00een cazul copilului cu dizabilit\u0103\u021bi.<\/p>\n<p>Indemniza\u021bia pentru cre\u0219terea copilului este calculat\u0103 \u00een func\u021bie de veniturile nete ob\u021binute de tat\u0103 \u00een ultimele 12 luni anterioare na\u0219terii copilului. Aceasta reprezint\u0103 85% din media veniturilor realizate \u00een aceast\u0103 perioad\u0103. Pentru tat\u0103l care beneficiaz\u0103 de concediu pentru cre\u0219terea copilului, indemniza\u021bia nu poate dep\u0103\u0219i suma de 8.500 de lei lunar, iar valoarea acesteia poate fi mai mic\u0103 \u00een func\u021bie de veniturile realizate anterior.<\/p>\n<p>Pe de alt\u0103 parte, legea con\u021bine \u0219i dispozi\u021bii pentru cazul \u00een care tat\u0103l nu \u00eendepline\u0219te condi\u021biile pentru care se acord\u0103 concediul de cre\u0219tere a copilului \u2013 adic\u0103, nu a realizat venituri timp de 12 luni \u00een ultimii 2 ani dinaintea na\u0219terii copilului.<\/p>\n<p>\u00centr-o astfel de situa\u021bie, mama prime\u0219te indemniza\u021bia cuvenit\u0103 tat\u0103lui.<\/p>\n<p>\u00cen concluzie, p\u0103rin\u021bii, inclusiv ta\u021bii, au dreptul de a beneficia de un concediu de cre\u0219tere a copilului \u0219i de indemniza\u021bie, care le asigur\u0103 o perioad\u0103 de timp pentru a se ocupa de \u00eengrijirea micu\u021bului. Este esen\u021bial ca p\u0103rin\u021bii s\u0103 fie informa\u021bi corect despre drepturile lor \u0219i s\u0103 depun\u0103 cererile \u00een termen pentru a beneficia de aceste ajutoare financiare.<\/p>\n<p>Persoanele care au domiciliul \u00een Municipiul T\u00e2rgu Mure\u0219 pot ob\u021bine\u00a0INFORMA\u021aII SUPLIMENTARE\u00a0despre concediul \u0219i indemniza\u021bia lunar\u0103 de cre\u0219tere a copilului la\u00a0Direc\u021bia de Asisten\u021b\u0103 Social\u0103 (DAS),\u00a0telefon: 0365\/430859, prin Whatsapp: 0725.403.315 (Luni \u0219i miercuri: 08:00 \u2013 14:30; Mar\u021bi \u0219i joi: 08:00 \u2013 16:00; Vineri: 08:00 \u2013 14:00) sau direct pe site-ul institu\u021biei <a href=\"https:\/\/dastgmures.ro\/en\/\" target=\"_blank\" rel=\"noopener\">www.dastgmures.ro<\/a>, Sec\u021biunea Beneficii de asisten\u021b\u0103 social\u0103.<\/p>\n<p style=\"text-align: center;\"><strong>T\u00e2rgu Mure\u0219 Social Assistance Department<\/strong><\/p>","protected":false},"excerpt":{"rendered":"<p>Comunicat de pres\u0103 T\u00e2rgu Mure\u0219, 07.07.2025 \u00a0 Tat\u0103l are dreptul la concediu \u0219i indemniza\u021bie pentru cre\u0219terea copilului: Nout\u0103\u021bi \u0219i informa\u021bii utile \u00cen&hellip;<\/p>","protected":false},"author":2,"featured_media":0,"comment_status":"closed","ping_status":"open","sticky":false,"template":"","format":"standard","meta":{"footnotes":""},"categories":[5],"tags":[],"class_list":["post-13978","post","type-post","status-publish","format-standard","hentry","category-comunicate-de-presa"],"yoast_head":"<!-- This site is optimized with the Yoast SEO plugin v19.13 - https:\/\/yoast.com\/wordpress\/plugins\/seo\/ -->\n<title>Tat\u0103l are dreptul la concediu \u0219i indemniza\u021bie pentru cre\u0219terea copilului: Nout\u0103\u021bi \u0219i informa\u021bii utile - Direc\u021bia de Asisten\u021b\u0103 Social\u0103 T\u00e2rgu Mure\u0219<\/title>\n<meta name=\"robots\" content=\"index, follow, max-snippet:-1, max-image-preview:large, max-video-preview:-1\" \/>\n<link rel=\"canonical\" href=\"https:\/\/dastgmures.ro\/en\/press-release\/tatal-are-dreptul-la-concediu-si-indemnizatie-pentru-cresterea-copilului-noutati-si-informatii-utile\/\" \/>\n<meta property=\"og:locale\" content=\"en_GB\" \/>\n<meta property=\"og:type\" content=\"article\" \/>\n<meta property=\"og:title\" content=\"Tat\u0103l are dreptul la concediu \u0219i indemniza\u021bie pentru cre\u0219terea copilului: Nout\u0103\u021bi \u0219i informa\u021bii utile - Direc\u021bia de Asisten\u021b\u0103 Social\u0103 T\u00e2rgu Mure\u0219\" \/>\n<meta property=\"og:description\" content=\"Comunicat de pres\u0103 T\u00e2rgu Mure\u0219, 07.07.2025 \u00a0 Tat\u0103l are dreptul la concediu \u0219i indemniza\u021bie pentru cre\u0219terea copilului: Nout\u0103\u021bi \u0219i informa\u021bii utile \u00cen&hellip;\" \/>\n<meta property=\"og:url\" content=\"https:\/\/dastgmures.ro\/en\/press-release\/tatal-are-dreptul-la-concediu-si-indemnizatie-pentru-cresterea-copilului-noutati-si-informatii-utile\/\" \/>\n<meta property=\"og:site_name\" content=\"Direc\u021bia de Asisten\u021b\u0103 Social\u0103 T\u00e2rgu Mure\u0219\" \/>\n<meta property=\"article:published_time\" content=\"2025-07-07T09:45:20+00:00\" \/>\n<meta name=\"author\" content=\"Hirlav Mariana\" \/>\n<meta name=\"twitter:card\" content=\"summary_large_image\" \/>\n<meta name=\"twitter:label1\" content=\"Written by\" \/>\n\t<meta name=\"twitter:data1\" content=\"Hirlav Mariana\" \/>\n\t<meta name=\"twitter:label2\" content=\"Estimated reading time\" \/>\n\t<meta name=\"twitter:data2\" content=\"3 minutes\" \/>\n<script type=\"application\/ld+json\" class=\"yoast-schema-graph\">{\"@context\":\"https:\/\/schema.org\",\"@graph\":[{\"@type\":\"WebPage\",\"@id\":\"https:\/\/dastgmures.ro\/comunicate-de-presa\/tatal-are-dreptul-la-concediu-si-indemnizatie-pentru-cresterea-copilului-noutati-si-informatii-utile\/\",\"url\":\"https:\/\/dastgmures.ro\/comunicate-de-presa\/tatal-are-dreptul-la-concediu-si-indemnizatie-pentru-cresterea-copilului-noutati-si-informatii-utile\/\",\"name\":\"Tat\u0103l are dreptul la concediu \u0219i indemniza\u021bie pentru cre\u0219terea copilului: Nout\u0103\u021bi \u0219i informa\u021bii utile - Direc\u021bia de Asisten\u021b\u0103 Social\u0103 T\u00e2rgu Mure\u0219\",\"isPartOf\":{\"@id\":\"https:\/\/dastgmures.ro\/#website\"},\"datePublished\":\"2025-07-07T09:45:20+00:00\",\"dateModified\":\"2025-07-07T09:45:20+00:00\",\"author\":{\"@id\":\"https:\/\/dastgmures.ro\/#\/schema\/person\/090d5ba892b6c29413e6ec4c1ffa93ff\"},\"breadcrumb\":{\"@id\":\"https:\/\/dastgmures.ro\/comunicate-de-presa\/tatal-are-dreptul-la-concediu-si-indemnizatie-pentru-cresterea-copilului-noutati-si-informatii-utile\/#breadcrumb\"},\"inLanguage\":\"en-GB\",\"potentialAction\":[{\"@type\":\"ReadAction\",\"target\":[\"https:\/\/dastgmures.ro\/comunicate-de-presa\/tatal-are-dreptul-la-concediu-si-indemnizatie-pentru-cresterea-copilului-noutati-si-informatii-utile\/\"]}]},{\"@type\":\"BreadcrumbList\",\"@id\":\"https:\/\/dastgmures.ro\/comunicate-de-presa\/tatal-are-dreptul-la-concediu-si-indemnizatie-pentru-cresterea-copilului-noutati-si-informatii-utile\/#breadcrumb\",\"itemListElement\":[{\"@type\":\"ListItem\",\"position\":1,\"name\":\"Prima pagin\u0103\",\"item\":\"https:\/\/dastgmures.ro\/\"},{\"@type\":\"ListItem\",\"position\":2,\"name\":\"Tat\u0103l are dreptul la concediu \u0219i indemniza\u021bie pentru cre\u0219terea copilului: Nout\u0103\u021bi \u0219i informa\u021bii utile\"}]},{\"@type\":\"WebSite\",\"@id\":\"https:\/\/dastgmures.ro\/#website\",\"url\":\"https:\/\/dastgmures.ro\/\",\"name\":\"Direc\u021bia de Asisten\u021b\u0103 Social\u0103 T\u00e2rgu Mure\u0219\",\"description\":\"\",\"potentialAction\":[{\"@type\":\"SearchAction\",\"target\":{\"@type\":\"EntryPoint\",\"urlTemplate\":\"https:\/\/dastgmures.ro\/?s={search_term_string}\"},\"query-input\":\"required name=search_term_string\"}],\"inLanguage\":\"en-GB\"},{\"@type\":\"Person\",\"@id\":\"https:\/\/dastgmures.ro\/#\/schema\/person\/090d5ba892b6c29413e6ec4c1ffa93ff\",\"name\":\"Hirlav Mariana\",\"image\":{\"@type\":\"ImageObject\",\"inLanguage\":\"en-GB\",\"@id\":\"https:\/\/dastgmures.ro\/#\/schema\/person\/image\/\",\"url\":\"https:\/\/secure.gravatar.com\/avatar\/844b59c83dd256e2fbea16ab729e9ebd12763bbeb25f1d84279672f9e7745da1?s=96&d=mm&r=g\",\"contentUrl\":\"https:\/\/secure.gravatar.com\/avatar\/844b59c83dd256e2fbea16ab729e9ebd12763bbeb25f1d84279672f9e7745da1?s=96&d=mm&r=g\",\"caption\":\"Hirlav Mariana\"},\"url\":\"https:\/\/dastgmures.ro\/en\/author\/hirlav-mariana\/\"}]}<\/script>\n<!-- \/ Yoast SEO plugin. -->","yoast_head_json":{"title":"Tat\u0103l are dreptul la concediu \u0219i indemniza\u021bie pentru cre\u0219terea copilului: Nout\u0103\u021bi \u0219i informa\u021bii utile - Direc\u021bia de Asisten\u021b\u0103 Social\u0103 T\u00e2rgu Mure\u0219","robots":{"index":"index","follow":"follow","max-snippet":"max-snippet:-1","max-image-preview":"max-image-preview:large","max-video-preview":"max-video-preview:-1"},"canonical":"https:\/\/dastgmures.ro\/en\/press-release\/tatal-are-dreptul-la-concediu-si-indemnizatie-pentru-cresterea-copilului-noutati-si-informatii-utile\/","og_locale":"en_GB","og_type":"article","og_title":"Tat\u0103l are dreptul la concediu \u0219i indemniza\u021bie pentru cre\u0219terea copilului: Nout\u0103\u021bi \u0219i informa\u021bii utile - Direc\u021bia de Asisten\u021b\u0103 Social\u0103 T\u00e2rgu Mure\u0219","og_description":"Comunicat de pres\u0103 T\u00e2rgu Mure\u0219, 07.07.2025 \u00a0 Tat\u0103l are dreptul la concediu \u0219i indemniza\u021bie pentru cre\u0219terea copilului: Nout\u0103\u021bi \u0219i informa\u021bii utile \u00cen&hellip;","og_url":"https:\/\/dastgmures.ro\/en\/press-release\/tatal-are-dreptul-la-concediu-si-indemnizatie-pentru-cresterea-copilului-noutati-si-informatii-utile\/","og_site_name":"Direc\u021bia de Asisten\u021b\u0103 Social\u0103 T\u00e2rgu Mure\u0219","article_published_time":"2025-07-07T09:45:20+00:00","author":"Hirlav Mariana","twitter_card":"summary_large_image","twitter_misc":{"Written by":"Hirlav Mariana","Estimated reading time":"3 minutes"},"schema":{"@context":"https:\/\/schema.org","@graph":[{"@type":"WebPage","@id":"https:\/\/dastgmures.ro\/comunicate-de-presa\/tatal-are-dreptul-la-concediu-si-indemnizatie-pentru-cresterea-copilului-noutati-si-informatii-utile\/","url":"https:\/\/dastgmures.ro\/comunicate-de-presa\/tatal-are-dreptul-la-concediu-si-indemnizatie-pentru-cresterea-copilului-noutati-si-informatii-utile\/","name":"Tat\u0103l are dreptul la concediu \u0219i indemniza\u021bie pentru cre\u0219terea copilului: Nout\u0103\u021bi \u0219i informa\u021bii utile - Direc\u021bia de Asisten\u021b\u0103 Social\u0103 T\u00e2rgu Mure\u0219","isPartOf":{"@id":"https:\/\/dastgmures.ro\/#website"},"datePublished":"2025-07-07T09:45:20+00:00","dateModified":"2025-07-07T09:45:20+00:00","author":{"@id":"https:\/\/dastgmures.ro\/#\/schema\/person\/090d5ba892b6c29413e6ec4c1ffa93ff"},"breadcrumb":{"@id":"https:\/\/dastgmures.ro\/comunicate-de-presa\/tatal-are-dreptul-la-concediu-si-indemnizatie-pentru-cresterea-copilului-noutati-si-informatii-utile\/#breadcrumb"},"inLanguage":"en-GB","potentialAction":[{"@type":"ReadAction","target":["https:\/\/dastgmures.ro\/comunicate-de-presa\/tatal-are-dreptul-la-concediu-si-indemnizatie-pentru-cresterea-copilului-noutati-si-informatii-utile\/"]}]},{"@type":"BreadcrumbList","@id":"https:\/\/dastgmures.ro\/comunicate-de-presa\/tatal-are-dreptul-la-concediu-si-indemnizatie-pentru-cresterea-copilului-noutati-si-informatii-utile\/#breadcrumb","itemListElement":[{"@type":"ListItem","position":1,"name":"Prima pagin\u0103","item":"https:\/\/dastgmures.ro\/"},{"@type":"ListItem","position":2,"name":"Tat\u0103l are dreptul la concediu \u0219i indemniza\u021bie pentru cre\u0219terea copilului: Nout\u0103\u021bi \u0219i informa\u021bii utile"}]},{"@type":"WebSite","@id":"https:\/\/dastgmures.ro\/#website","url":"https:\/\/dastgmures.ro\/","name":"Direc\u021bia de Asisten\u021b\u0103 Social\u0103 T\u00e2rgu Mure\u0219","description":"","potentialAction":[{"@type":"SearchAction","target":{"@type":"EntryPoint","urlTemplate":"https:\/\/dastgmures.ro\/?s={search_term_string}"},"query-input":"required name=search_term_string"}],"inLanguage":"en-GB"},{"@type":"Person","@id":"https:\/\/dastgmures.ro\/#\/schema\/person\/090d5ba892b6c29413e6ec4c1ffa93ff","name":"Hirlav Mariana","image":{"@type":"ImageObject","inLanguage":"en-GB","@id":"https:\/\/dastgmures.ro\/#\/schema\/person\/image\/","url":"https:\/\/secure.gravatar.com\/avatar\/844b59c83dd256e2fbea16ab729e9ebd12763bbeb25f1d84279672f9e7745da1?s=96&d=mm&r=g","contentUrl":"https:\/\/secure.gravatar.com\/avatar\/844b59c83dd256e2fbea16ab729e9ebd12763bbeb25f1d84279672f9e7745da1?s=96&d=mm&r=g","caption":"Hirlav Mariana"},"url":"https:\/\/dastgmures.ro\/en\/author\/hirlav-mariana\/"}]}},"_links":{"self":[{"href":"https:\/\/dastgmures.ro\/en\/wp-json\/wp\/v2\/posts\/13978","targetHints":{"allow":["GET"]}}],"collection":[{"href":"https:\/\/dastgmures.ro\/en\/wp-json\/wp\/v2\/posts"}],"about":[{"href":"https:\/\/dastgmures.ro\/en\/wp-json\/wp\/v2\/types\/post"}],"author":[{"embeddable":true,"href":"https:\/\/dastgmures.ro\/en\/wp-json\/wp\/v2\/users\/2"}],"replies":[{"embeddable":true,"href":"https:\/\/dastgmures.ro\/en\/wp-json\/wp\/v2\/comments?post=13978"}],"version-history":[{"count":1,"href":"https:\/\/dastgmures.ro\/en\/wp-json\/wp\/v2\/posts\/13978\/revisions"}],"predecessor-version":[{"id":13979,"href":"https:\/\/dastgmures.ro\/en\/wp-json\/wp\/v2\/posts\/13978\/revisions\/13979"}],"wp:attachment":[{"href":"https:\/\/dastgmures.ro\/en\/wp-json\/wp\/v2\/media?parent=13978"}],"wp:term":[{"taxonomy":"category","embeddable":true,"href":"https:\/\/dastgmures.ro\/en\/wp-json\/wp\/v2\/categories?post=13978"},{"taxonomy":"post_tag","embeddable":true,"href":"https:\/\/dastgmures.ro\/en\/wp-json\/wp\/v2\/tags?post=13978"}],"curies":[{"name":"wp","href":"https:\/\/api.w.org\/{rel}","templated":true}]}}