{"id":15316,"date":"2026-02-11T09:34:40","date_gmt":"2026-02-11T07:34:40","guid":{"rendered":"https:\/\/dastgmures.ro\/?p=15316"},"modified":"2026-02-11T09:34:40","modified_gmt":"2026-02-11T07:34:40","slug":"ziua-europeana-a-numarului-de-urgenta-112-25-de-ani-de-interventie-rapida-la-targu-mures","status":"publish","type":"post","link":"https:\/\/dastgmures.ro\/en\/press-release\/ziua-europeana-a-numarului-de-urgenta-112-25-de-ani-de-interventie-rapida-la-targu-mures\/","title":{"rendered":"\u00a0Ziua European\u0103 a Num\u0103rului de Urgen\u021b\u0103 112 \u2013 25 de ani de interven\u021bie rapid\u0103 la T\u00e2rgu Mure\u0219"},"content":{"rendered":"<p><strong>Press release<\/strong><\/p>\n<p><strong>T\u00e2rgu Mure\u0219, 11.02.2026<\/strong><\/p>\n<p><strong><em>\u00a0<\/em><\/strong><\/p>\n<p style=\"text-align: center;\"><strong>\u00a0<\/strong><strong>Ziua European\u0103 a Num\u0103rului de Urgen\u021b\u0103 112 \u2013 25 de ani de interven\u021bie rapid\u0103 la T\u00e2rgu Mure\u0219<\/strong><\/p>\n<p>T\u00e2rgu Mure\u0219 marcheaz\u0103 Ziua European\u0103 a Num\u0103rului de Urgen\u021b\u0103 112 prin aniversarea a 25 de ani de func\u021bionare a sistemului de dispecerizare integrat\u0103, un pilon esen\u021bial al interven\u021biilor de urgen\u021b\u0103 din Rom\u00e2nia.<\/p>\n<p>\u00cen luna martie 2001, \u00een Municipiul T\u00e2rgu Mure\u0219 a luat na\u0219tere primul Dispecerat Integrat de Urgen\u021b\u0103 din Rom\u00e2nia, un proiect pilot ini\u021biat de SMURD \u0219i Prim\u0103ria T\u00e2rgu Mure\u0219, finan\u021bat prin Programul REMSEY al Guvernului Elve\u021bian. Modelul de lucru a fost inspirat din sistemele existente \u00een statele Uniunii Europene, \u00een special din \u021b\u0103rile nordice \u2013 Finlanda \u0219i Suedia \u2013 \u0219i ulterior dezvoltat \u00een colaborare cu partenerii finlandezi.<\/p>\n<p>\u00cencep\u00e2nd cu anul 2004, Serviciul de Telecomunica\u021bii Speciale (STS) a fost desemnat administrator al Sistemului Na\u021bional Unic pentru Apeluri de Urgen\u021b\u0103 (SNUAU), av\u00e2nd responsabilitatea implement\u0103rii \u0219i func\u021bion\u0103rii la nivel na\u021bional a Num\u0103rului Unic de Urgen\u021b\u0103 112.<\/p>\n<p>Ast\u0103zi se \u00eemplinesc 25 de ani de c\u00e2nd acest sistem ofer\u0103 sprijin cet\u0103\u021benilor din T\u00e2rgu Mure\u0219, reprezent\u00e2nd speran\u021b\u0103, siguran\u021b\u0103 \u0219i ajutor imediat pentru persoanele aflate \u00een situa\u021bii critice. \u00cen cadrul Dispeceratului Integrat de Urgen\u021b\u0103 112 \u00ee\u0219i desf\u0103\u0219oar\u0103 activitatea 30 de operatori specializa\u021bi, proveni\u021bi din toate agen\u021biile de interven\u021bie, care gestioneaz\u0103 zilnic apelurile de urgen\u021b\u0103. Ace\u0219tia sunt primii care r\u0103spund solicit\u0103rilor cet\u0103\u021benilor \u0219i, prin profesionalismul \u0219i implicarea lor, pot salva vie\u021bi, bunuri \u0219i mediul \u00eenconjur\u0103tor.<\/p>\n<p>Potrivit datelor furnizate de Serviciul de Telecomunica\u021bii Speciale, \u00een anul 2025, la nivelul Dispeceratului Integrat de Urgen\u021b\u0103 112 T\u00e2rgu Mure\u0219 au fost recep\u021bionate 469.597 de apeluri. Dintre acestea:<\/p>\n<ul>\n<li>407 au fost apeluri reale de urgen\u021b\u0103<\/li>\n<li>319 au fost apeluri non-urgen\u021b\u0103, categorie care include alarme false, apeluri injurioase, apeluri silen\u021bioase, gre\u0219eli de apelare \u0219i solicit\u0103ri de informa\u021bii.<\/li>\n<\/ul>\n<p>Distribu\u021bia apelurilor direc\u021bionate c\u0103tre agen\u021biile de interven\u021bie a fost urm\u0103toarea:<\/p>\n<ul>\n<li>ISU-SMURD: 22.222 apeluri<\/li>\n<li>Serviciul de Ambulan\u021b\u0103 Jude\u021bean: 110.445 apeluri<\/li>\n<li>Inspectoratul de Poli\u021bie Jude\u021bean Mure\u0219: 44.365 apeluri<\/li>\n<li>Inspectoratul de Jandarmi Jude\u021bean: 5.464 apeluri<\/li>\n<li>Alte agen\u021bii: 2.365 apeluri<\/li>\n<\/ul>\n<p>Prin Direc\u021bia de Asisten\u021b\u0103 Social\u0103 T\u00e2rgu Mure\u0219, Dispeceratului Integrat de Urgen\u021b\u0103 112 a beneficiat de: achizi\u021bia unui nou ecran video-wall pentru urm\u0103rirea \u00een timp real \u0219i gestionarea integrat\u0103 a serviciilor de urgen\u021b\u0103 \u0219i protec\u021bie civil\u0103 \u0219i \u00een \u00eenlocuirea actual\u0103 a sistemului UPS \u00een vederea asigur\u0103rii continuit\u0103\u021bii serviciilor de dispecerat integrat, \u00eenlocuirea centralei termice, a corpurilor de iluminat, renovarea sal\u0103 principal\u0103 \u0219i sc\u0103ri exterioare aferente, precum \u0219i achizi\u021bia de scaune ergonomice de birou pentru operatori. Totodat\u0103, se dore\u0219te renovarea total\u0103 a s\u0103lii CJCCI pentru a fi adus\u0103 la un nivel tehnic actual.<\/p>\n<p>Ziua European\u0103 a Num\u0103rului de Urgen\u021b\u0103 112 reprezint\u0103 un prilej de recunoa\u0219tere a muncii depuse de operatorii \u0219i personalul implicat \u00een gestionarea situa\u021biilor de urgen\u021b\u0103, precum \u0219i un moment de con\u0219tientizare a importan\u021bei utiliz\u0103rii responsabile a acestui serviciu vital.<\/p>\n<p style=\"text-align: center;\"><strong>T\u00e2rgu Mure\u0219 Social Assistance Department<\/strong><\/p>\n<p><img decoding=\"async\" class=\"aligncenter wp-image-15318 size-full\" src=\"https:\/\/dastgmures.ro\/wp-content\/uploads\/2026\/02\/DEN05201.jpeg\" alt=\"\" width=\"2048\" height=\"1365\" srcset=\"https:\/\/dastgmures.ro\/wp-content\/uploads\/2026\/02\/DEN05201.jpeg 2048w, https:\/\/dastgmures.ro\/wp-content\/uploads\/2026\/02\/DEN05201-300x200.jpeg 300w, https:\/\/dastgmures.ro\/wp-content\/uploads\/2026\/02\/DEN05201-1024x683.jpeg 1024w, https:\/\/dastgmures.ro\/wp-content\/uploads\/2026\/02\/DEN05201-768x512.jpeg 768w, https:\/\/dastgmures.ro\/wp-content\/uploads\/2026\/02\/DEN05201-1536x1024.jpeg 1536w, https:\/\/dastgmures.ro\/wp-content\/uploads\/2026\/02\/DEN05201-18x12.jpeg 18w, https:\/\/dastgmures.ro\/wp-content\/uploads\/2026\/02\/DEN05201-1920x1280.jpeg 1920w, https:\/\/dastgmures.ro\/wp-content\/uploads\/2026\/02\/DEN05201-1170x780.jpeg 1170w, https:\/\/dastgmures.ro\/wp-content\/uploads\/2026\/02\/DEN05201-585x390.jpeg 585w, https:\/\/dastgmures.ro\/wp-content\/uploads\/2026\/02\/DEN05201-263x175.jpeg 263w\" sizes=\"(max-width: 2048px) 100vw, 2048px\" \/><\/p>","protected":false},"excerpt":{"rendered":"<p>Comunicat de pres\u0103 T\u00e2rgu Mure\u0219, 11.02.2026 \u00a0 \u00a0Ziua European\u0103 a Num\u0103rului de Urgen\u021b\u0103 112 \u2013 25 de ani de interven\u021bie rapid\u0103 la&hellip;<\/p>","protected":false},"author":2,"featured_media":0,"comment_status":"closed","ping_status":"open","sticky":false,"template":"","format":"standard","meta":{"footnotes":""},"categories":[5],"tags":[],"class_list":["post-15316","post","type-post","status-publish","format-standard","hentry","category-comunicate-de-presa"],"yoast_head":"<!-- This site is optimized with the Yoast SEO plugin v19.13 - https:\/\/yoast.com\/wordpress\/plugins\/seo\/ -->\n<title>\u00a0Ziua European\u0103 a Num\u0103rului de Urgen\u021b\u0103 112 \u2013 25 de ani de interven\u021bie rapid\u0103 la T\u00e2rgu Mure\u0219 - Direc\u021bia de Asisten\u021b\u0103 Social\u0103 T\u00e2rgu Mure\u0219<\/title>\n<meta name=\"robots\" content=\"index, follow, max-snippet:-1, max-image-preview:large, max-video-preview:-1\" \/>\n<link rel=\"canonical\" href=\"https:\/\/dastgmures.ro\/en\/press-release\/ziua-europeana-a-numarului-de-urgenta-112-25-de-ani-de-interventie-rapida-la-targu-mures\/\" \/>\n<meta property=\"og:locale\" content=\"en_GB\" \/>\n<meta property=\"og:type\" content=\"article\" \/>\n<meta property=\"og:title\" content=\"\u00a0Ziua European\u0103 a Num\u0103rului de Urgen\u021b\u0103 112 \u2013 25 de ani de interven\u021bie rapid\u0103 la T\u00e2rgu Mure\u0219 - Direc\u021bia de Asisten\u021b\u0103 Social\u0103 T\u00e2rgu Mure\u0219\" \/>\n<meta property=\"og:description\" content=\"Comunicat de pres\u0103 T\u00e2rgu Mure\u0219, 11.02.2026 \u00a0 \u00a0Ziua European\u0103 a Num\u0103rului de Urgen\u021b\u0103 112 \u2013 25 de ani de interven\u021bie rapid\u0103 la&hellip;\" \/>\n<meta property=\"og:url\" content=\"https:\/\/dastgmures.ro\/en\/press-release\/ziua-europeana-a-numarului-de-urgenta-112-25-de-ani-de-interventie-rapida-la-targu-mures\/\" \/>\n<meta property=\"og:site_name\" content=\"Direc\u021bia de Asisten\u021b\u0103 Social\u0103 T\u00e2rgu Mure\u0219\" \/>\n<meta property=\"article:published_time\" content=\"2026-02-11T07:34:40+00:00\" \/>\n<meta property=\"og:image\" content=\"https:\/\/dastgmures.ro\/wp-content\/uploads\/2026\/02\/DEN05201.jpeg\" \/>\n<meta name=\"author\" content=\"Hirlav Mariana\" \/>\n<meta name=\"twitter:card\" content=\"summary_large_image\" \/>\n<meta name=\"twitter:label1\" content=\"Written by\" \/>\n\t<meta name=\"twitter:data1\" content=\"Hirlav Mariana\" \/>\n\t<meta name=\"twitter:label2\" content=\"Estimated reading time\" \/>\n\t<meta name=\"twitter:data2\" content=\"3 minutes\" \/>\n<script type=\"application\/ld+json\" class=\"yoast-schema-graph\">{\"@context\":\"https:\/\/schema.org\",\"@graph\":[{\"@type\":\"WebPage\",\"@id\":\"https:\/\/dastgmures.ro\/comunicate-de-presa\/ziua-europeana-a-numarului-de-urgenta-112-25-de-ani-de-interventie-rapida-la-targu-mures\/\",\"url\":\"https:\/\/dastgmures.ro\/comunicate-de-presa\/ziua-europeana-a-numarului-de-urgenta-112-25-de-ani-de-interventie-rapida-la-targu-mures\/\",\"name\":\"\u00a0Ziua European\u0103 a Num\u0103rului de Urgen\u021b\u0103 112 \u2013 25 de ani de interven\u021bie rapid\u0103 la T\u00e2rgu Mure\u0219 - Direc\u021bia de Asisten\u021b\u0103 Social\u0103 T\u00e2rgu Mure\u0219\",\"isPartOf\":{\"@id\":\"https:\/\/dastgmures.ro\/#website\"},\"datePublished\":\"2026-02-11T07:34:40+00:00\",\"dateModified\":\"2026-02-11T07:34:40+00:00\",\"author\":{\"@id\":\"https:\/\/dastgmures.ro\/#\/schema\/person\/090d5ba892b6c29413e6ec4c1ffa93ff\"},\"breadcrumb\":{\"@id\":\"https:\/\/dastgmures.ro\/comunicate-de-presa\/ziua-europeana-a-numarului-de-urgenta-112-25-de-ani-de-interventie-rapida-la-targu-mures\/#breadcrumb\"},\"inLanguage\":\"en-GB\",\"potentialAction\":[{\"@type\":\"ReadAction\",\"target\":[\"https:\/\/dastgmures.ro\/comunicate-de-presa\/ziua-europeana-a-numarului-de-urgenta-112-25-de-ani-de-interventie-rapida-la-targu-mures\/\"]}]},{\"@type\":\"BreadcrumbList\",\"@id\":\"https:\/\/dastgmures.ro\/comunicate-de-presa\/ziua-europeana-a-numarului-de-urgenta-112-25-de-ani-de-interventie-rapida-la-targu-mures\/#breadcrumb\",\"itemListElement\":[{\"@type\":\"ListItem\",\"position\":1,\"name\":\"Prima pagin\u0103\",\"item\":\"https:\/\/dastgmures.ro\/\"},{\"@type\":\"ListItem\",\"position\":2,\"name\":\"\u00a0Ziua European\u0103 a Num\u0103rului de Urgen\u021b\u0103 112 \u2013 25 de ani de interven\u021bie rapid\u0103 la T\u00e2rgu Mure\u0219\"}]},{\"@type\":\"WebSite\",\"@id\":\"https:\/\/dastgmures.ro\/#website\",\"url\":\"https:\/\/dastgmures.ro\/\",\"name\":\"Direc\u021bia de Asisten\u021b\u0103 Social\u0103 T\u00e2rgu Mure\u0219\",\"description\":\"\",\"potentialAction\":[{\"@type\":\"SearchAction\",\"target\":{\"@type\":\"EntryPoint\",\"urlTemplate\":\"https:\/\/dastgmures.ro\/?s={search_term_string}\"},\"query-input\":\"required name=search_term_string\"}],\"inLanguage\":\"en-GB\"},{\"@type\":\"Person\",\"@id\":\"https:\/\/dastgmures.ro\/#\/schema\/person\/090d5ba892b6c29413e6ec4c1ffa93ff\",\"name\":\"Hirlav Mariana\",\"image\":{\"@type\":\"ImageObject\",\"inLanguage\":\"en-GB\",\"@id\":\"https:\/\/dastgmures.ro\/#\/schema\/person\/image\/\",\"url\":\"https:\/\/secure.gravatar.com\/avatar\/844b59c83dd256e2fbea16ab729e9ebd12763bbeb25f1d84279672f9e7745da1?s=96&d=mm&r=g\",\"contentUrl\":\"https:\/\/secure.gravatar.com\/avatar\/844b59c83dd256e2fbea16ab729e9ebd12763bbeb25f1d84279672f9e7745da1?s=96&d=mm&r=g\",\"caption\":\"Hirlav Mariana\"},\"url\":\"https:\/\/dastgmures.ro\/en\/author\/hirlav-mariana\/\"}]}<\/script>\n<!-- \/ Yoast SEO plugin. -->","yoast_head_json":{"title":"\u00a0Ziua European\u0103 a Num\u0103rului de Urgen\u021b\u0103 112 \u2013 25 de ani de interven\u021bie rapid\u0103 la T\u00e2rgu Mure\u0219 - Direc\u021bia de Asisten\u021b\u0103 Social\u0103 T\u00e2rgu Mure\u0219","robots":{"index":"index","follow":"follow","max-snippet":"max-snippet:-1","max-image-preview":"max-image-preview:large","max-video-preview":"max-video-preview:-1"},"canonical":"https:\/\/dastgmures.ro\/en\/press-release\/ziua-europeana-a-numarului-de-urgenta-112-25-de-ani-de-interventie-rapida-la-targu-mures\/","og_locale":"en_GB","og_type":"article","og_title":"\u00a0Ziua European\u0103 a Num\u0103rului de Urgen\u021b\u0103 112 \u2013 25 de ani de interven\u021bie rapid\u0103 la T\u00e2rgu Mure\u0219 - Direc\u021bia de Asisten\u021b\u0103 Social\u0103 T\u00e2rgu Mure\u0219","og_description":"Comunicat de pres\u0103 T\u00e2rgu Mure\u0219, 11.02.2026 \u00a0 \u00a0Ziua European\u0103 a Num\u0103rului de Urgen\u021b\u0103 112 \u2013 25 de ani de interven\u021bie rapid\u0103 la&hellip;","og_url":"https:\/\/dastgmures.ro\/en\/press-release\/ziua-europeana-a-numarului-de-urgenta-112-25-de-ani-de-interventie-rapida-la-targu-mures\/","og_site_name":"Direc\u021bia de Asisten\u021b\u0103 Social\u0103 T\u00e2rgu Mure\u0219","article_published_time":"2026-02-11T07:34:40+00:00","og_image":[{"url":"https:\/\/dastgmures.ro\/wp-content\/uploads\/2026\/02\/DEN05201.jpeg"}],"author":"Hirlav Mariana","twitter_card":"summary_large_image","twitter_misc":{"Written by":"Hirlav Mariana","Estimated reading time":"3 minutes"},"schema":{"@context":"https:\/\/schema.org","@graph":[{"@type":"WebPage","@id":"https:\/\/dastgmures.ro\/comunicate-de-presa\/ziua-europeana-a-numarului-de-urgenta-112-25-de-ani-de-interventie-rapida-la-targu-mures\/","url":"https:\/\/dastgmures.ro\/comunicate-de-presa\/ziua-europeana-a-numarului-de-urgenta-112-25-de-ani-de-interventie-rapida-la-targu-mures\/","name":"\u00a0Ziua European\u0103 a Num\u0103rului de Urgen\u021b\u0103 112 \u2013 25 de ani de interven\u021bie rapid\u0103 la T\u00e2rgu Mure\u0219 - Direc\u021bia de Asisten\u021b\u0103 Social\u0103 T\u00e2rgu Mure\u0219","isPartOf":{"@id":"https:\/\/dastgmures.ro\/#website"},"datePublished":"2026-02-11T07:34:40+00:00","dateModified":"2026-02-11T07:34:40+00:00","author":{"@id":"https:\/\/dastgmures.ro\/#\/schema\/person\/090d5ba892b6c29413e6ec4c1ffa93ff"},"breadcrumb":{"@id":"https:\/\/dastgmures.ro\/comunicate-de-presa\/ziua-europeana-a-numarului-de-urgenta-112-25-de-ani-de-interventie-rapida-la-targu-mures\/#breadcrumb"},"inLanguage":"en-GB","potentialAction":[{"@type":"ReadAction","target":["https:\/\/dastgmures.ro\/comunicate-de-presa\/ziua-europeana-a-numarului-de-urgenta-112-25-de-ani-de-interventie-rapida-la-targu-mures\/"]}]},{"@type":"BreadcrumbList","@id":"https:\/\/dastgmures.ro\/comunicate-de-presa\/ziua-europeana-a-numarului-de-urgenta-112-25-de-ani-de-interventie-rapida-la-targu-mures\/#breadcrumb","itemListElement":[{"@type":"ListItem","position":1,"name":"Prima pagin\u0103","item":"https:\/\/dastgmures.ro\/"},{"@type":"ListItem","position":2,"name":"\u00a0Ziua European\u0103 a Num\u0103rului de Urgen\u021b\u0103 112 \u2013 25 de ani de interven\u021bie rapid\u0103 la T\u00e2rgu Mure\u0219"}]},{"@type":"WebSite","@id":"https:\/\/dastgmures.ro\/#website","url":"https:\/\/dastgmures.ro\/","name":"Direc\u021bia de Asisten\u021b\u0103 Social\u0103 T\u00e2rgu Mure\u0219","description":"","potentialAction":[{"@type":"SearchAction","target":{"@type":"EntryPoint","urlTemplate":"https:\/\/dastgmures.ro\/?s={search_term_string}"},"query-input":"required name=search_term_string"}],"inLanguage":"en-GB"},{"@type":"Person","@id":"https:\/\/dastgmures.ro\/#\/schema\/person\/090d5ba892b6c29413e6ec4c1ffa93ff","name":"Hirlav Mariana","image":{"@type":"ImageObject","inLanguage":"en-GB","@id":"https:\/\/dastgmures.ro\/#\/schema\/person\/image\/","url":"https:\/\/secure.gravatar.com\/avatar\/844b59c83dd256e2fbea16ab729e9ebd12763bbeb25f1d84279672f9e7745da1?s=96&d=mm&r=g","contentUrl":"https:\/\/secure.gravatar.com\/avatar\/844b59c83dd256e2fbea16ab729e9ebd12763bbeb25f1d84279672f9e7745da1?s=96&d=mm&r=g","caption":"Hirlav Mariana"},"url":"https:\/\/dastgmures.ro\/en\/author\/hirlav-mariana\/"}]}},"_links":{"self":[{"href":"https:\/\/dastgmures.ro\/en\/wp-json\/wp\/v2\/posts\/15316","targetHints":{"allow":["GET"]}}],"collection":[{"href":"https:\/\/dastgmures.ro\/en\/wp-json\/wp\/v2\/posts"}],"about":[{"href":"https:\/\/dastgmures.ro\/en\/wp-json\/wp\/v2\/types\/post"}],"author":[{"embeddable":true,"href":"https:\/\/dastgmures.ro\/en\/wp-json\/wp\/v2\/users\/2"}],"replies":[{"embeddable":true,"href":"https:\/\/dastgmures.ro\/en\/wp-json\/wp\/v2\/comments?post=15316"}],"version-history":[{"count":2,"href":"https:\/\/dastgmures.ro\/en\/wp-json\/wp\/v2\/posts\/15316\/revisions"}],"predecessor-version":[{"id":15319,"href":"https:\/\/dastgmures.ro\/en\/wp-json\/wp\/v2\/posts\/15316\/revisions\/15319"}],"wp:attachment":[{"href":"https:\/\/dastgmures.ro\/en\/wp-json\/wp\/v2\/media?parent=15316"}],"wp:term":[{"taxonomy":"category","embeddable":true,"href":"https:\/\/dastgmures.ro\/en\/wp-json\/wp\/v2\/categories?post=15316"},{"taxonomy":"post_tag","embeddable":true,"href":"https:\/\/dastgmures.ro\/en\/wp-json\/wp\/v2\/tags?post=15316"}],"curies":[{"name":"wp","href":"https:\/\/api.w.org\/{rel}","templated":true}]}}