{"id":15429,"date":"2026-03-13T10:28:58","date_gmt":"2026-03-13T08:28:58","guid":{"rendered":"https:\/\/dastgmures.ro\/?p=15429"},"modified":"2026-03-13T10:28:58","modified_gmt":"2026-03-13T08:28:58","slug":"asistenta-sociala-aproape-de-tine-maraton-de-informare-in-cartierele-municipiului-targu-mures-2","status":"publish","type":"post","link":"https:\/\/dastgmures.ro\/en\/news\/asistenta-sociala-aproape-de-tine-maraton-de-informare-in-cartierele-municipiului-targu-mures-2\/","title":{"rendered":"\u201eAsisten\u021ba Social\u0103 aproape de tine\u201d \u2013 Maraton de informare \u00een cartierele Municipiului T\u00e2rgu Mure\u0219"},"content":{"rendered":"<p><strong>Announcement <\/strong><\/p>\n<p><strong>T\u00e2rgu Mure\u0219, 13.03.2026<\/strong><\/p>\n<p><strong>\u00a0<\/strong><\/p>\n<p style=\"text-align: center;\"><strong>\u00a0<\/strong><strong>\u201eAsisten\u021ba Social\u0103 aproape de tine\u201d \u2013 Maraton de informare \u00een cartierele Municipiului T\u00e2rgu Mure\u0219 <\/strong><\/p>\n<p>Cu ocazia <strong>Zilei Mondiale a Asisten\u021bei Sociale<\/strong>, Direc\u021bia de Asisten\u021b\u0103 Social\u0103 (DAS) T\u00e2rgu Mure\u0219 organizeaz\u0103 mar\u021bi, <strong>17 martie 2026<\/strong>,\u00a0campania<strong> \u201eAsisten\u021ba Social\u0103 aproape de tine\u201d \u2013 Maraton de informare privind serviciile \u0219i beneficiile sociale<\/strong> oferite cet\u0103\u021benilor.<\/p>\n<p>Prin aceast\u0103 ini\u021biativ\u0103, speciali\u0219tii Direc\u021biei de Asisten\u021b\u0103 Social\u0103 vor fi prezen\u021bi \u00een mai multe cartiere ale municipiului pentru a oferi informa\u021bii despre serviciile sociale disponibile, beneficiile la care pot avea acces cet\u0103\u021benii, precum \u0219i modalit\u0103\u021bile de solicitare a acestora.<\/p>\n<p>Colegii no\u0219tri v\u0103 a\u0219teapt\u0103 \u00een urm\u0103toarele loca\u021bii:<\/p>\n<ul>\n<li><strong>Cartierul Mure\u0219eni<\/strong>\n<ul>\n<li>ora 10:00 \u2013 Parcul din fa\u021ba magazinului Profi<\/li>\n<li>ora 11:30 \u2013 Centrul Multifunc\u021bional, strada Dealului<\/li>\n<\/ul>\n<\/li>\n<li><strong>Cartierul Tudor<\/strong>\n<ul>\n<li>ora 10:00 \u2013 Parcul Diamant<\/li>\n<li>ora 11:30 \u2013 Valea Rece<\/li>\n<\/ul>\n<\/li>\n<li><strong>Cartierele Rovinari \u0219i D\u00e2mbu Pietros<\/strong>\n<ul>\n<li>ora 10:00 \u2013 D\u00e2mbu Pietros (Parcul din fa\u021ba Ansamblului Mure\u0219ul)<\/li>\n<li>ora 11:30 \u2013 Rovinari<\/li>\n<\/ul>\n<\/li>\n<li><strong>Cartierul Unirii<\/strong>\n<ul>\n<li>ora 10:00 \u2013 \u00een fa\u021ba magazinului Darina<\/li>\n<li>ora 11:30 \u2013 Remetea, zona platoului<\/li>\n<\/ul>\n<\/li>\n<\/ul>\n<p>Invit\u0103m to\u021bi cet\u0103\u021benii interesa\u021bi s\u0103 participe pentru a afla informa\u021bii utile despre serviciile \u0219i beneficiile de asisten\u021b\u0103 social\u0103 disponibile \u00een Municipiul T\u00e2rgu Mure\u0219.<\/p>\n<p>Direc\u021bia de Asisten\u021b\u0103 Social\u0103 T\u00e2rgu Mure\u0219 \u00ee\u0219i reafirm\u0103 angajamentul de a fi aproape de comunitate, promov\u00e2nd accesul echitabil la servicii \u0219i beneficii sociale pentru to\u021bi cet\u0103\u021benii municipiului.<\/p>\n<p style=\"text-align: center;\"><strong>T\u00e2rgu Mure\u0219 Social Assistance Department<\/strong><\/p>\n<p><img decoding=\"async\" class=\"aligncenter wp-image-15422 size-full\" src=\"https:\/\/dastgmures.ro\/wp-content\/uploads\/2026\/03\/Afis-Maraton-Ziua-Asistentei-Sociale.png\" alt=\"\" width=\"1414\" height=\"2000\" \/><\/p>\n<p><strong>\u00a0<\/strong><\/p>","protected":false},"excerpt":{"rendered":"<p>Anun\u021b T\u00e2rgu Mure\u0219, 13.03.2026 \u00a0 \u00a0\u201eAsisten\u021ba Social\u0103 aproape de tine\u201d \u2013 Maraton de informare \u00een cartierele Municipiului T\u00e2rgu Mure\u0219 Cu ocazia Zilei&hellip;<\/p>","protected":false},"author":2,"featured_media":0,"comment_status":"closed","ping_status":"open","sticky":false,"template":"","format":"standard","meta":{"footnotes":""},"categories":[3],"tags":[],"class_list":["post-15429","post","type-post","status-publish","format-standard","hentry","category-stiri"],"yoast_head":"<!-- This site is optimized with the Yoast SEO plugin v19.13 - https:\/\/yoast.com\/wordpress\/plugins\/seo\/ -->\n<title>\u201eAsisten\u021ba Social\u0103 aproape de tine\u201d \u2013 Maraton de informare \u00een cartierele Municipiului T\u00e2rgu Mure\u0219 - Direc\u021bia de Asisten\u021b\u0103 Social\u0103 T\u00e2rgu Mure\u0219<\/title>\n<meta name=\"robots\" content=\"index, follow, max-snippet:-1, max-image-preview:large, max-video-preview:-1\" \/>\n<link rel=\"canonical\" href=\"https:\/\/dastgmures.ro\/en\/news\/asistenta-sociala-aproape-de-tine-maraton-de-informare-in-cartierele-municipiului-targu-mures-2\/\" \/>\n<meta property=\"og:locale\" content=\"en_GB\" \/>\n<meta property=\"og:type\" content=\"article\" \/>\n<meta property=\"og:title\" content=\"\u201eAsisten\u021ba Social\u0103 aproape de tine\u201d \u2013 Maraton de informare \u00een cartierele Municipiului T\u00e2rgu Mure\u0219 - Direc\u021bia de Asisten\u021b\u0103 Social\u0103 T\u00e2rgu Mure\u0219\" \/>\n<meta property=\"og:description\" content=\"Anun\u021b T\u00e2rgu Mure\u0219, 13.03.2026 \u00a0 \u00a0\u201eAsisten\u021ba Social\u0103 aproape de tine\u201d \u2013 Maraton de informare \u00een cartierele Municipiului T\u00e2rgu Mure\u0219 Cu ocazia Zilei&hellip;\" \/>\n<meta property=\"og:url\" content=\"https:\/\/dastgmures.ro\/en\/news\/asistenta-sociala-aproape-de-tine-maraton-de-informare-in-cartierele-municipiului-targu-mures-2\/\" \/>\n<meta property=\"og:site_name\" content=\"Direc\u021bia de Asisten\u021b\u0103 Social\u0103 T\u00e2rgu Mure\u0219\" \/>\n<meta property=\"article:published_time\" content=\"2026-03-13T08:28:58+00:00\" \/>\n<meta property=\"og:image\" content=\"https:\/\/dastgmures.ro\/wp-content\/uploads\/2026\/03\/Afis-Maraton-Ziua-Asistentei-Sociale.png\" \/>\n<meta name=\"author\" content=\"Hirlav Mariana\" \/>\n<meta name=\"twitter:card\" content=\"summary_large_image\" \/>\n<meta name=\"twitter:label1\" content=\"Written by\" \/>\n\t<meta name=\"twitter:data1\" content=\"Hirlav Mariana\" \/>\n\t<meta name=\"twitter:label2\" content=\"Estimated reading time\" \/>\n\t<meta name=\"twitter:data2\" content=\"2 minutes\" \/>\n<script type=\"application\/ld+json\" class=\"yoast-schema-graph\">{\"@context\":\"https:\/\/schema.org\",\"@graph\":[{\"@type\":\"WebPage\",\"@id\":\"https:\/\/dastgmures.ro\/stiri\/asistenta-sociala-aproape-de-tine-maraton-de-informare-in-cartierele-municipiului-targu-mures-2\/\",\"url\":\"https:\/\/dastgmures.ro\/stiri\/asistenta-sociala-aproape-de-tine-maraton-de-informare-in-cartierele-municipiului-targu-mures-2\/\",\"name\":\"\u201eAsisten\u021ba Social\u0103 aproape de tine\u201d \u2013 Maraton de informare \u00een cartierele Municipiului T\u00e2rgu Mure\u0219 - Direc\u021bia de Asisten\u021b\u0103 Social\u0103 T\u00e2rgu Mure\u0219\",\"isPartOf\":{\"@id\":\"https:\/\/dastgmures.ro\/#website\"},\"datePublished\":\"2026-03-13T08:28:58+00:00\",\"dateModified\":\"2026-03-13T08:28:58+00:00\",\"author\":{\"@id\":\"https:\/\/dastgmures.ro\/#\/schema\/person\/090d5ba892b6c29413e6ec4c1ffa93ff\"},\"breadcrumb\":{\"@id\":\"https:\/\/dastgmures.ro\/stiri\/asistenta-sociala-aproape-de-tine-maraton-de-informare-in-cartierele-municipiului-targu-mures-2\/#breadcrumb\"},\"inLanguage\":\"en-GB\",\"potentialAction\":[{\"@type\":\"ReadAction\",\"target\":[\"https:\/\/dastgmures.ro\/stiri\/asistenta-sociala-aproape-de-tine-maraton-de-informare-in-cartierele-municipiului-targu-mures-2\/\"]}]},{\"@type\":\"BreadcrumbList\",\"@id\":\"https:\/\/dastgmures.ro\/stiri\/asistenta-sociala-aproape-de-tine-maraton-de-informare-in-cartierele-municipiului-targu-mures-2\/#breadcrumb\",\"itemListElement\":[{\"@type\":\"ListItem\",\"position\":1,\"name\":\"Prima pagin\u0103\",\"item\":\"https:\/\/dastgmures.ro\/\"},{\"@type\":\"ListItem\",\"position\":2,\"name\":\"\u201eAsisten\u021ba Social\u0103 aproape de tine\u201d \u2013 Maraton de informare \u00een cartierele Municipiului T\u00e2rgu Mure\u0219\"}]},{\"@type\":\"WebSite\",\"@id\":\"https:\/\/dastgmures.ro\/#website\",\"url\":\"https:\/\/dastgmures.ro\/\",\"name\":\"Direc\u021bia de Asisten\u021b\u0103 Social\u0103 T\u00e2rgu Mure\u0219\",\"description\":\"\",\"potentialAction\":[{\"@type\":\"SearchAction\",\"target\":{\"@type\":\"EntryPoint\",\"urlTemplate\":\"https:\/\/dastgmures.ro\/?s={search_term_string}\"},\"query-input\":\"required name=search_term_string\"}],\"inLanguage\":\"en-GB\"},{\"@type\":\"Person\",\"@id\":\"https:\/\/dastgmures.ro\/#\/schema\/person\/090d5ba892b6c29413e6ec4c1ffa93ff\",\"name\":\"Hirlav Mariana\",\"image\":{\"@type\":\"ImageObject\",\"inLanguage\":\"en-GB\",\"@id\":\"https:\/\/dastgmures.ro\/#\/schema\/person\/image\/\",\"url\":\"https:\/\/secure.gravatar.com\/avatar\/844b59c83dd256e2fbea16ab729e9ebd12763bbeb25f1d84279672f9e7745da1?s=96&d=mm&r=g\",\"contentUrl\":\"https:\/\/secure.gravatar.com\/avatar\/844b59c83dd256e2fbea16ab729e9ebd12763bbeb25f1d84279672f9e7745da1?s=96&d=mm&r=g\",\"caption\":\"Hirlav Mariana\"},\"url\":\"https:\/\/dastgmures.ro\/en\/author\/hirlav-mariana\/\"}]}<\/script>\n<!-- \/ Yoast SEO plugin. -->","yoast_head_json":{"title":"\u201eAsisten\u021ba Social\u0103 aproape de tine\u201d \u2013 Maraton de informare \u00een cartierele Municipiului T\u00e2rgu Mure\u0219 - Direc\u021bia de Asisten\u021b\u0103 Social\u0103 T\u00e2rgu Mure\u0219","robots":{"index":"index","follow":"follow","max-snippet":"max-snippet:-1","max-image-preview":"max-image-preview:large","max-video-preview":"max-video-preview:-1"},"canonical":"https:\/\/dastgmures.ro\/en\/news\/asistenta-sociala-aproape-de-tine-maraton-de-informare-in-cartierele-municipiului-targu-mures-2\/","og_locale":"en_GB","og_type":"article","og_title":"\u201eAsisten\u021ba Social\u0103 aproape de tine\u201d \u2013 Maraton de informare \u00een cartierele Municipiului T\u00e2rgu Mure\u0219 - Direc\u021bia de Asisten\u021b\u0103 Social\u0103 T\u00e2rgu Mure\u0219","og_description":"Anun\u021b T\u00e2rgu Mure\u0219, 13.03.2026 \u00a0 \u00a0\u201eAsisten\u021ba Social\u0103 aproape de tine\u201d \u2013 Maraton de informare \u00een cartierele Municipiului T\u00e2rgu Mure\u0219 Cu ocazia Zilei&hellip;","og_url":"https:\/\/dastgmures.ro\/en\/news\/asistenta-sociala-aproape-de-tine-maraton-de-informare-in-cartierele-municipiului-targu-mures-2\/","og_site_name":"Direc\u021bia de Asisten\u021b\u0103 Social\u0103 T\u00e2rgu Mure\u0219","article_published_time":"2026-03-13T08:28:58+00:00","og_image":[{"url":"https:\/\/dastgmures.ro\/wp-content\/uploads\/2026\/03\/Afis-Maraton-Ziua-Asistentei-Sociale.png"}],"author":"Hirlav Mariana","twitter_card":"summary_large_image","twitter_misc":{"Written by":"Hirlav Mariana","Estimated reading time":"2 minutes"},"schema":{"@context":"https:\/\/schema.org","@graph":[{"@type":"WebPage","@id":"https:\/\/dastgmures.ro\/stiri\/asistenta-sociala-aproape-de-tine-maraton-de-informare-in-cartierele-municipiului-targu-mures-2\/","url":"https:\/\/dastgmures.ro\/stiri\/asistenta-sociala-aproape-de-tine-maraton-de-informare-in-cartierele-municipiului-targu-mures-2\/","name":"\u201eAsisten\u021ba Social\u0103 aproape de tine\u201d \u2013 Maraton de informare \u00een cartierele Municipiului T\u00e2rgu Mure\u0219 - Direc\u021bia de Asisten\u021b\u0103 Social\u0103 T\u00e2rgu Mure\u0219","isPartOf":{"@id":"https:\/\/dastgmures.ro\/#website"},"datePublished":"2026-03-13T08:28:58+00:00","dateModified":"2026-03-13T08:28:58+00:00","author":{"@id":"https:\/\/dastgmures.ro\/#\/schema\/person\/090d5ba892b6c29413e6ec4c1ffa93ff"},"breadcrumb":{"@id":"https:\/\/dastgmures.ro\/stiri\/asistenta-sociala-aproape-de-tine-maraton-de-informare-in-cartierele-municipiului-targu-mures-2\/#breadcrumb"},"inLanguage":"en-GB","potentialAction":[{"@type":"ReadAction","target":["https:\/\/dastgmures.ro\/stiri\/asistenta-sociala-aproape-de-tine-maraton-de-informare-in-cartierele-municipiului-targu-mures-2\/"]}]},{"@type":"BreadcrumbList","@id":"https:\/\/dastgmures.ro\/stiri\/asistenta-sociala-aproape-de-tine-maraton-de-informare-in-cartierele-municipiului-targu-mures-2\/#breadcrumb","itemListElement":[{"@type":"ListItem","position":1,"name":"Prima pagin\u0103","item":"https:\/\/dastgmures.ro\/"},{"@type":"ListItem","position":2,"name":"\u201eAsisten\u021ba Social\u0103 aproape de tine\u201d \u2013 Maraton de informare \u00een cartierele Municipiului T\u00e2rgu Mure\u0219"}]},{"@type":"WebSite","@id":"https:\/\/dastgmures.ro\/#website","url":"https:\/\/dastgmures.ro\/","name":"Direc\u021bia de Asisten\u021b\u0103 Social\u0103 T\u00e2rgu Mure\u0219","description":"","potentialAction":[{"@type":"SearchAction","target":{"@type":"EntryPoint","urlTemplate":"https:\/\/dastgmures.ro\/?s={search_term_string}"},"query-input":"required name=search_term_string"}],"inLanguage":"en-GB"},{"@type":"Person","@id":"https:\/\/dastgmures.ro\/#\/schema\/person\/090d5ba892b6c29413e6ec4c1ffa93ff","name":"Hirlav Mariana","image":{"@type":"ImageObject","inLanguage":"en-GB","@id":"https:\/\/dastgmures.ro\/#\/schema\/person\/image\/","url":"https:\/\/secure.gravatar.com\/avatar\/844b59c83dd256e2fbea16ab729e9ebd12763bbeb25f1d84279672f9e7745da1?s=96&d=mm&r=g","contentUrl":"https:\/\/secure.gravatar.com\/avatar\/844b59c83dd256e2fbea16ab729e9ebd12763bbeb25f1d84279672f9e7745da1?s=96&d=mm&r=g","caption":"Hirlav Mariana"},"url":"https:\/\/dastgmures.ro\/en\/author\/hirlav-mariana\/"}]}},"_links":{"self":[{"href":"https:\/\/dastgmures.ro\/en\/wp-json\/wp\/v2\/posts\/15429","targetHints":{"allow":["GET"]}}],"collection":[{"href":"https:\/\/dastgmures.ro\/en\/wp-json\/wp\/v2\/posts"}],"about":[{"href":"https:\/\/dastgmures.ro\/en\/wp-json\/wp\/v2\/types\/post"}],"author":[{"embeddable":true,"href":"https:\/\/dastgmures.ro\/en\/wp-json\/wp\/v2\/users\/2"}],"replies":[{"embeddable":true,"href":"https:\/\/dastgmures.ro\/en\/wp-json\/wp\/v2\/comments?post=15429"}],"version-history":[{"count":1,"href":"https:\/\/dastgmures.ro\/en\/wp-json\/wp\/v2\/posts\/15429\/revisions"}],"predecessor-version":[{"id":15430,"href":"https:\/\/dastgmures.ro\/en\/wp-json\/wp\/v2\/posts\/15429\/revisions\/15430"}],"wp:attachment":[{"href":"https:\/\/dastgmures.ro\/en\/wp-json\/wp\/v2\/media?parent=15429"}],"wp:term":[{"taxonomy":"category","embeddable":true,"href":"https:\/\/dastgmures.ro\/en\/wp-json\/wp\/v2\/categories?post=15429"},{"taxonomy":"post_tag","embeddable":true,"href":"https:\/\/dastgmures.ro\/en\/wp-json\/wp\/v2\/tags?post=15429"}],"curies":[{"name":"wp","href":"https:\/\/api.w.org\/{rel}","templated":true}]}}