{"id":3442,"date":"2022-09-30T08:45:25","date_gmt":"2022-09-30T08:45:25","guid":{"rendered":"https:\/\/dastgmures.ro\/?p=3442"},"modified":"2022-12-09T08:51:43","modified_gmt":"2022-12-09T08:51:43","slug":"ziua-internationala-a-persoanelor-varstnice-respect-si-solidaritate-pentru-pentru-cei-care-au-ajuns-la-varsta-intelepciunii-nu-doar-astazi-ci-intotdeauna","status":"publish","type":"post","link":"https:\/\/dastgmures.ro\/en\/press-release\/international-older-peoples-day-respect-and-solidarity-for-those-who-have-come-of-age-wisdom-not-just-now-and-not-yet\/","title":{"rendered":"International Day of Older Persons - Respect and solidarity for those who have reached the age of wisdom, not just today, but always!"},"content":{"rendered":"<p>As every year, the Social Assistance Department of Targu Mures celebrates the International Day of Older Persons, a sincere proof of respect and appreciation for all elderly people.<\/p>\n<p>On this day, perhaps more than usual, thoughts turned into deeds, and together with the children of the \"Rozmarin\" Day Centre, we tried to bring a smile to the wrinkled faces of the grandparents of the Targu Mures Home for the Elderly, but also to those we met on the street.<\/p>\n<p><em>\"Grandparents are the ones who guarded our steps and our lives. Some still do. They are the ones who pave the way, show us right from wrong, teaching us how to make a difference.October 1 should be a special day not only for our seniors and those around the world, but for all of us who should show them respect and appreciation for their efforts and achievements. <\/em><em>I congratulate all the elders of this community, wishing them health, peace, well-being, peace of mind, inner beauty, respect and love from their loved ones and the whole community.<\/em><em>\"<\/em> said Andreia Moraru, Executive Director of the Targu Mures Social Assistance Department.<\/p>\n<p>Happy birthday to our elders!<\/p>\n<p><strong>The Social Assistance Department of T\u00e2rgu Mure\u0219!<\/strong><\/p>\n<div id=\"penci-post-gallery__84860\" class=\"penci-post-gallery-container justified column-3\" data-height=\"150\" data-margin=\"3\"><a class=\"penci-gallery-ite item-gallery-justified\" href=\"https:\/\/dastgmures.ro\/wp-content\/uploads\/2022\/12\/IMG-9808-scaled.jpg\"><img decoding=\"async\" src=\"https:\/\/dastgmures.ro\/wp-content\/uploads\/2022\/12\/IMG-9808-585x780.jpg\" alt=\"International Day of Older Persons. The picture shows two women, one holding a flower, and a child\" title=\"IMG-9808\"><\/a><a class=\"penci-gallery-ite item-gallery-justified\" href=\"https:\/\/dastgmures.ro\/wp-content\/uploads\/2022\/12\/IMG-9724-scaled.jpg\"><img decoding=\"async\" src=\"https:\/\/dastgmures.ro\/wp-content\/uploads\/2022\/12\/IMG-9724-585x439.jpg\" alt=\"International Day of Older Persons Pictured are 2 elderly people and 3 children sharing flowers.\" title=\"IMG-9724\"><\/a><a class=\"penci-gallery-ite item-gallery-justified\" href=\"https:\/\/dastgmures.ro\/wp-content\/uploads\/2022\/12\/IMG-9746-scaled.jpg\"><img decoding=\"async\" src=\"https:\/\/dastgmures.ro\/wp-content\/uploads\/2022\/12\/IMG-9746-585x780.jpg\" alt=\"International Day of Older Persons Pictured is a man holding a red flower in his hand\" title=\"IMG-9746\"><\/a><a class=\"penci-gallery-ite item-gallery-justified\" href=\"https:\/\/dastgmures.ro\/wp-content\/uploads\/2022\/12\/IMG-9748-scaled.jpg\"><img decoding=\"async\" src=\"https:\/\/dastgmures.ro\/wp-content\/uploads\/2022\/12\/IMG-9748-585x780.jpg\" alt=\"International Day of Older Persons Pictured is a woman who received a pink flower and the little girl who handed it to her\" title=\"IMG-9748\"><\/a><a class=\"penci-gallery-ite item-gallery-justified\" href=\"https:\/\/dastgmures.ro\/wp-content\/uploads\/2022\/12\/IMG-9773-scaled.jpg\"><img decoding=\"async\" src=\"https:\/\/dastgmures.ro\/wp-content\/uploads\/2022\/12\/IMG-9773-585x780.jpg\" alt=\"International Day of Older Persons Pictured is a woman receiving a pink flower and 3 children sharing flowers.\" title=\"IMG-9773\"><\/a><a class=\"penci-gallery-ite item-gallery-justified\" href=\"https:\/\/dastgmures.ro\/wp-content\/uploads\/2022\/12\/IMG-9774-scaled.jpg\"><img decoding=\"async\" src=\"https:\/\/dastgmures.ro\/wp-content\/uploads\/2022\/12\/IMG-9774-585x780.jpg\" alt=\"International Day of Older Persons Pictured is an elderly man receiving a flower and a young boy sharing flowers.\" title=\"IMG-9774\"><\/a><a class=\"penci-gallery-ite item-gallery-justified\" href=\"https:\/\/dastgmures.ro\/wp-content\/uploads\/2022\/12\/IMG-9779-scaled.jpg\"><img decoding=\"async\" src=\"https:\/\/dastgmures.ro\/wp-content\/uploads\/2022\/12\/IMG-9779-585x439.jpg\" alt=\"International Day of Older Persons Pictured are a man and a woman holding a pink flower.\" title=\"IMG-9779\"><\/a><\/div>","protected":false},"excerpt":{"rendered":"<p>Just like every year, the Targu Mures Social Welfare Department celebrates the International Day of Older Persons, a sincere proof of...<\/p>","protected":false},"author":1,"featured_media":0,"comment_status":"closed","ping_status":"open","sticky":false,"template":"","format":"standard","meta":{"footnotes":""},"categories":[5],"tags":[],"class_list":["post-3442","post","type-post","status-publish","format-standard","hentry","category-comunicate-de-presa"],"yoast_head":"<!-- This site is optimized with the Yoast SEO plugin v19.13 - https:\/\/yoast.com\/wordpress\/plugins\/seo\/ -->\n<title>Ziua Interna\u021bional\u0103 a Persoanelor V\u00e2rstnice \u2013 Respect \u0219i solidaritate pentru pentru cei care au ajuns la v\u00e2rsta \u00een\u021belepciunii, nu doar ast\u0103zi, ci \u00eentotdeauna! - Direc\u021bia de Asisten\u021b\u0103 Social\u0103 T\u00e2rgu Mure\u0219<\/title>\n<meta name=\"robots\" content=\"index, follow, max-snippet:-1, max-image-preview:large, max-video-preview:-1\" \/>\n<link rel=\"canonical\" href=\"https:\/\/dastgmures.ro\/en\/press-release\/international-older-peoples-day-respect-and-solidarity-for-those-who-have-come-of-age-wisdom-not-just-now-and-not-yet\/\" \/>\n<meta property=\"og:locale\" content=\"en_GB\" \/>\n<meta property=\"og:type\" content=\"article\" \/>\n<meta property=\"og:title\" content=\"Ziua Interna\u021bional\u0103 a Persoanelor V\u00e2rstnice \u2013 Respect \u0219i solidaritate pentru pentru cei care au ajuns la v\u00e2rsta \u00een\u021belepciunii, nu doar ast\u0103zi, ci \u00eentotdeauna! - Direc\u021bia de Asisten\u021b\u0103 Social\u0103 T\u00e2rgu Mure\u0219\" \/>\n<meta property=\"og:description\" content=\"La fel ca \u00een fiecare an, Direc\u021bia de Asisten\u021b\u0103 Social\u0103 T\u00e2rgu Mure\u0219 s\u0103rb\u0103tore\u015fte Ziua Interna\u0163ional\u0103 a Persoanelor V\u00e2rstnice, o dovad\u0103 sincer\u0103 de&hellip;\" \/>\n<meta property=\"og:url\" content=\"https:\/\/dastgmures.ro\/en\/press-release\/international-older-peoples-day-respect-and-solidarity-for-those-who-have-come-of-age-wisdom-not-just-now-and-not-yet\/\" \/>\n<meta property=\"og:site_name\" content=\"Direc\u021bia de Asisten\u021b\u0103 Social\u0103 T\u00e2rgu Mure\u0219\" \/>\n<meta property=\"article:published_time\" content=\"2022-09-30T08:45:25+00:00\" \/>\n<meta property=\"article:modified_time\" content=\"2022-12-09T08:51:43+00:00\" \/>\n<meta property=\"og:image\" content=\"https:\/\/dastgmures.ro\/wp-content\/uploads\/2022\/12\/IMG-9808-585x780.jpg\" \/>\n<meta name=\"author\" content=\"DAS Tg Mure\u0219\" \/>\n<meta name=\"twitter:card\" content=\"summary_large_image\" \/>\n<meta name=\"twitter:label1\" content=\"Written by\" \/>\n\t<meta name=\"twitter:data1\" content=\"DAS Tg Mure\u0219\" \/>\n\t<meta name=\"twitter:label2\" content=\"Estimated reading time\" \/>\n\t<meta name=\"twitter:data2\" content=\"1 minute\" \/>\n<script type=\"application\/ld+json\" class=\"yoast-schema-graph\">{\"@context\":\"https:\/\/schema.org\",\"@graph\":[{\"@type\":\"WebPage\",\"@id\":\"https:\/\/dastgmures.ro\/comunicate-de-presa\/ziua-internationala-a-persoanelor-varstnice-respect-si-solidaritate-pentru-pentru-cei-care-au-ajuns-la-varsta-intelepciunii-nu-doar-astazi-ci-intotdeauna\/\",\"url\":\"https:\/\/dastgmures.ro\/comunicate-de-presa\/ziua-internationala-a-persoanelor-varstnice-respect-si-solidaritate-pentru-pentru-cei-care-au-ajuns-la-varsta-intelepciunii-nu-doar-astazi-ci-intotdeauna\/\",\"name\":\"Ziua Interna\u021bional\u0103 a Persoanelor V\u00e2rstnice \u2013 Respect \u0219i solidaritate pentru pentru cei care au ajuns la v\u00e2rsta \u00een\u021belepciunii, nu doar ast\u0103zi, ci \u00eentotdeauna! - Direc\u021bia de Asisten\u021b\u0103 Social\u0103 T\u00e2rgu Mure\u0219\",\"isPartOf\":{\"@id\":\"https:\/\/dastgmures.ro\/#website\"},\"datePublished\":\"2022-09-30T08:45:25+00:00\",\"dateModified\":\"2022-12-09T08:51:43+00:00\",\"author\":{\"@id\":\"https:\/\/dastgmures.ro\/#\/schema\/person\/7d0aee74ed98f49d76d34e2120ead5a9\"},\"breadcrumb\":{\"@id\":\"https:\/\/dastgmures.ro\/comunicate-de-presa\/ziua-internationala-a-persoanelor-varstnice-respect-si-solidaritate-pentru-pentru-cei-care-au-ajuns-la-varsta-intelepciunii-nu-doar-astazi-ci-intotdeauna\/#breadcrumb\"},\"inLanguage\":\"en-GB\",\"potentialAction\":[{\"@type\":\"ReadAction\",\"target\":[\"https:\/\/dastgmures.ro\/comunicate-de-presa\/ziua-internationala-a-persoanelor-varstnice-respect-si-solidaritate-pentru-pentru-cei-care-au-ajuns-la-varsta-intelepciunii-nu-doar-astazi-ci-intotdeauna\/\"]}]},{\"@type\":\"BreadcrumbList\",\"@id\":\"https:\/\/dastgmures.ro\/comunicate-de-presa\/ziua-internationala-a-persoanelor-varstnice-respect-si-solidaritate-pentru-pentru-cei-care-au-ajuns-la-varsta-intelepciunii-nu-doar-astazi-ci-intotdeauna\/#breadcrumb\",\"itemListElement\":[{\"@type\":\"ListItem\",\"position\":1,\"name\":\"Prima pagin\u0103\",\"item\":\"https:\/\/dastgmures.ro\/\"},{\"@type\":\"ListItem\",\"position\":2,\"name\":\"Ziua Interna\u021bional\u0103 a Persoanelor V\u00e2rstnice \u2013 Respect \u0219i solidaritate pentru pentru cei care au ajuns la v\u00e2rsta \u00een\u021belepciunii, nu doar ast\u0103zi, ci \u00eentotdeauna!\"}]},{\"@type\":\"WebSite\",\"@id\":\"https:\/\/dastgmures.ro\/#website\",\"url\":\"https:\/\/dastgmures.ro\/\",\"name\":\"Direc\u021bia de Asisten\u021b\u0103 Social\u0103 T\u00e2rgu Mure\u0219\",\"description\":\"\",\"potentialAction\":[{\"@type\":\"SearchAction\",\"target\":{\"@type\":\"EntryPoint\",\"urlTemplate\":\"https:\/\/dastgmures.ro\/?s={search_term_string}\"},\"query-input\":\"required name=search_term_string\"}],\"inLanguage\":\"en-GB\"},{\"@type\":\"Person\",\"@id\":\"https:\/\/dastgmures.ro\/#\/schema\/person\/7d0aee74ed98f49d76d34e2120ead5a9\",\"name\":\"DAS Tg Mure\u0219\",\"image\":{\"@type\":\"ImageObject\",\"inLanguage\":\"en-GB\",\"@id\":\"https:\/\/dastgmures.ro\/#\/schema\/person\/image\/\",\"url\":\"https:\/\/secure.gravatar.com\/avatar\/db687ed1423b3cea231ade1042402c4344f237a2b4368785727c414c6315bf44?s=96&d=mm&r=g\",\"contentUrl\":\"https:\/\/secure.gravatar.com\/avatar\/db687ed1423b3cea231ade1042402c4344f237a2b4368785727c414c6315bf44?s=96&d=mm&r=g\",\"caption\":\"DAS Tg Mure\u0219\"},\"sameAs\":[\"https:\/\/dastgmures.ro\"],\"url\":\"https:\/\/dastgmures.ro\/en\/author\/tgm_das\/\"}]}<\/script>\n<!-- \/ Yoast SEO plugin. -->","yoast_head_json":{"title":"Ziua Interna\u021bional\u0103 a Persoanelor V\u00e2rstnice \u2013 Respect \u0219i solidaritate pentru pentru cei care au ajuns la v\u00e2rsta \u00een\u021belepciunii, nu doar ast\u0103zi, ci \u00eentotdeauna! - Direc\u021bia de Asisten\u021b\u0103 Social\u0103 T\u00e2rgu Mure\u0219","robots":{"index":"index","follow":"follow","max-snippet":"max-snippet:-1","max-image-preview":"max-image-preview:large","max-video-preview":"max-video-preview:-1"},"canonical":"https:\/\/dastgmures.ro\/en\/press-release\/international-older-peoples-day-respect-and-solidarity-for-those-who-have-come-of-age-wisdom-not-just-now-and-not-yet\/","og_locale":"en_GB","og_type":"article","og_title":"Ziua Interna\u021bional\u0103 a Persoanelor V\u00e2rstnice \u2013 Respect \u0219i solidaritate pentru pentru cei care au ajuns la v\u00e2rsta \u00een\u021belepciunii, nu doar ast\u0103zi, ci \u00eentotdeauna! - Direc\u021bia de Asisten\u021b\u0103 Social\u0103 T\u00e2rgu Mure\u0219","og_description":"La fel ca \u00een fiecare an, Direc\u021bia de Asisten\u021b\u0103 Social\u0103 T\u00e2rgu Mure\u0219 s\u0103rb\u0103tore\u015fte Ziua Interna\u0163ional\u0103 a Persoanelor V\u00e2rstnice, o dovad\u0103 sincer\u0103 de&hellip;","og_url":"https:\/\/dastgmures.ro\/en\/press-release\/international-older-peoples-day-respect-and-solidarity-for-those-who-have-come-of-age-wisdom-not-just-now-and-not-yet\/","og_site_name":"Direc\u021bia de Asisten\u021b\u0103 Social\u0103 T\u00e2rgu Mure\u0219","article_published_time":"2022-09-30T08:45:25+00:00","article_modified_time":"2022-12-09T08:51:43+00:00","og_image":[{"url":"https:\/\/dastgmures.ro\/wp-content\/uploads\/2022\/12\/IMG-9808-585x780.jpg"}],"author":"DAS Tg Mure\u0219","twitter_card":"summary_large_image","twitter_misc":{"Written by":"DAS Tg Mure\u0219","Estimated reading time":"1 minute"},"schema":{"@context":"https:\/\/schema.org","@graph":[{"@type":"WebPage","@id":"https:\/\/dastgmures.ro\/comunicate-de-presa\/ziua-internationala-a-persoanelor-varstnice-respect-si-solidaritate-pentru-pentru-cei-care-au-ajuns-la-varsta-intelepciunii-nu-doar-astazi-ci-intotdeauna\/","url":"https:\/\/dastgmures.ro\/comunicate-de-presa\/ziua-internationala-a-persoanelor-varstnice-respect-si-solidaritate-pentru-pentru-cei-care-au-ajuns-la-varsta-intelepciunii-nu-doar-astazi-ci-intotdeauna\/","name":"Ziua Interna\u021bional\u0103 a Persoanelor V\u00e2rstnice \u2013 Respect \u0219i solidaritate pentru pentru cei care au ajuns la v\u00e2rsta \u00een\u021belepciunii, nu doar ast\u0103zi, ci \u00eentotdeauna! - Direc\u021bia de Asisten\u021b\u0103 Social\u0103 T\u00e2rgu Mure\u0219","isPartOf":{"@id":"https:\/\/dastgmures.ro\/#website"},"datePublished":"2022-09-30T08:45:25+00:00","dateModified":"2022-12-09T08:51:43+00:00","author":{"@id":"https:\/\/dastgmures.ro\/#\/schema\/person\/7d0aee74ed98f49d76d34e2120ead5a9"},"breadcrumb":{"@id":"https:\/\/dastgmures.ro\/comunicate-de-presa\/ziua-internationala-a-persoanelor-varstnice-respect-si-solidaritate-pentru-pentru-cei-care-au-ajuns-la-varsta-intelepciunii-nu-doar-astazi-ci-intotdeauna\/#breadcrumb"},"inLanguage":"en-GB","potentialAction":[{"@type":"ReadAction","target":["https:\/\/dastgmures.ro\/comunicate-de-presa\/ziua-internationala-a-persoanelor-varstnice-respect-si-solidaritate-pentru-pentru-cei-care-au-ajuns-la-varsta-intelepciunii-nu-doar-astazi-ci-intotdeauna\/"]}]},{"@type":"BreadcrumbList","@id":"https:\/\/dastgmures.ro\/comunicate-de-presa\/ziua-internationala-a-persoanelor-varstnice-respect-si-solidaritate-pentru-pentru-cei-care-au-ajuns-la-varsta-intelepciunii-nu-doar-astazi-ci-intotdeauna\/#breadcrumb","itemListElement":[{"@type":"ListItem","position":1,"name":"Prima pagin\u0103","item":"https:\/\/dastgmures.ro\/"},{"@type":"ListItem","position":2,"name":"Ziua Interna\u021bional\u0103 a Persoanelor V\u00e2rstnice \u2013 Respect \u0219i solidaritate pentru pentru cei care au ajuns la v\u00e2rsta \u00een\u021belepciunii, nu doar ast\u0103zi, ci \u00eentotdeauna!"}]},{"@type":"WebSite","@id":"https:\/\/dastgmures.ro\/#website","url":"https:\/\/dastgmures.ro\/","name":"Direc\u021bia de Asisten\u021b\u0103 Social\u0103 T\u00e2rgu Mure\u0219","description":"","potentialAction":[{"@type":"SearchAction","target":{"@type":"EntryPoint","urlTemplate":"https:\/\/dastgmures.ro\/?s={search_term_string}"},"query-input":"required name=search_term_string"}],"inLanguage":"en-GB"},{"@type":"Person","@id":"https:\/\/dastgmures.ro\/#\/schema\/person\/7d0aee74ed98f49d76d34e2120ead5a9","name":"DAS Tg Mure\u0219","image":{"@type":"ImageObject","inLanguage":"en-GB","@id":"https:\/\/dastgmures.ro\/#\/schema\/person\/image\/","url":"https:\/\/secure.gravatar.com\/avatar\/db687ed1423b3cea231ade1042402c4344f237a2b4368785727c414c6315bf44?s=96&d=mm&r=g","contentUrl":"https:\/\/secure.gravatar.com\/avatar\/db687ed1423b3cea231ade1042402c4344f237a2b4368785727c414c6315bf44?s=96&d=mm&r=g","caption":"DAS Tg Mure\u0219"},"sameAs":["https:\/\/dastgmures.ro"],"url":"https:\/\/dastgmures.ro\/en\/author\/tgm_das\/"}]}},"_links":{"self":[{"href":"https:\/\/dastgmures.ro\/en\/wp-json\/wp\/v2\/posts\/3442","targetHints":{"allow":["GET"]}}],"collection":[{"href":"https:\/\/dastgmures.ro\/en\/wp-json\/wp\/v2\/posts"}],"about":[{"href":"https:\/\/dastgmures.ro\/en\/wp-json\/wp\/v2\/types\/post"}],"author":[{"embeddable":true,"href":"https:\/\/dastgmures.ro\/en\/wp-json\/wp\/v2\/users\/1"}],"replies":[{"embeddable":true,"href":"https:\/\/dastgmures.ro\/en\/wp-json\/wp\/v2\/comments?post=3442"}],"version-history":[{"count":2,"href":"https:\/\/dastgmures.ro\/en\/wp-json\/wp\/v2\/posts\/3442\/revisions"}],"predecessor-version":[{"id":3451,"href":"https:\/\/dastgmures.ro\/en\/wp-json\/wp\/v2\/posts\/3442\/revisions\/3451"}],"wp:attachment":[{"href":"https:\/\/dastgmures.ro\/en\/wp-json\/wp\/v2\/media?parent=3442"}],"wp:term":[{"taxonomy":"category","embeddable":true,"href":"https:\/\/dastgmures.ro\/en\/wp-json\/wp\/v2\/categories?post=3442"},{"taxonomy":"post_tag","embeddable":true,"href":"https:\/\/dastgmures.ro\/en\/wp-json\/wp\/v2\/tags?post=3442"}],"curies":[{"name":"wp","href":"https:\/\/api.w.org\/{rel}","templated":true}]}}