{"id":5741,"date":"2023-02-24T12:00:52","date_gmt":"2023-02-24T10:00:52","guid":{"rendered":"https:\/\/dastgmures.ro\/?p=5741"},"modified":"2023-02-27T12:10:45","modified_gmt":"2023-02-27T10:10:45","slug":"prima-editie-a-targului-locurilor-de-munca-parte-a-proiectului-abordare-integrata-a-saraciei-si-excluziunii-sociale-in-beneficiul-comunitatilor-marginalizate-din-municipiul-targu-mu","status":"publish","type":"post","link":"https:\/\/dastgmures.ro\/en\/press-release\/first-edition-of-work-places-part-of-the-project-integrated-approach-to-poverty-and-social-exclusion-in-benefit-of-marginalized-communities-in-the-municipality-of-targu-mu\/","title":{"rendered":"First edition of the Job Fair - part of the project \"Integrated approach to poverty and social exclusion for the benefit of marginalized communities in T\u00e2rgu Mure\u0219 Municipality\""},"content":{"rendered":"<p><strong>Press release<\/strong><\/p>\n<p><strong>24.02.2023<\/strong><\/p>\n<p style=\"text-align: center;\"><strong>First edition of the Locuril Fair<\/strong><strong>or work - <\/strong><strong>part of the project \"Integrated approach to poverty and social exclusion for the benefit of marginalized communities in T\u00e2rgu Mure\u0219 Municipality\"<\/strong><\/p>\n<p>RomActiv Business Consulting SRL as leader of the project \"Integrated approach to poverty and social exclusion for the benefit of marginalized communities in T\u00eergu Mure\u0219 Municipality\" POCU\/717\/5\/1\/152430\", funded by the European Union through the Human Capital Operational Programme 2014-2020, in partnership with the Social Assistance Department of T\u00e2rgu Mure\u0219 and the \"Serafim Duicu\" Secondary School, organized on <strong>23 February 2023, a Job Fair <\/strong>in order to facilitate access to the labour market for the target group, to match labour demand with labour supply, to ensure opportunities for the target group to meet potential employers, and to ensure the possibility to apply the job search techniques learned through participation in the project activities.<\/p>\n<p>The job fair, organized for the first time in the framework of the above mentioned project, was attended by eight employers in search of unskilled workers in various fields, mainly in the textile industry, HoReCa or care of green spaces, who presented their job offer and the facilities provided for employment. At the same time, four startups funded under this project with \u20ac25,000 each, sought much-needed manpower at the beginning of their journey.<\/p>\n<p>The fair was a great success, with over 50 people expressing their choice of employment.<\/p>\n<p>The job fair is taking place in the context of the implementation of the project \"Integrated approach to poverty and social exclusion for the benefit of marginalized communities in the Municipality of Targu Mures\" POCU\/717\/5\/1\/152430, funded by the European Union through the Human Capital Operational Programme 2014-2020, which runs from January 2022 to December 2023 and is implemented by RomActiv Business Consulting SRL in partnership with the Targu Mures Social Assistance Department and the \"Serafim Duicu\" Gymnasium School in Targu Mures.<\/p>\n<p>The event was organized free of charge for all employers and for all persons interested in a job, from the target group, and is part of the efforts to provide citizens of the municipality of Targu Mures and especially people at risk of social marginalization, the opportunity to learn about the supply of the labor market, by connecting employers with people looking for a job.<\/p>\n<p><em>Project co-funded by the European Social Fund through the Human Capital Operational Programme 2014-2020<\/em><\/p>\n<p style=\"text-align: center;\"><strong>T\u00e2rgu Mure\u0219 Social Assistance Department<\/strong><\/p>\n<p><a href=\"https:\/\/dastgmures.ro\/wp-content\/uploads\/2023\/02\/Comunicat-24.02.2023-Prima-editie-a-Targului-locurilor-de-munca.pdf\" target=\"_blank\" rel=\"noopener\">Press release 24.02.2023 First edition of the Job Fair<\/a><\/p>\n<div id=\"penci-post-gallery__78916\" class=\"penci-post-gallery-container masonry grid column-3\" data-height=\"150\" data-margin=\"3\"><div class=\"inner-gallery-masonry-container\"><div class=\"item-gallery-masonry grid\"><a class=\"penci-gallery-ite item-link-relative\" href=\"https:\/\/dastgmures.ro\/wp-content\/uploads\/2023\/02\/IMG-4874-scaled.jpg\"><div class=\"inner-item-masonry-gallery\"><span class=\"penci-isotope-padding\" style=\"padding-bottom:66.66666667%;\"><\/span><img decoding=\"async\" src=\"https:\/\/dastgmures.ro\/wp-content\/uploads\/2023\/02\/IMG-4874-585x390.jpg\" alt=\"\" title=\"IMG-4874\"><\/div><\/a><\/div><div class=\"item-gallery-masonry grid\"><a class=\"penci-gallery-ite item-link-relative\" href=\"https:\/\/dastgmures.ro\/wp-content\/uploads\/2023\/02\/IMG-4878-scaled.jpg\"><div class=\"inner-item-masonry-gallery\"><span class=\"penci-isotope-padding\" style=\"padding-bottom:66.66666667%;\"><\/span><img decoding=\"async\" src=\"https:\/\/dastgmures.ro\/wp-content\/uploads\/2023\/02\/IMG-4878-585x390.jpg\" alt=\"\" title=\"IMG-4878\"><\/div><\/a><\/div><div class=\"item-gallery-masonry grid\"><a class=\"penci-gallery-ite item-link-relative\" href=\"https:\/\/dastgmures.ro\/wp-content\/uploads\/2023\/02\/IMG-4884-scaled.jpg\"><div class=\"inner-item-masonry-gallery\"><span class=\"penci-isotope-padding\" style=\"padding-bottom:66.66666667%;\"><\/span><img decoding=\"async\" src=\"https:\/\/dastgmures.ro\/wp-content\/uploads\/2023\/02\/IMG-4884-585x390.jpg\" alt=\"\" title=\"IMG-4884\"><\/div><\/a><\/div><div class=\"item-gallery-masonry grid\"><a class=\"penci-gallery-ite item-link-relative\" href=\"https:\/\/dastgmures.ro\/wp-content\/uploads\/2023\/02\/IMG-4880-scaled.jpg\"><div class=\"inner-item-masonry-gallery\"><span class=\"penci-isotope-padding\" style=\"padding-bottom:66.66666667%;\"><\/span><img decoding=\"async\" src=\"https:\/\/dastgmures.ro\/wp-content\/uploads\/2023\/02\/IMG-4880-585x390.jpg\" alt=\"\" title=\"IMG-4880\"><\/div><\/a><\/div><div class=\"item-gallery-masonry grid\"><a class=\"penci-gallery-ite item-link-relative\" href=\"https:\/\/dastgmures.ro\/wp-content\/uploads\/2023\/02\/IMG-4875-scaled.jpg\"><div class=\"inner-item-masonry-gallery\"><span class=\"penci-isotope-padding\" style=\"padding-bottom:66.66666667%;\"><\/span><img decoding=\"async\" src=\"https:\/\/dastgmures.ro\/wp-content\/uploads\/2023\/02\/IMG-4875-585x390.jpg\" alt=\"\" title=\"IMG-4875\"><\/div><\/a><\/div><\/div><\/div>","protected":false},"excerpt":{"rendered":"<p>Press release 24.02.2023 First edition of the Job Fair - part of the project \"Integrated approach to poverty and social exclusion...<\/p>","protected":false},"author":2,"featured_media":0,"comment_status":"closed","ping_status":"open","sticky":false,"template":"","format":"standard","meta":{"footnotes":""},"categories":[5],"tags":[],"class_list":["post-5741","post","type-post","status-publish","format-standard","hentry","category-comunicate-de-presa"],"yoast_head":"<!-- This site is optimized with the Yoast SEO plugin v19.13 - https:\/\/yoast.com\/wordpress\/plugins\/seo\/ -->\n<title>Prima edi\u021bie a T\u00e2rgului locurilor de munc\u0103 \u2013 parte a proiectului \u201eAbordare integrat\u0103 a s\u0103r\u0103ciei \u0219i excluziunii sociale \u00een beneficiul comunit\u0103\u021bilor marginalizate din Municipiul T\u00e2rgu Mure\u0219\u201d - Direc\u021bia de Asisten\u021b\u0103 Social\u0103 T\u00e2rgu Mure\u0219<\/title>\n<meta name=\"robots\" content=\"index, follow, max-snippet:-1, max-image-preview:large, max-video-preview:-1\" \/>\n<link rel=\"canonical\" href=\"https:\/\/dastgmures.ro\/en\/press-release\/first-edition-of-work-places-part-of-the-project-integrated-approach-to-poverty-and-social-exclusion-in-benefit-of-marginalized-communities-in-the-municipality-of-targu-mu\/\" \/>\n<meta property=\"og:locale\" content=\"en_GB\" \/>\n<meta property=\"og:type\" content=\"article\" \/>\n<meta property=\"og:title\" content=\"Prima edi\u021bie a T\u00e2rgului locurilor de munc\u0103 \u2013 parte a proiectului \u201eAbordare integrat\u0103 a s\u0103r\u0103ciei \u0219i excluziunii sociale \u00een beneficiul comunit\u0103\u021bilor marginalizate din Municipiul T\u00e2rgu Mure\u0219\u201d - Direc\u021bia de Asisten\u021b\u0103 Social\u0103 T\u00e2rgu Mure\u0219\" \/>\n<meta property=\"og:description\" content=\"Comunicat de pres\u0103 24.02.2023 Prima edi\u021bie a T\u00e2rgului locurilor de munc\u0103 \u2013 parte a proiectului \u201eAbordare integrat\u0103 a s\u0103r\u0103ciei \u0219i excluziunii sociale&hellip;\" \/>\n<meta property=\"og:url\" content=\"https:\/\/dastgmures.ro\/en\/press-release\/first-edition-of-work-places-part-of-the-project-integrated-approach-to-poverty-and-social-exclusion-in-benefit-of-marginalized-communities-in-the-municipality-of-targu-mu\/\" \/>\n<meta property=\"og:site_name\" content=\"Direc\u021bia de Asisten\u021b\u0103 Social\u0103 T\u00e2rgu Mure\u0219\" \/>\n<meta property=\"article:published_time\" content=\"2023-02-24T10:00:52+00:00\" \/>\n<meta property=\"article:modified_time\" content=\"2023-02-27T10:10:45+00:00\" \/>\n<meta property=\"og:image\" content=\"https:\/\/dastgmures.ro\/wp-content\/uploads\/2023\/02\/IMG-4874-585x390.jpg\" \/>\n<meta name=\"author\" content=\"Hirlav Mariana\" \/>\n<meta name=\"twitter:card\" content=\"summary_large_image\" \/>\n<meta name=\"twitter:label1\" content=\"Written by\" \/>\n\t<meta name=\"twitter:data1\" content=\"Hirlav Mariana\" \/>\n\t<meta name=\"twitter:label2\" content=\"Estimated reading time\" \/>\n\t<meta name=\"twitter:data2\" content=\"3 minutes\" \/>\n<script type=\"application\/ld+json\" class=\"yoast-schema-graph\">{\"@context\":\"https:\/\/schema.org\",\"@graph\":[{\"@type\":\"WebPage\",\"@id\":\"https:\/\/dastgmures.ro\/comunicate-de-presa\/prima-editie-a-targului-locurilor-de-munca-parte-a-proiectului-abordare-integrata-a-saraciei-si-excluziunii-sociale-in-beneficiul-comunitatilor-marginalizate-din-municipiul-targu-mu\/\",\"url\":\"https:\/\/dastgmures.ro\/comunicate-de-presa\/prima-editie-a-targului-locurilor-de-munca-parte-a-proiectului-abordare-integrata-a-saraciei-si-excluziunii-sociale-in-beneficiul-comunitatilor-marginalizate-din-municipiul-targu-mu\/\",\"name\":\"Prima edi\u021bie a T\u00e2rgului locurilor de munc\u0103 \u2013 parte a proiectului \u201eAbordare integrat\u0103 a s\u0103r\u0103ciei \u0219i excluziunii sociale \u00een beneficiul comunit\u0103\u021bilor marginalizate din Municipiul T\u00e2rgu Mure\u0219\u201d - Direc\u021bia de Asisten\u021b\u0103 Social\u0103 T\u00e2rgu Mure\u0219\",\"isPartOf\":{\"@id\":\"https:\/\/dastgmures.ro\/#website\"},\"datePublished\":\"2023-02-24T10:00:52+00:00\",\"dateModified\":\"2023-02-27T10:10:45+00:00\",\"author\":{\"@id\":\"https:\/\/dastgmures.ro\/#\/schema\/person\/090d5ba892b6c29413e6ec4c1ffa93ff\"},\"breadcrumb\":{\"@id\":\"https:\/\/dastgmures.ro\/comunicate-de-presa\/prima-editie-a-targului-locurilor-de-munca-parte-a-proiectului-abordare-integrata-a-saraciei-si-excluziunii-sociale-in-beneficiul-comunitatilor-marginalizate-din-municipiul-targu-mu\/#breadcrumb\"},\"inLanguage\":\"en-GB\",\"potentialAction\":[{\"@type\":\"ReadAction\",\"target\":[\"https:\/\/dastgmures.ro\/comunicate-de-presa\/prima-editie-a-targului-locurilor-de-munca-parte-a-proiectului-abordare-integrata-a-saraciei-si-excluziunii-sociale-in-beneficiul-comunitatilor-marginalizate-din-municipiul-targu-mu\/\"]}]},{\"@type\":\"BreadcrumbList\",\"@id\":\"https:\/\/dastgmures.ro\/comunicate-de-presa\/prima-editie-a-targului-locurilor-de-munca-parte-a-proiectului-abordare-integrata-a-saraciei-si-excluziunii-sociale-in-beneficiul-comunitatilor-marginalizate-din-municipiul-targu-mu\/#breadcrumb\",\"itemListElement\":[{\"@type\":\"ListItem\",\"position\":1,\"name\":\"Prima pagin\u0103\",\"item\":\"https:\/\/dastgmures.ro\/\"},{\"@type\":\"ListItem\",\"position\":2,\"name\":\"Prima edi\u021bie a T\u00e2rgului locurilor de munc\u0103 \u2013 parte a proiectului \u201eAbordare integrat\u0103 a s\u0103r\u0103ciei \u0219i excluziunii sociale \u00een beneficiul comunit\u0103\u021bilor marginalizate din Municipiul T\u00e2rgu Mure\u0219\u201d\"}]},{\"@type\":\"WebSite\",\"@id\":\"https:\/\/dastgmures.ro\/#website\",\"url\":\"https:\/\/dastgmures.ro\/\",\"name\":\"Direc\u021bia de Asisten\u021b\u0103 Social\u0103 T\u00e2rgu Mure\u0219\",\"description\":\"\",\"potentialAction\":[{\"@type\":\"SearchAction\",\"target\":{\"@type\":\"EntryPoint\",\"urlTemplate\":\"https:\/\/dastgmures.ro\/?s={search_term_string}\"},\"query-input\":\"required name=search_term_string\"}],\"inLanguage\":\"en-GB\"},{\"@type\":\"Person\",\"@id\":\"https:\/\/dastgmures.ro\/#\/schema\/person\/090d5ba892b6c29413e6ec4c1ffa93ff\",\"name\":\"Hirlav Mariana\",\"image\":{\"@type\":\"ImageObject\",\"inLanguage\":\"en-GB\",\"@id\":\"https:\/\/dastgmures.ro\/#\/schema\/person\/image\/\",\"url\":\"https:\/\/secure.gravatar.com\/avatar\/844b59c83dd256e2fbea16ab729e9ebd12763bbeb25f1d84279672f9e7745da1?s=96&d=mm&r=g\",\"contentUrl\":\"https:\/\/secure.gravatar.com\/avatar\/844b59c83dd256e2fbea16ab729e9ebd12763bbeb25f1d84279672f9e7745da1?s=96&d=mm&r=g\",\"caption\":\"Hirlav Mariana\"},\"url\":\"https:\/\/dastgmures.ro\/en\/author\/hirlav-mariana\/\"}]}<\/script>\n<!-- \/ Yoast SEO plugin. -->","yoast_head_json":{"title":"Prima edi\u021bie a T\u00e2rgului locurilor de munc\u0103 \u2013 parte a proiectului \u201eAbordare integrat\u0103 a s\u0103r\u0103ciei \u0219i excluziunii sociale \u00een beneficiul comunit\u0103\u021bilor marginalizate din Municipiul T\u00e2rgu Mure\u0219\u201d - Direc\u021bia de Asisten\u021b\u0103 Social\u0103 T\u00e2rgu Mure\u0219","robots":{"index":"index","follow":"follow","max-snippet":"max-snippet:-1","max-image-preview":"max-image-preview:large","max-video-preview":"max-video-preview:-1"},"canonical":"https:\/\/dastgmures.ro\/en\/press-release\/first-edition-of-work-places-part-of-the-project-integrated-approach-to-poverty-and-social-exclusion-in-benefit-of-marginalized-communities-in-the-municipality-of-targu-mu\/","og_locale":"en_GB","og_type":"article","og_title":"Prima edi\u021bie a T\u00e2rgului locurilor de munc\u0103 \u2013 parte a proiectului \u201eAbordare integrat\u0103 a s\u0103r\u0103ciei \u0219i excluziunii sociale \u00een beneficiul comunit\u0103\u021bilor marginalizate din Municipiul T\u00e2rgu Mure\u0219\u201d - Direc\u021bia de Asisten\u021b\u0103 Social\u0103 T\u00e2rgu Mure\u0219","og_description":"Comunicat de pres\u0103 24.02.2023 Prima edi\u021bie a T\u00e2rgului locurilor de munc\u0103 \u2013 parte a proiectului \u201eAbordare integrat\u0103 a s\u0103r\u0103ciei \u0219i excluziunii sociale&hellip;","og_url":"https:\/\/dastgmures.ro\/en\/press-release\/first-edition-of-work-places-part-of-the-project-integrated-approach-to-poverty-and-social-exclusion-in-benefit-of-marginalized-communities-in-the-municipality-of-targu-mu\/","og_site_name":"Direc\u021bia de Asisten\u021b\u0103 Social\u0103 T\u00e2rgu Mure\u0219","article_published_time":"2023-02-24T10:00:52+00:00","article_modified_time":"2023-02-27T10:10:45+00:00","og_image":[{"url":"https:\/\/dastgmures.ro\/wp-content\/uploads\/2023\/02\/IMG-4874-585x390.jpg"}],"author":"Hirlav Mariana","twitter_card":"summary_large_image","twitter_misc":{"Written by":"Hirlav Mariana","Estimated reading time":"3 minutes"},"schema":{"@context":"https:\/\/schema.org","@graph":[{"@type":"WebPage","@id":"https:\/\/dastgmures.ro\/comunicate-de-presa\/prima-editie-a-targului-locurilor-de-munca-parte-a-proiectului-abordare-integrata-a-saraciei-si-excluziunii-sociale-in-beneficiul-comunitatilor-marginalizate-din-municipiul-targu-mu\/","url":"https:\/\/dastgmures.ro\/comunicate-de-presa\/prima-editie-a-targului-locurilor-de-munca-parte-a-proiectului-abordare-integrata-a-saraciei-si-excluziunii-sociale-in-beneficiul-comunitatilor-marginalizate-din-municipiul-targu-mu\/","name":"Prima edi\u021bie a T\u00e2rgului locurilor de munc\u0103 \u2013 parte a proiectului \u201eAbordare integrat\u0103 a s\u0103r\u0103ciei \u0219i excluziunii sociale \u00een beneficiul comunit\u0103\u021bilor marginalizate din Municipiul T\u00e2rgu Mure\u0219\u201d - Direc\u021bia de Asisten\u021b\u0103 Social\u0103 T\u00e2rgu Mure\u0219","isPartOf":{"@id":"https:\/\/dastgmures.ro\/#website"},"datePublished":"2023-02-24T10:00:52+00:00","dateModified":"2023-02-27T10:10:45+00:00","author":{"@id":"https:\/\/dastgmures.ro\/#\/schema\/person\/090d5ba892b6c29413e6ec4c1ffa93ff"},"breadcrumb":{"@id":"https:\/\/dastgmures.ro\/comunicate-de-presa\/prima-editie-a-targului-locurilor-de-munca-parte-a-proiectului-abordare-integrata-a-saraciei-si-excluziunii-sociale-in-beneficiul-comunitatilor-marginalizate-din-municipiul-targu-mu\/#breadcrumb"},"inLanguage":"en-GB","potentialAction":[{"@type":"ReadAction","target":["https:\/\/dastgmures.ro\/comunicate-de-presa\/prima-editie-a-targului-locurilor-de-munca-parte-a-proiectului-abordare-integrata-a-saraciei-si-excluziunii-sociale-in-beneficiul-comunitatilor-marginalizate-din-municipiul-targu-mu\/"]}]},{"@type":"BreadcrumbList","@id":"https:\/\/dastgmures.ro\/comunicate-de-presa\/prima-editie-a-targului-locurilor-de-munca-parte-a-proiectului-abordare-integrata-a-saraciei-si-excluziunii-sociale-in-beneficiul-comunitatilor-marginalizate-din-municipiul-targu-mu\/#breadcrumb","itemListElement":[{"@type":"ListItem","position":1,"name":"Prima pagin\u0103","item":"https:\/\/dastgmures.ro\/"},{"@type":"ListItem","position":2,"name":"Prima edi\u021bie a T\u00e2rgului locurilor de munc\u0103 \u2013 parte a proiectului \u201eAbordare integrat\u0103 a s\u0103r\u0103ciei \u0219i excluziunii sociale \u00een beneficiul comunit\u0103\u021bilor marginalizate din Municipiul T\u00e2rgu Mure\u0219\u201d"}]},{"@type":"WebSite","@id":"https:\/\/dastgmures.ro\/#website","url":"https:\/\/dastgmures.ro\/","name":"Direc\u021bia de Asisten\u021b\u0103 Social\u0103 T\u00e2rgu Mure\u0219","description":"","potentialAction":[{"@type":"SearchAction","target":{"@type":"EntryPoint","urlTemplate":"https:\/\/dastgmures.ro\/?s={search_term_string}"},"query-input":"required name=search_term_string"}],"inLanguage":"en-GB"},{"@type":"Person","@id":"https:\/\/dastgmures.ro\/#\/schema\/person\/090d5ba892b6c29413e6ec4c1ffa93ff","name":"Hirlav Mariana","image":{"@type":"ImageObject","inLanguage":"en-GB","@id":"https:\/\/dastgmures.ro\/#\/schema\/person\/image\/","url":"https:\/\/secure.gravatar.com\/avatar\/844b59c83dd256e2fbea16ab729e9ebd12763bbeb25f1d84279672f9e7745da1?s=96&d=mm&r=g","contentUrl":"https:\/\/secure.gravatar.com\/avatar\/844b59c83dd256e2fbea16ab729e9ebd12763bbeb25f1d84279672f9e7745da1?s=96&d=mm&r=g","caption":"Hirlav Mariana"},"url":"https:\/\/dastgmures.ro\/en\/author\/hirlav-mariana\/"}]}},"_links":{"self":[{"href":"https:\/\/dastgmures.ro\/en\/wp-json\/wp\/v2\/posts\/5741","targetHints":{"allow":["GET"]}}],"collection":[{"href":"https:\/\/dastgmures.ro\/en\/wp-json\/wp\/v2\/posts"}],"about":[{"href":"https:\/\/dastgmures.ro\/en\/wp-json\/wp\/v2\/types\/post"}],"author":[{"embeddable":true,"href":"https:\/\/dastgmures.ro\/en\/wp-json\/wp\/v2\/users\/2"}],"replies":[{"embeddable":true,"href":"https:\/\/dastgmures.ro\/en\/wp-json\/wp\/v2\/comments?post=5741"}],"version-history":[{"count":2,"href":"https:\/\/dastgmures.ro\/en\/wp-json\/wp\/v2\/posts\/5741\/revisions"}],"predecessor-version":[{"id":5749,"href":"https:\/\/dastgmures.ro\/en\/wp-json\/wp\/v2\/posts\/5741\/revisions\/5749"}],"wp:attachment":[{"href":"https:\/\/dastgmures.ro\/en\/wp-json\/wp\/v2\/media?parent=5741"}],"wp:term":[{"taxonomy":"category","embeddable":true,"href":"https:\/\/dastgmures.ro\/en\/wp-json\/wp\/v2\/categories?post=5741"},{"taxonomy":"post_tag","embeddable":true,"href":"https:\/\/dastgmures.ro\/en\/wp-json\/wp\/v2\/tags?post=5741"}],"curies":[{"name":"wp","href":"https:\/\/api.w.org\/{rel}","templated":true}]}}