{"id":12015,"date":"2024-11-01T10:42:00","date_gmt":"2024-11-01T08:42:00","guid":{"rendered":"https:\/\/dastgmures.ro\/?p=12015"},"modified":"2024-11-26T12:59:58","modified_gmt":"2024-11-26T10:59:58","slug":"anunt-privind-organizarea-concursului-pentru-ocuparea-unui-post-vacant-de-ingrijitor-persoana-varstnica","status":"publish","type":"post","link":"https:\/\/dastgmures.ro\/hu\/hirek\/hirdetes-kiiras-palyazat-szervezese-az-idosgondozoi-allas-betoltesere\/","title":{"rendered":"\u00c9rtes\u00edt\u00e9s az id\u0151sgondoz\u00f3i \u00e1ll\u00e1s bet\u00f6lt\u00e9s\u00e9re ir\u00e1nyul\u00f3 versenyvizsga ki\u00edr\u00e1s\u00e1r\u00f3l"},"content":{"rendered":"<div data-elementor-type=\"wp-post\" data-elementor-id=\"12015\" class=\"elementor elementor-12015\">\n\t\t\t\t\t\t\t\t\t<section class=\"penci-section penci-disSticky penci-structure-10 elementor-section elementor-top-section elementor-element elementor-element-2af457fa elementor-section-boxed elementor-section-height-default elementor-section-height-default\" data-id=\"2af457fa\" data-element_type=\"section\">\n\t\t\t\t\t\t<div class=\"elementor-container elementor-column-gap-default\">\n\t\t\t\t\t<div class=\"penci-ercol-100 penci-ercol-order-1 penci-sticky-ct    elementor-column elementor-col-100 elementor-top-column elementor-element elementor-element-7af4429\" data-id=\"7af4429\" data-element_type=\"column\">\n\t\t\t<div class=\"elementor-widget-wrap elementor-element-populated\">\n\t\t\t\t\t\t\t\t<div class=\"elementor-element elementor-element-579be7d8 elementor-widget elementor-widget-text-editor\" data-id=\"579be7d8\" data-element_type=\"widget\" data-widget_type=\"text-editor.default\">\n\t\t\t\t<div class=\"elementor-widget-container\">\n\t\t\t<style>\/*! elementor - v3.7.8 - 02-10-2022 *\/\n.elementor-widget-text-editor.elementor-drop-cap-view-stacked .elementor-drop-cap{background-color:#818a91;color:#fff}.elementor-widget-text-editor.elementor-drop-cap-view-framed .elementor-drop-cap{color:#818a91;border:3px solid;background-color:transparent}.elementor-widget-text-editor:not(.elementor-drop-cap-view-default) .elementor-drop-cap{margin-top:8px}.elementor-widget-text-editor:not(.elementor-drop-cap-view-default) .elementor-drop-cap-letter{width:1em;height:1em}.elementor-widget-text-editor .elementor-drop-cap{float:left;text-align:center;line-height:1;font-size:50px}.elementor-widget-text-editor .elementor-drop-cap-letter{display:inline-block}<\/style>\t\t\t\t<p style=\"text-align: center;\"><strong>SZOCI\u00c1LIS SEG\u00c9LYEK IGAZGAT\u00d3S\u00c1GA MAROSV\u00c1S\u00c1RHELY<\/strong><\/p><p style=\"text-align: center;\"><strong>az 1336\/2022. sz. korm\u00e1nyhat\u00e1rozat \u00e9s annak k\u00e9s\u0151bbi m\u00f3dos\u00edt\u00e1sai \u00e9s kieg\u00e9sz\u00edt\u00e9sei alapj\u00e1n versenyvizsg\u00e1t hirdet a Kiemelt V\u00e9delmi Szolg\u00e1lat Feln\u0151ttek \u00e9s Id\u0151sek Oszt\u00e1ly\u00e1n bel\u00fcl az id\u0151sek gondoz\u00f3ja \u00e1ll\u00e1s bet\u00f6lt\u00e9se c\u00e9lj\u00e1b\u00f3l<\/strong><\/p><p>\u00a0<\/p><ul><li>1 \u00e1ll\u00e1s id\u0151sek gondoz\u00f3ja<\/li><\/ul><p><strong>K\u00fcl\u00f6nleges felt\u00e9telek: <\/strong><\/p><ul><li>k\u00f6z\u00e9pfok\u00fa vagy \u00e1ltal\u00e1nos oktat\u00e1s<\/li><li>el\u0151nyt jelent az otthoni \u00e1pol\u00e1si tanfolyam elv\u00e9gz\u00e9se.<\/li><\/ul><p><strong>\u00c1ltal\u00e1nos felt\u00e9telek:<\/strong><\/p><p>a) rom\u00e1n \u00e1llampolg\u00e1rs\u00e1ggal vagy az Eur\u00f3pai Uni\u00f3 m\u00e1s tag\u00e1llam\u00e1nak, az Eur\u00f3pai Gazdas\u00e1gi T\u00e9rs\u00e9gr\u0151l sz\u00f3l\u00f3 meg\u00e1llapod\u00e1sban (EGT) r\u00e9szes \u00e1llamnak vagy a Sv\u00e1jci \u00c1llamsz\u00f6vets\u00e9gnek az \u00e1llampolg\u00e1rs\u00e1g\u00e1val rendelkezik;<\/p><p>b) ismeri a rom\u00e1n nyelvet \u00edr\u00e1sban \u00e9s sz\u00f3ban;<\/p><p>c) rendelkezik a munkak\u00e9pess\u00e9ggel az 53\/2003. sz. t\u00f6rv\u00e9ny - Munka T\u00f6rv\u00e9nyk\u00f6nyve, \u00fajrak\u00f6zl\u00e9sre ker\u00fclt, a k\u00e9s\u0151bbi m\u00f3dos\u00edt\u00e1sokkal \u00e9s kieg\u00e9sz\u00edt\u00e9sekkel egy\u00fctt;<\/p><p>(d) a p\u00e1ly\u00e1z\u00f3 eg\u00e9szs\u00e9gi \u00e1llapota megfelel a p\u00e1ly\u00e1zott munkak\u00f6r bet\u00f6lt\u00e9s\u00e9hez sz\u00fcks\u00e9ges eg\u00e9szs\u00e9gi \u00e1llapotnak, amelyet a h\u00e1ziorvosa vagy az erre felhatalmazott eg\u00e9szs\u00e9g\u00fcgyi k\u00f6zpontok \u00e1ltal ki\u00e1ll\u00edtott orvosi igazol\u00e1ssal igazol;<\/p><p>(e) teljes\u00edti az iskolai v\u00e9gzetts\u00e9gre, a szakter\u00fcleten szerzett szolg\u00e1lati id\u0151re \u00e9s adott esetben a meghirdetett \u00e1ll\u00e1s k\u00f6vetelm\u00e9nyeinek megfelel\u0151 egy\u00e9b k\u00fcl\u00f6nleges felt\u00e9teleknek megfelel\u0151 felt\u00e9teleket;<\/p><p>f) nem \u00edt\u00e9lt\u00e9k el joger\u0151sen nemzetbiztons\u00e1g elleni, hat\u00f3s\u00e1g elleni, emberiess\u00e9g elleni, korrupci\u00f3s vagy szolg\u00e1lati b\u0171ncselekm\u00e9ny, hamis\u00edt\u00e1s vagy az igazs\u00e1gszolg\u00e1ltat\u00e1s elleni b\u0171ncselekm\u00e9ny, sz\u00e1nd\u00e9kosan elk\u00f6vetett olyan b\u0171ncselekm\u00e9ny miatt, amely a p\u00e1ly\u00e1z\u00f3 sz\u00e1m\u00e1ra \u00f6sszeegyeztethetetlenn\u00e9 tenn\u00e9 az \u00e1ltala megp\u00e1ly\u00e1zott szerz\u0151d\u00e9ses feladat ell\u00e1t\u00e1s\u00e1t, kiv\u00e9ve a rehabilit\u00e1ci\u00f3 eset\u00e9t;<\/p><p>g) nem t\u00f6lt olyan kieg\u00e9sz\u00edt\u0151 b\u00fcntet\u00e9st, amelynek \u00e9rtelm\u00e9ben eltiltott\u00e1k a tiszts\u00e9g visel\u00e9s\u00e9t\u0151l, a foglalkoz\u00e1s vagy kereskedelem gyakorl\u00e1s\u00e1t\u00f3l vagy a b\u0171ncselekm\u00e9ny elk\u00f6vet\u00e9s\u00e9hez haszn\u00e1lt tev\u00e9kenys\u00e9g gyakorl\u00e1s\u00e1t\u00f3l, vagy amellyel szemben nem alkalmazt\u00e1k a tiszts\u00e9g visel\u00e9s\u00e9t\u0151l vagy a foglalkoz\u00e1st\u00f3l val\u00f3 eltilt\u00e1s biztons\u00e1gi int\u00e9zked\u00e9s\u00e9t;<\/p><p>h) nem k\u00f6vette el az 1. cikk (1) bekezd\u00e9s\u00e9ben eml\u00edtett b\u0171ncselekm\u00e9nyeket. (2) bekezd\u00e9s\u00e9ben eml\u00edtett, a szexu\u00e1lis b\u0171ncselekm\u00e9nyeket, szem\u00e9lyeket vagy kiskor\u00faakat kizs\u00e1km\u00e1nyol\u00f3 b\u0171ncselekm\u00e9nyeket elk\u00f6vet\u0151 szem\u00e9lyek nemzeti automatiz\u00e1lt nyilv\u00e1ntart\u00e1s\u00e1r\u00f3l sz\u00f3l\u00f3 118\/2019. sz. t\u00f6rv\u00e9ny, valamint a m\u00f3dos\u00edtott, az igazs\u00e1g\u00fcgyi genetikai adatok nemzeti rendszer\u00e9nek megszervez\u00e9s\u00e9r\u0151l \u00e9s m\u0171k\u00f6d\u00e9s\u00e9r\u0151l sz\u00f3l\u00f3 76\/2008. sz. t\u00f6rv\u00e9ny 35. cikk\u00e9nek (2) bekezd\u00e9s\u00e9ben eml\u00edtett ter\u00fcletek tekintet\u00e9ben t\u00f6rt\u00e9n\u0151 kieg\u00e9sz\u00edt\u00e9s\u00e9hez. (1) lit.)<\/p><p><strong>A p\u00e1ly\u00e1zati dokument\u00e1ci\u00f3nak a k\u00f6vetkez\u0151 dokumentumokat kell tartalmaznia:<\/strong><\/p><p>(a) a 2. mell\u00e9kletben szerepl\u0151 mint\u00e1nak megfelel\u0151 jelentkez\u00e9si lapot;<\/p><p>b) a szem\u00e9lyazonos\u00edt\u00f3 igazolv\u00e1ny \u00e9rv\u00e9nyes m\u00e1solata vagy a szem\u00e9lyazonoss\u00e1got igazol\u00f3 b\u00e1rmely m\u00e1s, a jogszab\u00e1lyoknak megfelel\u0151 okm\u00e1ny;<\/p><p>c) adott esetben a h\u00e1zass\u00e1gi anyak\u00f6nyvi kivonat vagy m\u00e1s olyan dokumentum m\u00e1solata, amellyel a n\u00e9vv\u00e1ltoztat\u00e1s megval\u00f3sult;<\/p><p>d) a tanulm\u00e1nyok szintj\u00e9t igazol\u00f3 dokumentumok m\u00e1solatai \u00e9s a szakk\u00e9pes\u00edt\u00e9sek elv\u00e9gz\u00e9s\u00e9t igazol\u00f3 egy\u00e9b dokumentumok, valamint a hat\u00f3s\u00e1g vagy int\u00e9zm\u00e9ny \u00e1ltal k\u00e9rt, a munkak\u00f6rre vonatkoz\u00f3 k\u00fcl\u00f6nleges felt\u00e9telek teljes\u00edt\u00e9s\u00e9t igazol\u00f3 dokumentumok m\u00e1solatai;<\/p><p>e) a munkak\u00f6nyv m\u00e1solata, a munk\u00e1ltat\u00f3 \u00e1ltal a munkaviszony id\u0151tartam\u00e1r\u00f3l ki\u00e1ll\u00edtott igazol\u00e1s, amely igazolja a szolg\u00e1lati id\u0151 hossz\u00e1t \u00e9s a munkak\u00f6r bet\u00f6lt\u00e9s\u00e9hez sz\u00fcks\u00e9ges tanulm\u00e1nyok szakir\u00e1ny\u00e1t;<\/p><p>f) b\u0171n\u00fcgyi nyilv\u00e1ntart\u00e1si bizony\u00edtv\u00e1ny vagy adott esetben b\u0171n\u00fcgyi nyilv\u00e1ntart\u00e1si kivonat;<\/p><p>(g) a h\u00e1ziorvos vagy az erre felhatalmazott eg\u00e9szs\u00e9g\u00fcgyi egys\u00e9g \u00e1ltal ki\u00e1ll\u00edtott, a versenyvizsga el\u0151tt legfeljebb 6 h\u00f3nappal ki\u00e1ll\u00edtott orvosi igazol\u00e1s, amely igazolja, hogy a p\u00e1ly\u00e1z\u00f3 j\u00f3 eg\u00e9szs\u00e9gi \u00e1llapotban van;<\/p><p>h) a magatart\u00e1si integrit\u00e1sr\u00f3l sz\u00f3l\u00f3 igazol\u00e1s, amely igazolja, hogy nem t\u00f6rt\u00e9nt az 1. cikk (1) bekezd\u00e9s\u00e9ben eml\u00edtett b\u0171ncselekm\u00e9ny. a szexu\u00e1lis b\u0171ncselekm\u00e9nyeket, szem\u00e9lyeket kizs\u00e1km\u00e1nyol\u00f3 b\u0171ncselekm\u00e9nyeket vagy kiskor\u00faak elleni b\u0171ncselekm\u00e9nyeket elk\u00f6vet\u0151 szem\u00e9lyek nemzeti automatiz\u00e1lt nyilv\u00e1ntart\u00e1s\u00e1r\u00f3l sz\u00f3l\u00f3 118\/2019. sz. t\u00f6rv\u00e9ny (2) bekezd\u00e9s\u00e9ben foglaltak, valamint a m\u00f3dos\u00edtott, az igazs\u00e1g\u00fcgyi genetikai adatok nemzeti rendszer\u00e9nek megszervez\u00e9s\u00e9r\u0151l \u00e9s m\u0171k\u00f6d\u00e9s\u00e9r\u0151l sz\u00f3l\u00f3 76\/2008. sz. t\u00f6rv\u00e9ny kit\u00f6lt\u00e9s\u00e9hez az oktat\u00e1si, eg\u00e9szs\u00e9g\u00fcgyi vagy szoci\u00e1lis v\u00e9delmi rendszerben bet\u00f6ltend\u0151 \u00e1ll\u00e1sokra nyilv\u00e1ntart\u00e1sba vett jel\u00f6ltek, valamint minden olyan k\u00f6z- vagy mag\u00e1njogi szervezet eset\u00e9ben, amelynek tev\u00e9kenys\u00e9ge k\u00f6zvetlen kapcsolatot jelent gyermekekkel, id\u0151sekkel, fogyat\u00e9kkal \u00e9l\u0151 szem\u00e9lyekkel vagy m\u00e1s kiszolg\u00e1ltatott szem\u00e9lykateg\u00f3ri\u00e1kkal, vagy amely szem\u00e9ly fizikai vizsg\u00e1lat\u00e1val vagy pszichol\u00f3giai \u00e9rt\u00e9kel\u00e9s\u00e9vel j\u00e1r;<\/p><p>i) \u00f6n\u00e9letrajz, k\u00f6z\u00f6s eur\u00f3pai form\u00e1tumban.<\/p><p>pontban eml\u00edtett igazol\u00e1s indikat\u00edv mint\u00e1j\u00e1t az 1336\/2022 H.G. 3. mell\u00e9klete tartalmazza. Az eg\u00e9szs\u00e9g\u00fcgyi igazol\u00e1son egy\u00e9rtelm\u0171en fel kell t\u00fcntetni a ki\u00e1ll\u00edt\u00f3 sz\u00e1m\u00e1t, d\u00e1tum\u00e1t, nev\u00e9t \u00e9s min\u0151s\u00e9g\u00e9t, az eg\u00e9szs\u00e9g\u00fcgyi miniszter rendelet\u00e9ben meghat\u00e1rozott szabv\u00e1nyos form\u00e1tumban. Fogyat\u00e9koss\u00e1ggal \u00e9l\u0151 jel\u00f6ltek eset\u00e9ben az \u00e9sszer\u0171 alkalmazkod\u00e1s ir\u00e1nti k\u00e9relem eset\u00e9n az eg\u00e9szs\u00e9g\u00fcgyi igazol\u00e1shoz csatolni kell a fogyat\u00e9koss\u00e1gi fokozattal val\u00f3 besorol\u00e1sr\u00f3l sz\u00f3l\u00f3, a jogszab\u00e1lyoknak megfelel\u0151en ki\u00e1ll\u00edtott igazol\u00e1s m\u00e1solat\u00e1t.<\/p><p>A m\u00e1solatok megfelel\u0151s\u00e9g\u00e9nek ellen\u0151rz\u00e9se \u00e9rdek\u00e9ben a k\u00e9rt dokumentumok eredeti p\u00e9ld\u00e1ny\u00e1t is be kell mutatni.<\/p><p>A b)-e) pontban eml\u00edtett dokumentumok m\u00e1solat\u00e1t \u00e9s a fogyat\u00e9koss\u00e1gi besorol\u00e1st igazol\u00f3 bizony\u00edtv\u00e1ny m\u00e1solat\u00e1t az eredeti dokumentumokkal egy\u00fctt kell beny\u00fajtani, amelyekr\u0151l a vizsgabizotts\u00e1g titk\u00e1r\u00e1nak hiteles m\u00e1solatot kell k\u00e9sz\u00edtenie. pontban eml\u00edtett dokumentum helyettes\u00edthet\u0151 a b\u00fcntetlen el\u0151\u00e9letr\u0151l sz\u00f3l\u00f3 nyilatkozat. Ebben az esetben a felv\u00e9teli elj\u00e1r\u00e1sban elfogadhat\u00f3nak nyilv\u00e1n\u00edtott p\u00e1ly\u00e1z\u00f3nak a gyakorlati vizsga id\u0151pontja el\u0151tt ki kell eg\u00e9sz\u00edtenie a versenyvizsga-akt\u00e1t az f) pontban eml\u00edtett dokumentum eredeti p\u00e9ld\u00e1ny\u00e1val.<\/p><p>A p\u00e1ly\u00e1zati anyagokat a 34. cikkben meghat\u00e1rozott hat\u00e1rid\u0151n bel\u00fcl a hum\u00e1ner\u0151forr\u00e1s-oszt\u00e1lyon vagy adott esetben a versenyvizsga szervez\u00e9s\u00e9\u00e9rt \u00e9s lebonyol\u00edt\u00e1s\u00e1\u00e9rt felel\u0151s szervezeti egys\u00e9gn\u00e9l kell beny\u00fajtani, vagy a p\u00e1ly\u00e1z\u00f3k a 34. cikkben meghat\u00e1rozott hat\u00e1rid\u0151n bel\u00fcl a rom\u00e1n post\u00e1n, fut\u00e1rszolg\u00e1laton, elektronikus lev\u00e9lben vagy a hat\u00f3s\u00e1gok vagy k\u00f6zint\u00e9zm\u00e9nyek informatikai platformjain kereszt\u00fcl k\u00fcldhetik el. Amennyiben a p\u00e1ly\u00e1z\u00f3k postai \u00faton, fut\u00e1rszolg\u00e1lattal, elektronikus lev\u00e9lben vagy a hat\u00f3s\u00e1gok vagy k\u00f6zint\u00e9zm\u00e9nyek informatikai platformjain kereszt\u00fcl k\u00fcldik el p\u00e1ly\u00e1zati dokumentumaikat, egyedi azonos\u00edt\u00f3 k\u00f3djukat az \u00e1ltaluk k\u00f6z\u00f6lt e-mail c\u00edmre kapj\u00e1k meg, \u00e9s a 34. bekezd\u00e9sben eml\u00edtett dokumentumokat a vizsgabizotts\u00e1g titk\u00e1r\u00e1nak kell bemutatniuk. (1) bekezd\u00e9s b)-e) pontja szerinti eredeti p\u00e9ld\u00e1nyban a versenyvizsga teljes id\u0151tartama alatt, de legk\u00e9s\u0151bb az \u00edr\u00e1sbeli\/gyakorlati vizsga id\u0151pontj\u00e1ig, amennyiben az adott esetben alkalmazand\u00f3, ennek hi\u00e1ny\u00e1ban \u00fagy kell tekinteni, hogy nem kapt\u00e1k meg az adminisztrat\u00edv felv\u00e9teli okm\u00e1nyukat.<\/p><p>A dokumentumok elektronikus lev\u00e9lben vagy a hat\u00f3s\u00e1gok vagy k\u00f6zint\u00e9zm\u00e9nyek informatikai platformjain kereszt\u00fcl t\u00f6rt\u00e9n\u0151 tov\u00e1bb\u00edt\u00e1s\u00e1nak .pdf form\u00e1tumban kell t\u00f6rt\u00e9nnie, legfeljebb 1 MB terjedelemben, \u00e9s a dokumentumokat csak olvashat\u00f3 form\u00e1ban fogadj\u00e1k el.<\/p><p><strong>A verseny -- a Szoci\u00e1lis Seg\u00e9lyez\u00e9si Oszt\u00e1ly marosv\u00e1s\u00e1rhelyi sz\u00e9khely\u00e9n, a Gheorghe Doja utc\u00e1ban ker\u00fcl megrendez\u00e9sre:<\/strong><\/p><ul><li><strong>Gyakorlati teszt<\/strong><\/li><li><strong>Interj\u00fa<\/strong><\/li><\/ul><p><strong>A verseny menetrendje:<\/strong><\/p><ul><li><strong>november 14. 2024 - 12 \u00f3ra - a p\u00e1ly\u00e1zatok beny\u00fajt\u00e1s\u00e1nak hat\u00e1rideje<\/strong><\/li><li>november 15. 2024 - 12 \u00f3ra - a p\u00e1ly\u00e1zatok kiv\u00e1laszt\u00e1sa<\/li><li>november 18. 2024 - 12 \u00f3ra - a kiv\u00e1laszt\u00e1si eredm\u00e9nyek k\u00f6zz\u00e9t\u00e9tele<\/li><li>november 19. 2024 - 12 \u00f3ra - a p\u00e1ly\u00e1zatok kiv\u00e1laszt\u00e1s\u00e1val kapcsolatos fellebbez\u00e9sek beny\u00fajt\u00e1s\u00e1nak hat\u00e1rideje.<\/li><li>november 2024. 2024. november 20. - 12 \u00f3ra - a fellebbez\u00e9sek eredm\u00e9ny\u00e9r\u0151l sz\u00f3l\u00f3 \u00e9rtes\u00edt\u00e9s<\/li><\/ul><p>\u00a0<\/p><ul><li><strong>november 21. 2024 - 10 \u00f3ra - gyakorlati vizsga<\/strong><\/li><li>november 21. 2024 - 14:00 - a gyakorlati vizsga eredm\u00e9nyeinek k\u00f6zz\u00e9t\u00e9tele<\/li><li>november 22. 2024 - 14:00 - a gyakorlati vizsg\u00e1ra t\u00f6rt\u00e9n\u0151 fellebbez\u00e9sek hat\u00e1rideje<\/li><li>november 25. 2024 - 14:00 - a fellebbez\u00e9sek eredm\u00e9ny\u00e9r\u0151l sz\u00f3l\u00f3 \u00e9rtes\u00edt\u00e9s<\/li><\/ul><p>\u00a0<\/p><ul><li><strong>2024. november 26. - 10 \u00f3ra - interj\u00fa<\/strong><\/li><li>2024. november 26. - 14:00 - interj\u00fak eredm\u00e9nyeinek megjelen\u00edt\u00e9se<\/li><li>november 27. 2024 - 14:00 - a felv\u00e9teli besz\u00e9lget\u00e9sre val\u00f3 jelentkez\u00e9s hat\u00e1rideje<\/li><li>november 28. 2024 - 14:00 - \u00e9rtes\u00edt\u00e9s a fellebbez\u00e9sek eredm\u00e9ny\u00e9r\u0151l<\/li><li><strong>november 29. 2024<\/strong> <strong>- 14:00 - v\u00e9gleges eredm\u00e9nyhirdet\u00e9s<\/strong><\/li><\/ul><p><strong>Tov\u00e1bbi jelent\u00e9sek<\/strong> <strong>a k\u00f6vetkez\u0151 c\u00edmen \u00e9rhet\u0151 el<\/strong>: szem\u00e9lyzeti oszt\u00e1ly, telefon: 0365430859, e-mail: mihaela.plesa@tirgumures.ro \/ a www.dastgmures honlapon; kapcsolattart\u00f3 szem\u00e9ly: Plesa Mihaela Plesa.<\/p><p><strong>FELADATOK<\/strong><\/p><p>A k\u00f6vetkez\u0151 otthoni \u00e1pol\u00e1si szolg\u00e1ltat\u00e1sokat ny\u00fajtja a munkarendnek \u00e9s a min\u0151s\u00e9gi el\u0151\u00edr\u00e1soknak megfelel\u0151en:<\/p><ol><li>szoci\u00e1lis szolg\u00e1ltat\u00e1sok:<ul><li>a marginaliz\u00e1l\u00f3d\u00e1s megel\u0151z\u00e9se \u00e9s a t\u00e1rsadalmi reintegr\u00e1ci\u00f3 t\u00e1mogat\u00e1sa<\/li><li>jogi \u00e9s adminisztrat\u00edv tan\u00e1csad\u00e1s t\u00e1mogat\u00e1sa<\/li><li>a jelenlegi szolg\u00e1ltat\u00e1sok \u00e9s k\u00f6telezetts\u00e9gek (havi k\u00f6z\u00fczemi sz\u00e1ml\u00e1k stb.) kifizet\u00e9s\u00e9hez ny\u00fajtott t\u00e1mogat\u00e1s.<\/li><li>\u00f6szt\u00f6nzi a gondoz\u00f3 szem\u00e9lyis\u00e9g\u00e9t az\u00e1ltal, hogy \u00e9rzelmi kapcsolatot alak\u00edt ki vele<\/li><li>egy\u00fcttm\u0171k\u00f6dik az id\u0151s szem\u00e9ly csal\u00e1dj\u00e1val<\/li><li>v\u00e1s\u00e1rl\u00e1s (bele\u00e9rtve az orvos \u00e1ltal fel\u00edrt gy\u00f3gyszerek gy\u00f3gyszert\u00e1ri rendel\u00e9s\u00e9t is)<\/li><\/ul><\/li><\/ol><ol><li>szoci\u00e1lis-orvosi szolg\u00e1ltat\u00e1sok:<\/li><\/ol><ul><li>biztos\u00edtja, hogy az \u00e1polt szem\u00e9ly megfelel\u0151en t\u00e1pl\u00e1lkozzon<\/li><li>higi\u00e9nikus \u00e9s eg\u00e9szs\u00e9g\u00fcgyi k\u00f6r\u00fclm\u00e9nyek k\u00f6z\u00f6tt f\u0151z \u00e9s szolg\u00e1l fel \u00e9teleket<\/li><li>k\u00f6zvetlen\u00fcl etetni, vagy seg\u00edteni az id\u0151s szem\u00e9lyt, ha mag\u00e1nak kell t\u00e1pl\u00e1lkoznia.<\/li><li>seg\u00edts\u00e9get ny\u00fajt a szem\u00e9lyi higi\u00e9ni\u00e1hoz, feh\u00e9rnem\u0171h\u00f6z, \u00e1gynem\u0171h\u00f6z.<\/li><li>elk\u00eds\u00e9rni a beteget a mosd\u00f3ba, a mosd\u00f3ba<\/li><li>seg\u00edt az otthont az id\u0151s szem\u00e9ly ig\u00e9nyeihez igaz\u00edtani<\/li><li>megszervezi \u00e9s felel\u0151s a k\u00f6rnyezeti higi\u00e9niai felt\u00e9telek teljes\u00edt\u00e9s\u00e9\u00e9rt \u00e9s megfelel\u0151 fenntart\u00e1s\u00e1\u00e9rt<\/li><li>t\u00e1mogat\u00e1st ny\u00fajt az orvosok \u00e1ltal el\u0151\u00edrt kezel\u00e9sek elv\u00e9gz\u00e9s\u00e9ben (elk\u00eds\u00e9ri az id\u0151s szem\u00e9lyt a kezel\u00e9s helysz\u00edn\u00e9re, \u00e9s sz\u00fcks\u00e9g eset\u00e9n seg\u00edt a kezel\u00e9s sor\u00e1n).<\/li><li>a gy\u00f3gyszereket szigor\u00faan \u00e9s az orvos \u00e1ltal el\u0151\u00edrtaknak \u00e9s utas\u00edt\u00e1soknak megfelel\u0151en alkalmazza<\/li><\/ul><p>\u00a0<\/p><p style=\"text-align: center;\"><strong>\u00dcgyvezet\u0151 igazgat\u00f3<\/strong><\/p><p><a href=\"https:\/\/dastgmures.ro\/wp-content\/uploads\/2024\/11\/Cerere-inscriere.doc\" target=\"_blank\" rel=\"noopener\">Regisztr\u00e1ci\u00f3s k\u00e9relem<\/a><\/p><p><a href=\"https:\/\/dastgmures.ro\/wp-content\/uploads\/2024\/11\/CV_europass.doc\" target=\"_blank\" rel=\"noopener\">CV_europass<\/a><\/p><p><a href=\"https:\/\/dastgmures.ro\/wp-content\/uploads\/2024\/10\/acord-prelucrare-date.docx\" target=\"_blank\" rel=\"noopener\">meg\u00e1llapod\u00e1s-feldolgoz\u00e1si d\u00e1tum<\/a><\/p><p><a href=\"https:\/\/dastgmures.ro\/wp-content\/uploads\/2024\/11\/Rezultat-selectie-dosare.docx\" target=\"_blank\" rel=\"noopener\">Kiv\u00e1laszt\u00e1s eredm\u00e9nye<\/a><\/p><p><a href=\"https:\/\/dastgmures.ro\/wp-content\/uploads\/2024\/11\/Rezultate-proba-practica.docx\" target=\"_blank\" rel=\"noopener\">Gyakorlati vizsg\u00e1lati eredm\u00e9nyek<\/a><\/p><p><a href=\"https:\/\/dastgmures.ro\/wp-content\/uploads\/2024\/11\/Rezultat-interviu.docx\" target=\"_blank\" rel=\"noopener\">Interj\u00fa eredm\u00e9nye<\/a><\/p><p><a href=\"https:\/\/dastgmures.ro\/wp-content\/uploads\/2024\/11\/Rezultat-interviu.docx\" target=\"_blank\" rel=\"noopener\">Interj\u00fa eredm\u00e9nye<\/a><\/p>\t\t\t\t\t\t<\/div>\n\t\t\t\t<\/div>\n\t\t\t\t\t<\/div>\n\t\t<\/div>\n\t\t\t\t\t\t\t<\/div>\n\t\t<\/section>\n\t\t\t\t\t\t\t<\/div>","protected":false},"excerpt":{"rendered":"<p>A DIREC\u021aIA DE ASISTEN\u021a\u0102 SOCIAL T\u00c2RGU MURE\u0218 a k\u00e9s\u0151bbiekben m\u00f3dos\u00edtott \u00e9s kieg\u00e9sz\u00edtett 1336\/2022. sz. h.g. alapj\u00e1n versenyvizsg\u00e1t hirdet egy \u00fcres \u00e1ll\u00e1shely bet\u00f6lt\u00e9s\u00e9re....<\/p>","protected":false},"author":3,"featured_media":0,"comment_status":"closed","ping_status":"open","sticky":false,"template":"","format":"standard","meta":{"footnotes":""},"categories":[3],"tags":[],"class_list":["post-12015","post","type-post","status-publish","format-standard","hentry","category-stiri"],"yoast_head":"<!-- This site is optimized with the Yoast SEO plugin v19.13 - https:\/\/yoast.com\/wordpress\/plugins\/seo\/ -->\n<title>Anunt privind organizarea concursului pentru ocuparea unui post vacant de \u00eengrijitor persoan\u0103 v\u00e2rstnic\u0103 - Direc\u021bia de Asisten\u021b\u0103 Social\u0103 T\u00e2rgu Mure\u0219<\/title>\n<meta name=\"robots\" content=\"index, follow, max-snippet:-1, max-image-preview:large, max-video-preview:-1\" \/>\n<link rel=\"canonical\" href=\"https:\/\/dastgmures.ro\/hu\/hirek\/hirdetes-kiiras-palyazat-szervezese-az-idosgondozoi-allas-betoltesere\/\" \/>\n<meta property=\"og:locale\" content=\"hu_HU\" \/>\n<meta property=\"og:type\" content=\"article\" \/>\n<meta property=\"og:title\" content=\"Anunt privind organizarea concursului pentru ocuparea unui post vacant de \u00eengrijitor persoan\u0103 v\u00e2rstnic\u0103 - Direc\u021bia de Asisten\u021b\u0103 Social\u0103 T\u00e2rgu Mure\u0219\" \/>\n<meta property=\"og:description\" content=\"DIREC\u021aIA DE ASISTEN\u021a\u0102 SOCIAL\u0102 T\u00c2RGU MURE\u015e organizeaz\u0103 concurs conform H.G. nr. 1336\/2022, cu modific\u0103rile \u0219i complet\u0103rile ulterioare pentru ocuparea unui post vacant&hellip;\" \/>\n<meta property=\"og:url\" content=\"https:\/\/dastgmures.ro\/hu\/hirek\/hirdetes-kiiras-palyazat-szervezese-az-idosgondozoi-allas-betoltesere\/\" \/>\n<meta property=\"og:site_name\" content=\"Direc\u021bia de Asisten\u021b\u0103 Social\u0103 T\u00e2rgu Mure\u0219\" \/>\n<meta property=\"article:published_time\" content=\"2024-11-01T08:42:00+00:00\" \/>\n<meta property=\"article:modified_time\" content=\"2024-11-26T10:59:58+00:00\" \/>\n<meta name=\"author\" content=\"Cengher Ancuta\" \/>\n<meta name=\"twitter:card\" content=\"summary_large_image\" \/>\n<meta name=\"twitter:label1\" content=\"Szerz\u0151:\" \/>\n\t<meta name=\"twitter:data1\" content=\"Cengher Ancuta\" \/>\n\t<meta name=\"twitter:label2\" content=\"Becs\u00fclt olvas\u00e1si id\u0151\" \/>\n\t<meta name=\"twitter:data2\" content=\"8 perc\" \/>\n<script type=\"application\/ld+json\" class=\"yoast-schema-graph\">{\"@context\":\"https:\/\/schema.org\",\"@graph\":[{\"@type\":\"WebPage\",\"@id\":\"https:\/\/dastgmures.ro\/stiri\/anunt-privind-organizarea-concursului-pentru-ocuparea-unui-post-vacant-de-ingrijitor-persoana-varstnica\/\",\"url\":\"https:\/\/dastgmures.ro\/stiri\/anunt-privind-organizarea-concursului-pentru-ocuparea-unui-post-vacant-de-ingrijitor-persoana-varstnica\/\",\"name\":\"Anunt privind organizarea concursului pentru ocuparea unui post vacant de \u00eengrijitor persoan\u0103 v\u00e2rstnic\u0103 - Direc\u021bia de Asisten\u021b\u0103 Social\u0103 T\u00e2rgu Mure\u0219\",\"isPartOf\":{\"@id\":\"https:\/\/dastgmures.ro\/#website\"},\"datePublished\":\"2024-11-01T08:42:00+00:00\",\"dateModified\":\"2024-11-26T10:59:58+00:00\",\"author\":{\"@id\":\"https:\/\/dastgmures.ro\/#\/schema\/person\/722d8538b058ff4b9622da03f0635cdb\"},\"breadcrumb\":{\"@id\":\"https:\/\/dastgmures.ro\/stiri\/anunt-privind-organizarea-concursului-pentru-ocuparea-unui-post-vacant-de-ingrijitor-persoana-varstnica\/#breadcrumb\"},\"inLanguage\":\"hu\",\"potentialAction\":[{\"@type\":\"ReadAction\",\"target\":[\"https:\/\/dastgmures.ro\/stiri\/anunt-privind-organizarea-concursului-pentru-ocuparea-unui-post-vacant-de-ingrijitor-persoana-varstnica\/\"]}]},{\"@type\":\"BreadcrumbList\",\"@id\":\"https:\/\/dastgmures.ro\/stiri\/anunt-privind-organizarea-concursului-pentru-ocuparea-unui-post-vacant-de-ingrijitor-persoana-varstnica\/#breadcrumb\",\"itemListElement\":[{\"@type\":\"ListItem\",\"position\":1,\"name\":\"Prima pagin\u0103\",\"item\":\"https:\/\/dastgmures.ro\/\"},{\"@type\":\"ListItem\",\"position\":2,\"name\":\"Anunt privind organizarea concursului pentru ocuparea unui post vacant de \u00eengrijitor persoan\u0103 v\u00e2rstnic\u0103\"}]},{\"@type\":\"WebSite\",\"@id\":\"https:\/\/dastgmures.ro\/#website\",\"url\":\"https:\/\/dastgmures.ro\/\",\"name\":\"Direc\u021bia de Asisten\u021b\u0103 Social\u0103 T\u00e2rgu Mure\u0219\",\"description\":\"\",\"potentialAction\":[{\"@type\":\"SearchAction\",\"target\":{\"@type\":\"EntryPoint\",\"urlTemplate\":\"https:\/\/dastgmures.ro\/?s={search_term_string}\"},\"query-input\":\"required name=search_term_string\"}],\"inLanguage\":\"hu\"},{\"@type\":\"Person\",\"@id\":\"https:\/\/dastgmures.ro\/#\/schema\/person\/722d8538b058ff4b9622da03f0635cdb\",\"name\":\"Cengher Ancuta\",\"image\":{\"@type\":\"ImageObject\",\"inLanguage\":\"hu\",\"@id\":\"https:\/\/dastgmures.ro\/#\/schema\/person\/image\/\",\"url\":\"https:\/\/secure.gravatar.com\/avatar\/7baac334a37233bfb8f82a7a4d34c0f3e1bba84397c37d1c657e1e4c3fa1f226?s=96&d=mm&r=g\",\"contentUrl\":\"https:\/\/secure.gravatar.com\/avatar\/7baac334a37233bfb8f82a7a4d34c0f3e1bba84397c37d1c657e1e4c3fa1f226?s=96&d=mm&r=g\",\"caption\":\"Cengher Ancuta\"},\"url\":\"https:\/\/dastgmures.ro\/hu\/author\/cengher-ancuta\/\"}]}<\/script>\n<!-- \/ Yoast SEO plugin. -->","yoast_head_json":{"title":"Anunt privind organizarea concursului pentru ocuparea unui post vacant de \u00eengrijitor persoan\u0103 v\u00e2rstnic\u0103 - Direc\u021bia de Asisten\u021b\u0103 Social\u0103 T\u00e2rgu Mure\u0219","robots":{"index":"index","follow":"follow","max-snippet":"max-snippet:-1","max-image-preview":"max-image-preview:large","max-video-preview":"max-video-preview:-1"},"canonical":"https:\/\/dastgmures.ro\/hu\/hirek\/hirdetes-kiiras-palyazat-szervezese-az-idosgondozoi-allas-betoltesere\/","og_locale":"hu_HU","og_type":"article","og_title":"Anunt privind organizarea concursului pentru ocuparea unui post vacant de \u00eengrijitor persoan\u0103 v\u00e2rstnic\u0103 - Direc\u021bia de Asisten\u021b\u0103 Social\u0103 T\u00e2rgu Mure\u0219","og_description":"DIREC\u021aIA DE ASISTEN\u021a\u0102 SOCIAL\u0102 T\u00c2RGU MURE\u015e organizeaz\u0103 concurs conform H.G. nr. 1336\/2022, cu modific\u0103rile \u0219i complet\u0103rile ulterioare pentru ocuparea unui post vacant&hellip;","og_url":"https:\/\/dastgmures.ro\/hu\/hirek\/hirdetes-kiiras-palyazat-szervezese-az-idosgondozoi-allas-betoltesere\/","og_site_name":"Direc\u021bia de Asisten\u021b\u0103 Social\u0103 T\u00e2rgu Mure\u0219","article_published_time":"2024-11-01T08:42:00+00:00","article_modified_time":"2024-11-26T10:59:58+00:00","author":"Cengher Ancuta","twitter_card":"summary_large_image","twitter_misc":{"Szerz\u0151:":"Cengher Ancuta","Becs\u00fclt olvas\u00e1si id\u0151":"8 perc"},"schema":{"@context":"https:\/\/schema.org","@graph":[{"@type":"WebPage","@id":"https:\/\/dastgmures.ro\/stiri\/anunt-privind-organizarea-concursului-pentru-ocuparea-unui-post-vacant-de-ingrijitor-persoana-varstnica\/","url":"https:\/\/dastgmures.ro\/stiri\/anunt-privind-organizarea-concursului-pentru-ocuparea-unui-post-vacant-de-ingrijitor-persoana-varstnica\/","name":"Anunt privind organizarea concursului pentru ocuparea unui post vacant de \u00eengrijitor persoan\u0103 v\u00e2rstnic\u0103 - Direc\u021bia de Asisten\u021b\u0103 Social\u0103 T\u00e2rgu Mure\u0219","isPartOf":{"@id":"https:\/\/dastgmures.ro\/#website"},"datePublished":"2024-11-01T08:42:00+00:00","dateModified":"2024-11-26T10:59:58+00:00","author":{"@id":"https:\/\/dastgmures.ro\/#\/schema\/person\/722d8538b058ff4b9622da03f0635cdb"},"breadcrumb":{"@id":"https:\/\/dastgmures.ro\/stiri\/anunt-privind-organizarea-concursului-pentru-ocuparea-unui-post-vacant-de-ingrijitor-persoana-varstnica\/#breadcrumb"},"inLanguage":"hu","potentialAction":[{"@type":"ReadAction","target":["https:\/\/dastgmures.ro\/stiri\/anunt-privind-organizarea-concursului-pentru-ocuparea-unui-post-vacant-de-ingrijitor-persoana-varstnica\/"]}]},{"@type":"BreadcrumbList","@id":"https:\/\/dastgmures.ro\/stiri\/anunt-privind-organizarea-concursului-pentru-ocuparea-unui-post-vacant-de-ingrijitor-persoana-varstnica\/#breadcrumb","itemListElement":[{"@type":"ListItem","position":1,"name":"Prima pagin\u0103","item":"https:\/\/dastgmures.ro\/"},{"@type":"ListItem","position":2,"name":"Anunt privind organizarea concursului pentru ocuparea unui post vacant de \u00eengrijitor persoan\u0103 v\u00e2rstnic\u0103"}]},{"@type":"WebSite","@id":"https:\/\/dastgmures.ro\/#website","url":"https:\/\/dastgmures.ro\/","name":"Direc\u021bia de Asisten\u021b\u0103 Social\u0103 T\u00e2rgu Mure\u0219","description":"","potentialAction":[{"@type":"SearchAction","target":{"@type":"EntryPoint","urlTemplate":"https:\/\/dastgmures.ro\/?s={search_term_string}"},"query-input":"required name=search_term_string"}],"inLanguage":"hu"},{"@type":"Person","@id":"https:\/\/dastgmures.ro\/#\/schema\/person\/722d8538b058ff4b9622da03f0635cdb","name":"Cengher Ancuta","image":{"@type":"ImageObject","inLanguage":"hu","@id":"https:\/\/dastgmures.ro\/#\/schema\/person\/image\/","url":"https:\/\/secure.gravatar.com\/avatar\/7baac334a37233bfb8f82a7a4d34c0f3e1bba84397c37d1c657e1e4c3fa1f226?s=96&d=mm&r=g","contentUrl":"https:\/\/secure.gravatar.com\/avatar\/7baac334a37233bfb8f82a7a4d34c0f3e1bba84397c37d1c657e1e4c3fa1f226?s=96&d=mm&r=g","caption":"Cengher Ancuta"},"url":"https:\/\/dastgmures.ro\/hu\/author\/cengher-ancuta\/"}]}},"_links":{"self":[{"href":"https:\/\/dastgmures.ro\/hu\/wp-json\/wp\/v2\/posts\/12015","targetHints":{"allow":["GET"]}}],"collection":[{"href":"https:\/\/dastgmures.ro\/hu\/wp-json\/wp\/v2\/posts"}],"about":[{"href":"https:\/\/dastgmures.ro\/hu\/wp-json\/wp\/v2\/types\/post"}],"author":[{"embeddable":true,"href":"https:\/\/dastgmures.ro\/hu\/wp-json\/wp\/v2\/users\/3"}],"replies":[{"embeddable":true,"href":"https:\/\/dastgmures.ro\/hu\/wp-json\/wp\/v2\/comments?post=12015"}],"version-history":[{"count":7,"href":"https:\/\/dastgmures.ro\/hu\/wp-json\/wp\/v2\/posts\/12015\/revisions"}],"predecessor-version":[{"id":12343,"href":"https:\/\/dastgmures.ro\/hu\/wp-json\/wp\/v2\/posts\/12015\/revisions\/12343"}],"wp:attachment":[{"href":"https:\/\/dastgmures.ro\/hu\/wp-json\/wp\/v2\/media?parent=12015"}],"wp:term":[{"taxonomy":"category","embeddable":true,"href":"https:\/\/dastgmures.ro\/hu\/wp-json\/wp\/v2\/categories?post=12015"},{"taxonomy":"post_tag","embeddable":true,"href":"https:\/\/dastgmures.ro\/hu\/wp-json\/wp\/v2\/tags?post=12015"}],"curies":[{"name":"wp","href":"https:\/\/api.w.org\/{rel}","templated":true}]}}