{"id":12813,"date":"2025-02-26T10:57:12","date_gmt":"2025-02-26T08:57:12","guid":{"rendered":"https:\/\/dastgmures.ro\/?p=12813"},"modified":"2025-02-26T10:57:12","modified_gmt":"2025-02-26T08:57:12","slug":"das-targu-mures-colaborare-constanta-cu-mediul-privat-ong-uri","status":"publish","type":"post","link":"https:\/\/dastgmures.ro\/hu\/sajtokozlemeny\/das-targu-mures-constant-collaboration-with-private-medium-ongs\/","title":{"rendered":"DAS T\u00e2rgu Mure\u0219: folyamatos egy\u00fcttm\u0171k\u00f6d\u00e9s a mag\u00e1nszektorral - civil szervezetekkel"},"content":{"rendered":"<p><strong>Sajt\u00f3k\u00f6zlem\u00e9ny<\/strong><\/p>\n<p><strong>Marosv\u00e1s\u00e1rhely, 2025.02.26.<\/strong><\/p>\n<p><strong>\u00a0<\/strong><\/p>\n<p style=\"text-align: center;\"><strong>DAS T\u00e2rgu Mure\u0219: folyamatos egy\u00fcttm\u0171k\u00f6d\u00e9s a mag\u00e1nszektorral - civil szervezetekkel <\/strong><\/p>\n<p>&nbsp;<\/p>\n<p>A marosv\u00e1s\u00e1rhelyi Szoci\u00e1lis Seg\u00e9lyek Igazgat\u00f3s\u00e1g\u00e1nak (DAS) feladata a kiszolg\u00e1ltatott szem\u00e9lyek t\u00e1mogat\u00e1sa \u00e9s az \u00e9letmin\u0151s\u00e9g\u00fck jav\u00edt\u00e1s\u00e1t c\u00e9lz\u00f3 szoci\u00e1lpolitik\u00e1k v\u00e9grehajt\u00e1sa.<\/p>\n<p>A folyamatos kommunik\u00e1ci\u00f3 \u00e9s egy\u00fcttm\u0171k\u00f6d\u00e9s a mag\u00e1nszektorral, amelyet a Marosv\u00e1s\u00e1rhelyen a szoci\u00e1lis ter\u00fcleten m\u0171k\u00f6d\u0151 civil szervezetek k\u00e9pviselnek, nagy seg\u00edts\u00e9get jelent az azonnali beavatkoz\u00e1st ig\u00e9nyl\u0151 szoci\u00e1lis esetek azonos\u00edt\u00e1s\u00e1ban, valamint a szem\u00e9ly sz\u00fcks\u00e9gleteire \u00f6sszpontos\u00edt\u00f3 integr\u00e1lt szoci\u00e1lis szolg\u00e1ltat\u00e1sok ny\u00fajt\u00e1s\u00e1ban.<\/p>\n<p><em>\"A civil szervezetekkel egy\u00fctt siker\u00fclt jelent\u0151sen hozz\u00e1j\u00e1rulnunk a h\u00e1tr\u00e1nyos helyzet\u0171 emberek t\u00e1rsadalmi integr\u00e1ci\u00f3j\u00e1hoz, a kiszolg\u00e1ltatottak - gyermekek, id\u0151sek, fogyat\u00e9kkal \u00e9l\u0151k, vesz\u00e9lyeztetett csal\u00e1dok - jogainak v\u00e9delm\u00e9hez \u00e9s el\u0151mozd\u00edt\u00e1s\u00e1hoz, valamint egy eg\u00e9szs\u00e9gesebb \u00e9s befogad\u00f3bb k\u00f6rnyezet kialak\u00edt\u00e1s\u00e1hoz. Az int\u00e9zm\u00e9nyk\u00f6zi egy\u00fcttm\u0171k\u00f6d\u00e9s \u00e9s a nem korm\u00e1nyzati szervezetek bevon\u00e1sa szint\u00e9n hozz\u00e1j\u00e1rult a szoci\u00e1lis szolg\u00e1ltat\u00e1sok hat\u00e9konys\u00e1g\u00e1nak \u00e9s hat\u00e1s\u00e1nak n\u00f6vel\u00e9s\u00e9hez, mik\u00f6zben a beavatkoz\u00e1sok folyamatos nyomon k\u00f6vet\u00e9se \u00e9s aktualiz\u00e1l\u00e1sa biztos\u00edtja a t\u00e1rsadalmi csoportok v\u00e1ltoz\u00f3 ig\u00e9nyeinek megfelel\u0151 kiel\u00e9g\u00edt\u00e9s\u00e9t. A j\u00f6v\u0151ben partnereinkkel egy\u00fctt a t\u00e1rsadalmi kirekeszt\u00e9s elleni k\u00fczdelem \u00e9s a k\u00f6z\u00f6ss\u00e9gi szolidarit\u00e1s el\u0151mozd\u00edt\u00e1sa a c\u00e9lunk. <\/em><\/p>\n<p><em>Ebben az \u00f6sszef\u00fcgg\u00e9sben, szerd\u00e1n, 2025.02.26-\u00e1n, igazgat\u00f3s\u00e1gunk a HIFA Rom\u00e1nia Egyes\u00fclett\u0151l adom\u00e1nyk\u00e9nt 2 k\u00f6nyvet kapott 84 p\u00e9ld\u00e1nyban, rom\u00e1n \u00e9s magyar nyelven, amelyek \u00e1ltal\u00e1nos ismereteket tartalmaznak a fogyat\u00e9kkal \u00e9l\u0151k \u00e9let\u00e9r\u0151l, illetve fogyat\u00e9kkal \u00e9l\u0151k \u00e9lett\u00f6rt\u00e9neteit, mindkett\u0151 c\u00e9lja e t\u00e1rsadalmi kateg\u00f3ria jobb meg\u00e9rt\u00e9se, a vel\u00fck val\u00f3 kommunik\u00e1ci\u00f3 \u00e9s kapcsolatok jav\u00edt\u00e1sa, illetve a lehet\u0151s\u00e9g, hogy szolg\u00e1ltat\u00e1sainkat e kiszolg\u00e1ltatott csoport jav\u00e1ra professzionaliz\u00e1ljuk. A k\u00f6nyvek egy r\u00e9sz\u00e9t a DAS T\u00e2rgu Mure\u0219 munkat\u00e1rsai sz\u00e1m\u00e1ra sz\u00e1njuk, akik k\u00f6zvetlen\u00fcl r\u00e9szt vesznek a fogyat\u00e9kkal \u00e9l\u0151k sz\u00e1m\u00e1ra ny\u00fajtott juttat\u00e1sok \u00e9s szoci\u00e1lis seg\u00e9lyek biztos\u00edt\u00e1s\u00e1ban, a m\u00e1sik r\u00e9sz\u00e9t pedig munkat\u00e1rsaink gondoz\u00e1s\u00e1n kereszt\u00fcl tov\u00e1bb fogjuk terjeszteni a gondoz\u00e1sunkban \u00e9s nyilv\u00e1ntart\u00e1sunkban szerepl\u0151 szem\u00e9lyek \u00e9s csal\u00e1dok k\u00f6z\u00f6tt.\". <\/em>A DAS T\u00e2rgu Mure\u0219 k\u00e9pvisel\u0151i elmondt\u00e1k.<\/p>\n<p style=\"text-align: center;\"><strong>Marosv\u00e1s\u00e1rhelyi Szoci\u00e1lis Seg\u00e9lyez\u00e9si Oszt\u00e1ly<\/strong><\/p>\n<div id=\"penci-post-gallery__89533\" class=\"penci-post-gallery-container masonry grid column-3\" data-height=\"150\" data-margin=\"3\"><div class=\"inner-gallery-masonry-container\"><div class=\"item-gallery-masonry grid\"><a class=\"penci-gallery-ite item-link-relative\" href=\"https:\/\/dastgmures.ro\/wp-content\/uploads\/2025\/02\/IMG_1999-scaled.jpg\"><div class=\"inner-item-masonry-gallery\"><span class=\"penci-isotope-padding\" style=\"padding-bottom:66.66666667%;\"><\/span><img decoding=\"async\" src=\"https:\/\/dastgmures.ro\/wp-content\/uploads\/2025\/02\/IMG_1999-585x390.jpg\" alt=\"\" title=\"IMG_1999\"><\/div><\/a><\/div><div class=\"item-gallery-masonry grid\"><a class=\"penci-gallery-ite item-link-relative\" href=\"https:\/\/dastgmures.ro\/wp-content\/uploads\/2025\/02\/1a1b17f7-ff0f-4bc6-9e1d-16cd234569c1.jpg\"><div class=\"inner-item-masonry-gallery\"><span class=\"penci-isotope-padding\" style=\"padding-bottom:66.66666667%;\"><\/span><img decoding=\"async\" src=\"https:\/\/dastgmures.ro\/wp-content\/uploads\/2025\/02\/1a1b17f7-ff0f-4bc6-9e1d-16cd234569c1-585x390.jpg\" alt=\"\" title=\"1a1b17f7-ff0f-4bc6-9e1d-16cd234569c1\"><\/div><\/a><\/div><div class=\"item-gallery-masonry grid\"><a class=\"penci-gallery-ite item-link-relative\" href=\"https:\/\/dastgmures.ro\/wp-content\/uploads\/2025\/02\/911c7833-2eae-48a6-b80b-2b65d80a93df.jpg\"><div class=\"inner-item-masonry-gallery\"><span class=\"penci-isotope-padding\" style=\"padding-bottom:66.66666667%;\"><\/span><img decoding=\"async\" src=\"https:\/\/dastgmures.ro\/wp-content\/uploads\/2025\/02\/911c7833-2eae-48a6-b80b-2b65d80a93df-585x390.jpg\" alt=\"\" title=\"911c7833-2eae-48a6-b80b-2b65d80a93df\"><\/div><\/a><\/div><\/div><\/div>","protected":false},"excerpt":{"rendered":"<p>Sajt\u00f3k\u00f6zlem\u00e9ny Marosv\u00e1s\u00e1rhely, 26.02.2025 DAS T\u00e2rgu Mure\u0219: folyamatos egy\u00fcttm\u0171k\u00f6d\u00e9s a mag\u00e1nszektorral - civil szervezetekkel A szoci\u00e1lis seg\u00e9lyek oszt\u00e1lya a...<\/p>","protected":false},"author":2,"featured_media":0,"comment_status":"closed","ping_status":"open","sticky":false,"template":"","format":"standard","meta":{"footnotes":""},"categories":[5],"tags":[],"class_list":["post-12813","post","type-post","status-publish","format-standard","hentry","category-comunicate-de-presa"],"yoast_head":"<!-- This site is optimized with the Yoast SEO plugin v19.13 - https:\/\/yoast.com\/wordpress\/plugins\/seo\/ -->\n<title>DAS T\u00e2rgu Mure\u0219: colaborare constant\u0103 cu mediul privat - ONG-uri - Direc\u021bia de Asisten\u021b\u0103 Social\u0103 T\u00e2rgu Mure\u0219<\/title>\n<meta name=\"robots\" content=\"index, follow, max-snippet:-1, max-image-preview:large, max-video-preview:-1\" \/>\n<link rel=\"canonical\" href=\"https:\/\/dastgmures.ro\/hu\/sajtokozlemeny\/das-targu-mures-constant-collaboration-with-private-medium-ongs\/\" \/>\n<meta property=\"og:locale\" content=\"hu_HU\" \/>\n<meta property=\"og:type\" content=\"article\" \/>\n<meta property=\"og:title\" content=\"DAS T\u00e2rgu Mure\u0219: colaborare constant\u0103 cu mediul privat - ONG-uri - Direc\u021bia de Asisten\u021b\u0103 Social\u0103 T\u00e2rgu Mure\u0219\" \/>\n<meta property=\"og:description\" content=\"Comunicat de pres\u0103 T\u00e2rgu Mure\u0219, 26.02.2025 \u00a0 DAS T\u00e2rgu Mure\u0219: colaborare constant\u0103 cu mediul privat &#8211; ONG-uri &nbsp; Direc\u021bia de Asisten\u021b\u0103 Social\u0103&hellip;\" \/>\n<meta property=\"og:url\" content=\"https:\/\/dastgmures.ro\/hu\/sajtokozlemeny\/das-targu-mures-constant-collaboration-with-private-medium-ongs\/\" \/>\n<meta property=\"og:site_name\" content=\"Direc\u021bia de Asisten\u021b\u0103 Social\u0103 T\u00e2rgu Mure\u0219\" \/>\n<meta property=\"article:published_time\" content=\"2025-02-26T08:57:12+00:00\" \/>\n<meta property=\"og:image\" content=\"https:\/\/dastgmures.ro\/wp-content\/uploads\/2025\/02\/IMG_1999-585x390.jpg\" \/>\n<meta name=\"author\" content=\"Hirlav Mariana\" \/>\n<meta name=\"twitter:card\" content=\"summary_large_image\" \/>\n<meta name=\"twitter:label1\" content=\"Szerz\u0151:\" \/>\n\t<meta name=\"twitter:data1\" content=\"Hirlav Mariana\" \/>\n\t<meta name=\"twitter:label2\" content=\"Becs\u00fclt olvas\u00e1si id\u0151\" \/>\n\t<meta name=\"twitter:data2\" content=\"2 perc\" \/>\n<script type=\"application\/ld+json\" class=\"yoast-schema-graph\">{\"@context\":\"https:\/\/schema.org\",\"@graph\":[{\"@type\":\"WebPage\",\"@id\":\"https:\/\/dastgmures.ro\/comunicate-de-presa\/das-targu-mures-colaborare-constanta-cu-mediul-privat-ong-uri\/\",\"url\":\"https:\/\/dastgmures.ro\/comunicate-de-presa\/das-targu-mures-colaborare-constanta-cu-mediul-privat-ong-uri\/\",\"name\":\"DAS T\u00e2rgu Mure\u0219: colaborare constant\u0103 cu mediul privat - ONG-uri - Direc\u021bia de Asisten\u021b\u0103 Social\u0103 T\u00e2rgu Mure\u0219\",\"isPartOf\":{\"@id\":\"https:\/\/dastgmures.ro\/#website\"},\"datePublished\":\"2025-02-26T08:57:12+00:00\",\"dateModified\":\"2025-02-26T08:57:12+00:00\",\"author\":{\"@id\":\"https:\/\/dastgmures.ro\/#\/schema\/person\/090d5ba892b6c29413e6ec4c1ffa93ff\"},\"breadcrumb\":{\"@id\":\"https:\/\/dastgmures.ro\/comunicate-de-presa\/das-targu-mures-colaborare-constanta-cu-mediul-privat-ong-uri\/#breadcrumb\"},\"inLanguage\":\"hu\",\"potentialAction\":[{\"@type\":\"ReadAction\",\"target\":[\"https:\/\/dastgmures.ro\/comunicate-de-presa\/das-targu-mures-colaborare-constanta-cu-mediul-privat-ong-uri\/\"]}]},{\"@type\":\"BreadcrumbList\",\"@id\":\"https:\/\/dastgmures.ro\/comunicate-de-presa\/das-targu-mures-colaborare-constanta-cu-mediul-privat-ong-uri\/#breadcrumb\",\"itemListElement\":[{\"@type\":\"ListItem\",\"position\":1,\"name\":\"Prima pagin\u0103\",\"item\":\"https:\/\/dastgmures.ro\/\"},{\"@type\":\"ListItem\",\"position\":2,\"name\":\"DAS T\u00e2rgu Mure\u0219: colaborare constant\u0103 cu mediul privat &#8211; ONG-uri\"}]},{\"@type\":\"WebSite\",\"@id\":\"https:\/\/dastgmures.ro\/#website\",\"url\":\"https:\/\/dastgmures.ro\/\",\"name\":\"Direc\u021bia de Asisten\u021b\u0103 Social\u0103 T\u00e2rgu Mure\u0219\",\"description\":\"\",\"potentialAction\":[{\"@type\":\"SearchAction\",\"target\":{\"@type\":\"EntryPoint\",\"urlTemplate\":\"https:\/\/dastgmures.ro\/?s={search_term_string}\"},\"query-input\":\"required name=search_term_string\"}],\"inLanguage\":\"hu\"},{\"@type\":\"Person\",\"@id\":\"https:\/\/dastgmures.ro\/#\/schema\/person\/090d5ba892b6c29413e6ec4c1ffa93ff\",\"name\":\"Hirlav Mariana\",\"image\":{\"@type\":\"ImageObject\",\"inLanguage\":\"hu\",\"@id\":\"https:\/\/dastgmures.ro\/#\/schema\/person\/image\/\",\"url\":\"https:\/\/secure.gravatar.com\/avatar\/844b59c83dd256e2fbea16ab729e9ebd12763bbeb25f1d84279672f9e7745da1?s=96&d=mm&r=g\",\"contentUrl\":\"https:\/\/secure.gravatar.com\/avatar\/844b59c83dd256e2fbea16ab729e9ebd12763bbeb25f1d84279672f9e7745da1?s=96&d=mm&r=g\",\"caption\":\"Hirlav Mariana\"},\"url\":\"https:\/\/dastgmures.ro\/hu\/author\/hirlav-mariana\/\"}]}<\/script>\n<!-- \/ Yoast SEO plugin. -->","yoast_head_json":{"title":"DAS T\u00e2rgu Mure\u0219: colaborare constant\u0103 cu mediul privat - ONG-uri - Direc\u021bia de Asisten\u021b\u0103 Social\u0103 T\u00e2rgu Mure\u0219","robots":{"index":"index","follow":"follow","max-snippet":"max-snippet:-1","max-image-preview":"max-image-preview:large","max-video-preview":"max-video-preview:-1"},"canonical":"https:\/\/dastgmures.ro\/hu\/sajtokozlemeny\/das-targu-mures-constant-collaboration-with-private-medium-ongs\/","og_locale":"hu_HU","og_type":"article","og_title":"DAS T\u00e2rgu Mure\u0219: colaborare constant\u0103 cu mediul privat - ONG-uri - Direc\u021bia de Asisten\u021b\u0103 Social\u0103 T\u00e2rgu Mure\u0219","og_description":"Comunicat de pres\u0103 T\u00e2rgu Mure\u0219, 26.02.2025 \u00a0 DAS T\u00e2rgu Mure\u0219: colaborare constant\u0103 cu mediul privat &#8211; ONG-uri &nbsp; Direc\u021bia de Asisten\u021b\u0103 Social\u0103&hellip;","og_url":"https:\/\/dastgmures.ro\/hu\/sajtokozlemeny\/das-targu-mures-constant-collaboration-with-private-medium-ongs\/","og_site_name":"Direc\u021bia de Asisten\u021b\u0103 Social\u0103 T\u00e2rgu Mure\u0219","article_published_time":"2025-02-26T08:57:12+00:00","og_image":[{"url":"https:\/\/dastgmures.ro\/wp-content\/uploads\/2025\/02\/IMG_1999-585x390.jpg"}],"author":"Hirlav Mariana","twitter_card":"summary_large_image","twitter_misc":{"Szerz\u0151:":"Hirlav Mariana","Becs\u00fclt olvas\u00e1si id\u0151":"2 perc"},"schema":{"@context":"https:\/\/schema.org","@graph":[{"@type":"WebPage","@id":"https:\/\/dastgmures.ro\/comunicate-de-presa\/das-targu-mures-colaborare-constanta-cu-mediul-privat-ong-uri\/","url":"https:\/\/dastgmures.ro\/comunicate-de-presa\/das-targu-mures-colaborare-constanta-cu-mediul-privat-ong-uri\/","name":"DAS T\u00e2rgu Mure\u0219: colaborare constant\u0103 cu mediul privat - ONG-uri - Direc\u021bia de Asisten\u021b\u0103 Social\u0103 T\u00e2rgu Mure\u0219","isPartOf":{"@id":"https:\/\/dastgmures.ro\/#website"},"datePublished":"2025-02-26T08:57:12+00:00","dateModified":"2025-02-26T08:57:12+00:00","author":{"@id":"https:\/\/dastgmures.ro\/#\/schema\/person\/090d5ba892b6c29413e6ec4c1ffa93ff"},"breadcrumb":{"@id":"https:\/\/dastgmures.ro\/comunicate-de-presa\/das-targu-mures-colaborare-constanta-cu-mediul-privat-ong-uri\/#breadcrumb"},"inLanguage":"hu","potentialAction":[{"@type":"ReadAction","target":["https:\/\/dastgmures.ro\/comunicate-de-presa\/das-targu-mures-colaborare-constanta-cu-mediul-privat-ong-uri\/"]}]},{"@type":"BreadcrumbList","@id":"https:\/\/dastgmures.ro\/comunicate-de-presa\/das-targu-mures-colaborare-constanta-cu-mediul-privat-ong-uri\/#breadcrumb","itemListElement":[{"@type":"ListItem","position":1,"name":"Prima pagin\u0103","item":"https:\/\/dastgmures.ro\/"},{"@type":"ListItem","position":2,"name":"DAS T\u00e2rgu Mure\u0219: colaborare constant\u0103 cu mediul privat &#8211; ONG-uri"}]},{"@type":"WebSite","@id":"https:\/\/dastgmures.ro\/#website","url":"https:\/\/dastgmures.ro\/","name":"Direc\u021bia de Asisten\u021b\u0103 Social\u0103 T\u00e2rgu Mure\u0219","description":"","potentialAction":[{"@type":"SearchAction","target":{"@type":"EntryPoint","urlTemplate":"https:\/\/dastgmures.ro\/?s={search_term_string}"},"query-input":"required name=search_term_string"}],"inLanguage":"hu"},{"@type":"Person","@id":"https:\/\/dastgmures.ro\/#\/schema\/person\/090d5ba892b6c29413e6ec4c1ffa93ff","name":"Hirlav Mariana","image":{"@type":"ImageObject","inLanguage":"hu","@id":"https:\/\/dastgmures.ro\/#\/schema\/person\/image\/","url":"https:\/\/secure.gravatar.com\/avatar\/844b59c83dd256e2fbea16ab729e9ebd12763bbeb25f1d84279672f9e7745da1?s=96&d=mm&r=g","contentUrl":"https:\/\/secure.gravatar.com\/avatar\/844b59c83dd256e2fbea16ab729e9ebd12763bbeb25f1d84279672f9e7745da1?s=96&d=mm&r=g","caption":"Hirlav Mariana"},"url":"https:\/\/dastgmures.ro\/hu\/author\/hirlav-mariana\/"}]}},"_links":{"self":[{"href":"https:\/\/dastgmures.ro\/hu\/wp-json\/wp\/v2\/posts\/12813","targetHints":{"allow":["GET"]}}],"collection":[{"href":"https:\/\/dastgmures.ro\/hu\/wp-json\/wp\/v2\/posts"}],"about":[{"href":"https:\/\/dastgmures.ro\/hu\/wp-json\/wp\/v2\/types\/post"}],"author":[{"embeddable":true,"href":"https:\/\/dastgmures.ro\/hu\/wp-json\/wp\/v2\/users\/2"}],"replies":[{"embeddable":true,"href":"https:\/\/dastgmures.ro\/hu\/wp-json\/wp\/v2\/comments?post=12813"}],"version-history":[{"count":2,"href":"https:\/\/dastgmures.ro\/hu\/wp-json\/wp\/v2\/posts\/12813\/revisions"}],"predecessor-version":[{"id":12818,"href":"https:\/\/dastgmures.ro\/hu\/wp-json\/wp\/v2\/posts\/12813\/revisions\/12818"}],"wp:attachment":[{"href":"https:\/\/dastgmures.ro\/hu\/wp-json\/wp\/v2\/media?parent=12813"}],"wp:term":[{"taxonomy":"category","embeddable":true,"href":"https:\/\/dastgmures.ro\/hu\/wp-json\/wp\/v2\/categories?post=12813"},{"taxonomy":"post_tag","embeddable":true,"href":"https:\/\/dastgmures.ro\/hu\/wp-json\/wp\/v2\/tags?post=12813"}],"curies":[{"name":"wp","href":"https:\/\/api.w.org\/{rel}","templated":true}]}}