{"id":15692,"date":"2026-04-30T13:55:00","date_gmt":"2026-04-30T11:55:00","guid":{"rendered":"https:\/\/dastgmures.ro\/?p=15692"},"modified":"2026-04-30T13:55:00","modified_gmt":"2026-04-30T11:55:00","slug":"directia-de-asistenta-sociala-das-targu-mures-program-de-1-mai-2026","status":"publish","type":"post","link":"https:\/\/dastgmures.ro\/hu\/hirek\/directia-de-asistenta-sociala-das-targu-mures-program-de-1-mai-2026\/","title":{"rendered":"Direc\u021bia de Asisten\u021b\u0103 Social\u0103 (DAS) T\u00e2rgu Mure\u0219: PROGRAM DE 1 MAI 2026"},"content":{"rendered":"<p><strong>Bejelent\u00e9s<\/strong><\/p>\n<p><strong>T\u00e2rgu Mure\u0219, 30.04.2026<\/strong><\/p>\n<p><strong>\u00a0<\/strong><\/p>\n<p style=\"text-align: center;\"><strong>Direc\u021bia de Asisten\u021b\u0103 Social\u0103 (DAS) T\u00e2rgu Mure\u0219: PROGRAM DE 1 MAI 2026<\/strong><\/p>\n<p><strong>\u00a0<\/strong><\/p>\n<p><strong>Direc\u021bia de Asisten\u021b\u0103 Social\u0103 T\u00e2rgu Mure\u0219 aduce la cuno\u0219tin\u021ba persoanelor interesate c\u0103 nu va avea program de lucru cu publicul vineri, 1 mai 2026 (Ziua Muncii) fiind decretat\u0103 prin lege ca zi liber\u0103 nelucr\u0103toare. <\/strong><\/p>\n<p>\u00cencep\u00e2nd de luni, 4 mai 2026, Direc\u021bia de Asisten\u021b\u0103 Social\u0103 T\u00e2rgu Mure\u0219 \u00ee\u0219i va relua programul obi\u0219nuit de lucru cu publicul, respectiv: Luni \u0219i miercuri: 08:00 \u2013 14:30; Mar\u021bi \u0219i joi: 08:00 \u2013 16:00; Vineri: 08:00 \u2013 14:00.<\/p>\n<p>Persoanele interesate de ob\u021binerea beneficiilor\/serviciilor de asisten\u021b\u0103 social\u0103 pot consulta informa\u021biile necesare direct pe site-ul institu\u021biei <a href=\"https:\/\/dastgmures.ro\/hu\/\" target=\"_blank\" rel=\"noopener\">www.dastgmures.ro<\/a>. De asemenea, actele\/cererile \u00een format online, pot fi transmise, at\u00e2t prin intermediul site-ului mai sus amintit, dar \u0219i pe adresa de e-mail: <a href=\"mailto:registratura.das@tirgumures.ro\" target=\"_blank\" rel=\"noopener\">registratura.das@tirgumures.ro<\/a>, amelyet az \u00e1tad\u00e1st k\u00f6vet\u0151 els\u0151 munkanapon kell nyilv\u00e1ntart\u00e1sba venni.<\/p>\n<p style=\"text-align: center;\"><strong>Marosv\u00e1s\u00e1rhelyi Szoci\u00e1lis Seg\u00e9lyez\u00e9si Oszt\u00e1ly<\/strong><\/p>\n<p><img decoding=\"async\" class=\"aligncenter wp-image-15693 size-full\" src=\"https:\/\/dastgmures.ro\/wp-content\/uploads\/2026\/04\/international-worker-s-day-celebration-scaled.jpg\" alt=\"\" width=\"2560\" height=\"1707\" srcset=\"https:\/\/dastgmures.ro\/wp-content\/uploads\/2026\/04\/international-worker-s-day-celebration-scaled.jpg 2560w, https:\/\/dastgmures.ro\/wp-content\/uploads\/2026\/04\/international-worker-s-day-celebration-300x200.jpg 300w, https:\/\/dastgmures.ro\/wp-content\/uploads\/2026\/04\/international-worker-s-day-celebration-1024x683.jpg 1024w, https:\/\/dastgmures.ro\/wp-content\/uploads\/2026\/04\/international-worker-s-day-celebration-768x512.jpg 768w, https:\/\/dastgmures.ro\/wp-content\/uploads\/2026\/04\/international-worker-s-day-celebration-1536x1024.jpg 1536w, https:\/\/dastgmures.ro\/wp-content\/uploads\/2026\/04\/international-worker-s-day-celebration-2048x1365.jpg 2048w, https:\/\/dastgmures.ro\/wp-content\/uploads\/2026\/04\/international-worker-s-day-celebration-18x12.jpg 18w, https:\/\/dastgmures.ro\/wp-content\/uploads\/2026\/04\/international-worker-s-day-celebration-1920x1280.jpg 1920w, https:\/\/dastgmures.ro\/wp-content\/uploads\/2026\/04\/international-worker-s-day-celebration-1170x780.jpg 1170w, https:\/\/dastgmures.ro\/wp-content\/uploads\/2026\/04\/international-worker-s-day-celebration-585x390.jpg 585w, https:\/\/dastgmures.ro\/wp-content\/uploads\/2026\/04\/international-worker-s-day-celebration-263x175.jpg 263w\" sizes=\"(max-width: 2560px) 100vw, 2560px\" \/><\/p>","protected":false},"excerpt":{"rendered":"<p>Anun\u021b T\u00e2rgu Mure\u0219, 30.04.2026 \u00a0 Direc\u021bia de Asisten\u021b\u0103 Social\u0103 (DAS) T\u00e2rgu Mure\u0219: PROGRAM DE 1 MAI 2026 \u00a0 Direc\u021bia de Asisten\u021b\u0103 Social\u0103&hellip;<\/p>","protected":false},"author":2,"featured_media":0,"comment_status":"closed","ping_status":"open","sticky":false,"template":"","format":"standard","meta":{"footnotes":""},"categories":[3],"tags":[],"class_list":["post-15692","post","type-post","status-publish","format-standard","hentry","category-stiri"],"yoast_head":"<!-- This site is optimized with the Yoast SEO plugin v19.13 - https:\/\/yoast.com\/wordpress\/plugins\/seo\/ -->\n<title>Direc\u021bia de Asisten\u021b\u0103 Social\u0103 (DAS) T\u00e2rgu Mure\u0219: PROGRAM DE 1 MAI 2026 - Direc\u021bia de Asisten\u021b\u0103 Social\u0103 T\u00e2rgu Mure\u0219<\/title>\n<meta name=\"robots\" content=\"index, follow, max-snippet:-1, max-image-preview:large, max-video-preview:-1\" \/>\n<link rel=\"canonical\" href=\"https:\/\/dastgmures.ro\/hu\/hirek\/directia-de-asistenta-sociala-das-targu-mures-program-de-1-mai-2026\/\" \/>\n<meta property=\"og:locale\" content=\"hu_HU\" \/>\n<meta property=\"og:type\" content=\"article\" \/>\n<meta property=\"og:title\" content=\"Direc\u021bia de Asisten\u021b\u0103 Social\u0103 (DAS) T\u00e2rgu Mure\u0219: PROGRAM DE 1 MAI 2026 - Direc\u021bia de Asisten\u021b\u0103 Social\u0103 T\u00e2rgu Mure\u0219\" \/>\n<meta property=\"og:description\" content=\"Anun\u021b T\u00e2rgu Mure\u0219, 30.04.2026 \u00a0 Direc\u021bia de Asisten\u021b\u0103 Social\u0103 (DAS) T\u00e2rgu Mure\u0219: PROGRAM DE 1 MAI 2026 \u00a0 Direc\u021bia de Asisten\u021b\u0103 Social\u0103&hellip;\" \/>\n<meta property=\"og:url\" content=\"https:\/\/dastgmures.ro\/hu\/hirek\/directia-de-asistenta-sociala-das-targu-mures-program-de-1-mai-2026\/\" \/>\n<meta property=\"og:site_name\" content=\"Direc\u021bia de Asisten\u021b\u0103 Social\u0103 T\u00e2rgu Mure\u0219\" \/>\n<meta property=\"article:published_time\" content=\"2026-04-30T11:55:00+00:00\" \/>\n<meta property=\"og:image\" content=\"https:\/\/dastgmures.ro\/wp-content\/uploads\/2026\/04\/international-worker-s-day-celebration-scaled.jpg\" \/>\n<meta name=\"author\" content=\"Hirlav Mariana\" \/>\n<meta name=\"twitter:card\" content=\"summary_large_image\" \/>\n<meta name=\"twitter:label1\" content=\"Szerz\u0151:\" \/>\n\t<meta name=\"twitter:data1\" content=\"Hirlav Mariana\" \/>\n\t<meta name=\"twitter:label2\" content=\"Becs\u00fclt olvas\u00e1si id\u0151\" \/>\n\t<meta name=\"twitter:data2\" content=\"1 perc\" \/>\n<script type=\"application\/ld+json\" class=\"yoast-schema-graph\">{\"@context\":\"https:\/\/schema.org\",\"@graph\":[{\"@type\":\"WebPage\",\"@id\":\"https:\/\/dastgmures.ro\/stiri\/directia-de-asistenta-sociala-das-targu-mures-program-de-1-mai-2026\/\",\"url\":\"https:\/\/dastgmures.ro\/stiri\/directia-de-asistenta-sociala-das-targu-mures-program-de-1-mai-2026\/\",\"name\":\"Direc\u021bia de Asisten\u021b\u0103 Social\u0103 (DAS) T\u00e2rgu Mure\u0219: PROGRAM DE 1 MAI 2026 - Direc\u021bia de Asisten\u021b\u0103 Social\u0103 T\u00e2rgu Mure\u0219\",\"isPartOf\":{\"@id\":\"https:\/\/dastgmures.ro\/#website\"},\"datePublished\":\"2026-04-30T11:55:00+00:00\",\"dateModified\":\"2026-04-30T11:55:00+00:00\",\"author\":{\"@id\":\"https:\/\/dastgmures.ro\/#\/schema\/person\/090d5ba892b6c29413e6ec4c1ffa93ff\"},\"breadcrumb\":{\"@id\":\"https:\/\/dastgmures.ro\/stiri\/directia-de-asistenta-sociala-das-targu-mures-program-de-1-mai-2026\/#breadcrumb\"},\"inLanguage\":\"hu\",\"potentialAction\":[{\"@type\":\"ReadAction\",\"target\":[\"https:\/\/dastgmures.ro\/stiri\/directia-de-asistenta-sociala-das-targu-mures-program-de-1-mai-2026\/\"]}]},{\"@type\":\"BreadcrumbList\",\"@id\":\"https:\/\/dastgmures.ro\/stiri\/directia-de-asistenta-sociala-das-targu-mures-program-de-1-mai-2026\/#breadcrumb\",\"itemListElement\":[{\"@type\":\"ListItem\",\"position\":1,\"name\":\"Prima pagin\u0103\",\"item\":\"https:\/\/dastgmures.ro\/\"},{\"@type\":\"ListItem\",\"position\":2,\"name\":\"Direc\u021bia de Asisten\u021b\u0103 Social\u0103 (DAS) T\u00e2rgu Mure\u0219: PROGRAM DE 1 MAI 2026\"}]},{\"@type\":\"WebSite\",\"@id\":\"https:\/\/dastgmures.ro\/#website\",\"url\":\"https:\/\/dastgmures.ro\/\",\"name\":\"Direc\u021bia de Asisten\u021b\u0103 Social\u0103 T\u00e2rgu Mure\u0219\",\"description\":\"\",\"potentialAction\":[{\"@type\":\"SearchAction\",\"target\":{\"@type\":\"EntryPoint\",\"urlTemplate\":\"https:\/\/dastgmures.ro\/?s={search_term_string}\"},\"query-input\":\"required name=search_term_string\"}],\"inLanguage\":\"hu\"},{\"@type\":\"Person\",\"@id\":\"https:\/\/dastgmures.ro\/#\/schema\/person\/090d5ba892b6c29413e6ec4c1ffa93ff\",\"name\":\"Hirlav Mariana\",\"image\":{\"@type\":\"ImageObject\",\"inLanguage\":\"hu\",\"@id\":\"https:\/\/dastgmures.ro\/#\/schema\/person\/image\/\",\"url\":\"https:\/\/secure.gravatar.com\/avatar\/844b59c83dd256e2fbea16ab729e9ebd12763bbeb25f1d84279672f9e7745da1?s=96&d=mm&r=g\",\"contentUrl\":\"https:\/\/secure.gravatar.com\/avatar\/844b59c83dd256e2fbea16ab729e9ebd12763bbeb25f1d84279672f9e7745da1?s=96&d=mm&r=g\",\"caption\":\"Hirlav Mariana\"},\"url\":\"https:\/\/dastgmures.ro\/hu\/author\/hirlav-mariana\/\"}]}<\/script>\n<!-- \/ Yoast SEO plugin. -->","yoast_head_json":{"title":"Direc\u021bia de Asisten\u021b\u0103 Social\u0103 (DAS) T\u00e2rgu Mure\u0219: PROGRAM DE 1 MAI 2026 - Direc\u021bia de Asisten\u021b\u0103 Social\u0103 T\u00e2rgu Mure\u0219","robots":{"index":"index","follow":"follow","max-snippet":"max-snippet:-1","max-image-preview":"max-image-preview:large","max-video-preview":"max-video-preview:-1"},"canonical":"https:\/\/dastgmures.ro\/hu\/hirek\/directia-de-asistenta-sociala-das-targu-mures-program-de-1-mai-2026\/","og_locale":"hu_HU","og_type":"article","og_title":"Direc\u021bia de Asisten\u021b\u0103 Social\u0103 (DAS) T\u00e2rgu Mure\u0219: PROGRAM DE 1 MAI 2026 - Direc\u021bia de Asisten\u021b\u0103 Social\u0103 T\u00e2rgu Mure\u0219","og_description":"Anun\u021b T\u00e2rgu Mure\u0219, 30.04.2026 \u00a0 Direc\u021bia de Asisten\u021b\u0103 Social\u0103 (DAS) T\u00e2rgu Mure\u0219: PROGRAM DE 1 MAI 2026 \u00a0 Direc\u021bia de Asisten\u021b\u0103 Social\u0103&hellip;","og_url":"https:\/\/dastgmures.ro\/hu\/hirek\/directia-de-asistenta-sociala-das-targu-mures-program-de-1-mai-2026\/","og_site_name":"Direc\u021bia de Asisten\u021b\u0103 Social\u0103 T\u00e2rgu Mure\u0219","article_published_time":"2026-04-30T11:55:00+00:00","og_image":[{"url":"https:\/\/dastgmures.ro\/wp-content\/uploads\/2026\/04\/international-worker-s-day-celebration-scaled.jpg"}],"author":"Hirlav Mariana","twitter_card":"summary_large_image","twitter_misc":{"Szerz\u0151:":"Hirlav Mariana","Becs\u00fclt olvas\u00e1si id\u0151":"1 perc"},"schema":{"@context":"https:\/\/schema.org","@graph":[{"@type":"WebPage","@id":"https:\/\/dastgmures.ro\/stiri\/directia-de-asistenta-sociala-das-targu-mures-program-de-1-mai-2026\/","url":"https:\/\/dastgmures.ro\/stiri\/directia-de-asistenta-sociala-das-targu-mures-program-de-1-mai-2026\/","name":"Direc\u021bia de Asisten\u021b\u0103 Social\u0103 (DAS) T\u00e2rgu Mure\u0219: PROGRAM DE 1 MAI 2026 - Direc\u021bia de Asisten\u021b\u0103 Social\u0103 T\u00e2rgu Mure\u0219","isPartOf":{"@id":"https:\/\/dastgmures.ro\/#website"},"datePublished":"2026-04-30T11:55:00+00:00","dateModified":"2026-04-30T11:55:00+00:00","author":{"@id":"https:\/\/dastgmures.ro\/#\/schema\/person\/090d5ba892b6c29413e6ec4c1ffa93ff"},"breadcrumb":{"@id":"https:\/\/dastgmures.ro\/stiri\/directia-de-asistenta-sociala-das-targu-mures-program-de-1-mai-2026\/#breadcrumb"},"inLanguage":"hu","potentialAction":[{"@type":"ReadAction","target":["https:\/\/dastgmures.ro\/stiri\/directia-de-asistenta-sociala-das-targu-mures-program-de-1-mai-2026\/"]}]},{"@type":"BreadcrumbList","@id":"https:\/\/dastgmures.ro\/stiri\/directia-de-asistenta-sociala-das-targu-mures-program-de-1-mai-2026\/#breadcrumb","itemListElement":[{"@type":"ListItem","position":1,"name":"Prima pagin\u0103","item":"https:\/\/dastgmures.ro\/"},{"@type":"ListItem","position":2,"name":"Direc\u021bia de Asisten\u021b\u0103 Social\u0103 (DAS) T\u00e2rgu Mure\u0219: PROGRAM DE 1 MAI 2026"}]},{"@type":"WebSite","@id":"https:\/\/dastgmures.ro\/#website","url":"https:\/\/dastgmures.ro\/","name":"Direc\u021bia de Asisten\u021b\u0103 Social\u0103 T\u00e2rgu Mure\u0219","description":"","potentialAction":[{"@type":"SearchAction","target":{"@type":"EntryPoint","urlTemplate":"https:\/\/dastgmures.ro\/?s={search_term_string}"},"query-input":"required name=search_term_string"}],"inLanguage":"hu"},{"@type":"Person","@id":"https:\/\/dastgmures.ro\/#\/schema\/person\/090d5ba892b6c29413e6ec4c1ffa93ff","name":"Hirlav Mariana","image":{"@type":"ImageObject","inLanguage":"hu","@id":"https:\/\/dastgmures.ro\/#\/schema\/person\/image\/","url":"https:\/\/secure.gravatar.com\/avatar\/844b59c83dd256e2fbea16ab729e9ebd12763bbeb25f1d84279672f9e7745da1?s=96&d=mm&r=g","contentUrl":"https:\/\/secure.gravatar.com\/avatar\/844b59c83dd256e2fbea16ab729e9ebd12763bbeb25f1d84279672f9e7745da1?s=96&d=mm&r=g","caption":"Hirlav Mariana"},"url":"https:\/\/dastgmures.ro\/hu\/author\/hirlav-mariana\/"}]}},"_links":{"self":[{"href":"https:\/\/dastgmures.ro\/hu\/wp-json\/wp\/v2\/posts\/15692","targetHints":{"allow":["GET"]}}],"collection":[{"href":"https:\/\/dastgmures.ro\/hu\/wp-json\/wp\/v2\/posts"}],"about":[{"href":"https:\/\/dastgmures.ro\/hu\/wp-json\/wp\/v2\/types\/post"}],"author":[{"embeddable":true,"href":"https:\/\/dastgmures.ro\/hu\/wp-json\/wp\/v2\/users\/2"}],"replies":[{"embeddable":true,"href":"https:\/\/dastgmures.ro\/hu\/wp-json\/wp\/v2\/comments?post=15692"}],"version-history":[{"count":1,"href":"https:\/\/dastgmures.ro\/hu\/wp-json\/wp\/v2\/posts\/15692\/revisions"}],"predecessor-version":[{"id":15694,"href":"https:\/\/dastgmures.ro\/hu\/wp-json\/wp\/v2\/posts\/15692\/revisions\/15694"}],"wp:attachment":[{"href":"https:\/\/dastgmures.ro\/hu\/wp-json\/wp\/v2\/media?parent=15692"}],"wp:term":[{"taxonomy":"category","embeddable":true,"href":"https:\/\/dastgmures.ro\/hu\/wp-json\/wp\/v2\/categories?post=15692"},{"taxonomy":"post_tag","embeddable":true,"href":"https:\/\/dastgmures.ro\/hu\/wp-json\/wp\/v2\/tags?post=15692"}],"curies":[{"name":"wp","href":"https:\/\/api.w.org\/{rel}","templated":true}]}}