{"id":1902,"date":"2022-10-11T14:36:51","date_gmt":"2022-10-11T14:36:51","guid":{"rendered":"https:\/\/dastgmures.ro\/?p=1902"},"modified":"2022-10-11T14:46:36","modified_gmt":"2022-10-11T14:46:36","slug":"anunt-de-procedura-selectie-parteneri-in-cadrul-planului-national-de-redresare-si-rezilienta","status":"publish","type":"post","link":"https:\/\/dastgmures.ro\/hu\/hirek\/a-partnerek-kivalasztasi-eljarasanak-bejelentese-a-nemzeti-helyreallitasi-es-ellenallokepessegi-terv-kereteben\/","title":{"rendered":"A nemzeti helyre\u00e1ll\u00edt\u00e1si \u00e9s alkalmazkod\u00f3k\u00e9pess\u00e9gi tervben r\u00e9szt vev\u0151 partnerek kiv\u00e1laszt\u00e1si elj\u00e1r\u00e1s\u00e1nak meghirdet\u00e9se"},"content":{"rendered":"<p>Marosv\u00e1s\u00e1rhelyi Szoci\u00e1lis Seg\u00e9lyez\u00e9si Oszt\u00e1ly <strong>bejelenti a mag\u00e1npartnerek kiv\u00e1laszt\u00e1si elj\u00e1r\u00e1s\u00e1nak megszervez\u00e9s\u00e9t<\/strong> partners\u00e9gi meg\u00e1llapod\u00e1s megk\u00f6t\u00e9se a nemzeti helyre\u00e1ll\u00edt\u00e1si \u00e9s alkalmazkod\u00f3k\u00e9pess\u00e9gi terv keret\u00e9ben t\u00f6rt\u00e9n\u0151 finansz\u00edroz\u00e1sra ir\u00e1nyul\u00f3 projektp\u00e1ly\u00e1zat el\u0151k\u00e9sz\u00edt\u00e9se \u00e9s beny\u00fajt\u00e1sa c\u00e9lj\u00e1b\u00f3l;<\/p>\n<p>13. komponens - Szoci\u00e1lis reformok<\/p>\n<p>I1. beruh\u00e1z\u00e1s: Nappali k\u00f6zpontok h\u00e1l\u00f3zat\u00e1nak l\u00e9trehoz\u00e1sa a csal\u00e1dok sz\u00e9tv\u00e1laszt\u00e1sa \u00e1ltal vesz\u00e9lyeztetett gyermekek sz\u00e1m\u00e1ra a nemzeti helyre\u00e1ll\u00edt\u00e1si \u00e9s alkalmazkod\u00f3k\u00e9pess\u00e9gi terv (NRRP) keret\u00e9ben;<\/p>\n<p>a rendelkez\u00e9seknek megfelel\u0151en:<\/p>\n<p><strong>K\u00fcl\u00f6nleges \u00fatmutat\u00f3 - A nemzeti helyre\u00e1ll\u00edt\u00e1si tervhez kapcsol\u00f3d\u00f3 eur\u00f3pai forr\u00e1sokhoz val\u00f3 hozz\u00e1f\u00e9r\u00e9s felt\u00e9telei \u00e9s a <\/strong><strong>Rugalmass\u00e1g<\/strong>.<\/p>\n<p><u>\u00c1ltal\u00e1nos k\u00f6vetelm\u00e9nyek<\/u> amelyeknek a partnernek meg kell felelnie ahhoz, hogy a partner kiv\u00e1laszt\u00e1sra ker\u00fclj\u00f6n a j\u00f6v\u0151beli projektre vonatkoz\u00f3 p\u00e1ly\u00e1zat beny\u00fajt\u00e1s\u00e1hoz, \u00e9s <u>T\u00e1mogathat\u00f3s\u00e1gi felt\u00e9telek<\/u> a Csal\u00e1d\u00fcgyi, Ifj\u00fas\u00e1gi \u00e9s Es\u00e9lyegyenl\u0151s\u00e9gi Miniszt\u00e9rium (MFTE\u0218) honlapj\u00e1n k\u00f6zz\u00e9tett \u00e9s j\u00f3v\u00e1hagyott \"K\u00fcl\u00f6nleges \u00fatmutat\u00f3 - A nemzeti helyre\u00e1ll\u00edt\u00e1si \u00e9s rugalmass\u00e1gi tervhez kapcsol\u00f3d\u00f3 eur\u00f3pai forr\u00e1sokhoz val\u00f3 hozz\u00e1f\u00e9r\u00e9s felt\u00e9telei\" c\u00edm\u0171 PNRR\/2022\/C13\/I1 sz\u00e1m\u00fa p\u00e1ly\u00e1zati felh\u00edv\u00e1s keret\u00e9ben.<\/p>\n<p>&nbsp;<\/p>\n<ol>\n<li><strong>A program konkr\u00e9t c\u00e9lkit\u0171z\u00e9se<\/strong><\/li>\n<\/ol>\n<p>&nbsp;<\/p>\n<p>\"A beruh\u00e1z\u00e1s c\u00e9lja mintegy 150 szoci\u00e1lis szolg\u00e1ltat\u00e1s l\u00e9trehoz\u00e1sa a gyermekek csal\u00e1dt\u00f3l val\u00f3 elszakad\u00e1s\u00e1nak megel\u0151z\u00e9s\u00e9re, amelyek k\u00f6z\u00fcl legal\u00e1bb 10%-nek jelent\u0151s roma lakoss\u00e1ggal rendelkez\u0151 telep\u00fcl\u00e9seken kell m\u0171k\u00f6dnie, telep\u00fcl\u00e9si, v\u00e1rosi \u00e9s k\u00f6zs\u00e9gi szinten:<\/p>\n<p>- Nappali k\u00f6zpontok a sz\u00fcleikt\u0151l val\u00f3 elv\u00e1l\u00e1s vesz\u00e9ly\u00e9nek kitett gyermekek sz\u00e1m\u00e1ra;<\/p>\n<p>- Fogyat\u00e9kkal \u00e9l\u0151 gyermekek nappali rehabilit\u00e1ci\u00f3s k\u00f6zpontjai;<\/p>\n<p>- Nappali k\u00f6zpontok tan\u00e1csad\u00e1sra \u00e9s t\u00e1mogat\u00e1sra a sz\u00fcl\u0151k \u00e9s gyermekek sz\u00e1m\u00e1ra.<\/p>\n<p>&nbsp;<\/p>\n<p>Az \u00fajonnan l\u00e9trehozott nappali k\u00f6zpontok ak\u00e1r 4 500 gyermek sz\u00e1m\u00e1ra biztos\u00edtanak hozz\u00e1f\u00e9r\u00e9st szoci\u00e1lis t\u00e1mogat\u00f3 szolg\u00e1ltat\u00e1sokhoz, hogy megel\u0151zz\u00e9k a gyermekek csal\u00e1djukt\u00f3l val\u00f3 elszakad\u00e1s\u00e1t. Ez a felh\u00edv\u00e1s az \u00f6nkorm\u00e1nyzatok, v\u00e1rosok \u00e9s k\u00f6zs\u00e9gek akkredit\u00e1lt \u00e1llami szoci\u00e1lis szolg\u00e1ltat\u00f3knak sz\u00f3l, akik \u00f6n\u00e1ll\u00f3an vagy akkredit\u00e1lt mag\u00e1n szoci\u00e1lis szolg\u00e1ltat\u00f3kkal partners\u00e9gben napk\u00f6ziket hozhatnak l\u00e9tre az orsz\u00e1g valamennyi r\u00e9gi\u00f3j\u00e1ban.\"<\/p>\n<p>&nbsp;<\/p>\n<ol start=\"2\">\n<li><strong>A projekt \u00e1ltal\u00e1nos c\u00e9lkit\u0171z\u00e9se<\/strong><\/li>\n<\/ol>\n<p>&nbsp;<\/p>\n<p>Az \u00e1ltal\u00e1nos c\u00e9l a h\u00e1tr\u00e1nyos helyzet\u0171 csoportok integr\u00e1ci\u00f3j\u00e1nak \u00e9s a szoci\u00e1lis szolg\u00e1ltat\u00e1sokhoz val\u00f3 hozz\u00e1f\u00e9r\u00e9s\u00e9nek fokoz\u00e1sa a sz\u00fcleikt\u0151l val\u00f3 elszakad\u00e1ssal fenyegetett gyermekek sz\u00e1m\u00e1ra l\u00e9trehozott nappali k\u00f6zpont l\u00e9trehoz\u00e1s\u00e1val, amelynek tev\u00e9kenys\u00e9gei megel\u0151zik a gyermekek csal\u00e1djukt\u00f3l val\u00f3 elszakad\u00e1s\u00e1t \u00e9s az iskolai lemorzsol\u00f3d\u00e1st.<\/p>\n<p><strong>\u00a0\u00a0\u00a0\u00a0\u00a0\u00a0\u00a0\u00a0\u00a0\u00a0\u00a0\u00a0\u00a0\u00a0\u00a0\u00a0\u00a0\u00a0\u00a0\u00a0\u00a0\u00a0\u00a0 <\/strong><\/p>\n<ol start=\"3\">\n<li><strong>A k\u00e9relem c\u00e9lja:<\/strong><\/li>\n<\/ol>\n<p>&nbsp;<\/p>\n<p>A projekt megteremti a sz\u00fcks\u00e9ges keretet a gyermekek csal\u00e1di nevel\u00e9s\u00e9t \u00e9s gondoz\u00e1s\u00e1t t\u00e1mogat\u00f3 szoci\u00e1lis szolg\u00e1ltat\u00e1sok fejleszt\u00e9s\u00e9hez az\u00e1ltal, hogy integr\u00e1lt t\u00e1mogat\u00e1si mechanizmust hoz l\u00e9tre a sz\u00fcl\u0151k sz\u00e1m\u00e1ra a csal\u00e1di \u00e9s a szakmai \u00e9let k\u00f6z\u00f6tti egyens\u00faly biztos\u00edt\u00e1sa \u00e9rdek\u00e9ben, a gyermekek napk\u00f6zbeni ell\u00e1t\u00e1sa (gyermeknapk\u00f6zi), az iskolai lemorzsol\u00f3d\u00e1s megel\u0151z\u00e9se a roma gyermekek \u00e9s a saj\u00e1tos nevel\u00e9si ig\u00e9ny\u0171 gyermekek iskolai, szoci\u00e1lis \u00e9s \u00e9rzelmi k\u00e9szs\u00e9geinek fejleszt\u00e9s\u00e9re \u00e9s meger\u0151s\u00edt\u00e9s\u00e9re \u00e9p\u00fcl\u0151, r\u00e9szv\u00e9telen alapul\u00f3, kreat\u00edv-rekre\u00e1ci\u00f3s, gyermekk\u00f6zpont\u00fa fejleszt\u00e9s \u00e1tfog\u00f3 programja r\u00e9v\u00e9n.<\/p>\n<ol start=\"4\">\n<li>A projekt f\u0151 tev\u00e9kenys\u00e9gei a k\u00f6vetkez\u0151k:<\/li>\n<\/ol>\n<ul>\n<li>A PT el\u0151k\u00e9sz\u00edt\u00e9se \u00e9s a ter\u00fcletfejleszt\u00e9shez sz\u00fcks\u00e9ges enged\u00e9lyek\/meg\u00e1llapod\u00e1sok\/enged\u00e9lyek beszerz\u00e9se.<\/li>\n<li>A t\u00e9rrendez\u00e9si munk\u00e1k elv\u00e9gz\u00e9se<\/li>\n<li>Technikai seg\u00edts\u00e9gny\u00fajt\u00e1si szolg\u00e1ltat\u00e1sok ny\u00fajt\u00e1sa a tervez\u0151 \u00e9s a helysz\u00edn vezet\u00e9se r\u00e9sz\u00e9r\u0151l<\/li>\n<li>A k\u00f6zbeszerz\u00e9si dokumentumok el\u0151k\u00e9sz\u00edt\u00e9se \u00e9s a gazdas\u00e1gi szerepl\u0151kkel val\u00f3 szerz\u0151d\u00e9sk\u00f6t\u00e9s tev\u00e9kenys\u00e9ge.<\/li>\n<li>A megk\u00f6t\u00f6tt k\u00f6zbeszerz\u00e9si szerz\u0151d\u00e9sek nyomon k\u00f6vet\u00e9se \u00e9s a projektmenedzsment<\/li>\n<li>Berendez\u00e9sek\/b\u00fatorok stb. beszerz\u00e9se<\/li>\n<li>Projektmenedzsment \u00e9s p\u00e9nz\u00fcgyi ir\u00e1ny\u00edt\u00e1si tev\u00e9kenys\u00e9g a projekten bel\u00fcl<\/li>\n<li>T\u00e1j\u00e9koztat\u00e1si \u00e9s rekl\u00e1mtev\u00e9kenys\u00e9g a projekt keret\u00e9ben<\/li>\n<li>A szem\u00e9lyzet kiv\u00e1laszt\u00e1sa \u00e9s felv\u00e9tele\n<ul>\n<li>Bels\u0151 elj\u00e1r\u00e1sok \u00e9s dokumentumcsomagok kidolgoz\u00e1sa: ROI, ROF, a napi jelenl\u00e9ti list\u00e1k havi nyilv\u00e1ntart\u00e1sa, a kedvezm\u00e9nyezettek szem\u00e9lyes nyilv\u00e1ntart\u00e1sa, a gyermekek szolg\u00e1ltat\u00e1si nyilv\u00e1ntart\u00e1sa.<\/li>\n<\/ul>\n<\/li>\n<li>A szervezett t\u00e1mogat\u00e1si int\u00e9zked\u00e9sekben r\u00e9szt vev\u0151 c\u00e9lcsoport kiv\u00e1laszt\u00e1sa<\/li>\n<li>Az iskol\u00e1n k\u00edv\u00fcli oktat\u00e1si programok alaptev\u00e9kenys\u00e9gei<\/li>\n<li>Akt\u00edv-r\u00e9szv\u00e9teli, interakt\u00edv, gyermekk\u00f6zpont\u00fa tev\u00e9kenys\u00e9gek<\/li>\n<li>A korai iskolaelhagy\u00e1s megel\u0151z\u00e9s\u00e9t c\u00e9lz\u00f3 tev\u00e9kenys\u00e9gek m\u0171v\u00e9szeti, szabadt\u00e9ri oktat\u00e1si \u00e9s egy\u00e9b, a gyermekek tehets\u00e9g\u00e9t, csapatszellem\u00e9t \u00e9s kreativit\u00e1s\u00e1t fejleszt\u0151 tev\u00e9kenys\u00e9gek r\u00e9v\u00e9n.<\/li>\n<li>\u00c9tkez\u00e9si tev\u00e9kenys\u00e9gek<\/li>\n<li>Szabadt\u00e9ri szabadid\u0151s \u00e9s oktat\u00e1si tev\u00e9kenys\u00e9gek<\/li>\n<\/ul>\n<p>&nbsp;<\/p>\n<ol start=\"5\">\n<li>Tev\u00e9kenys\u00e9gek, amelyekben a partner(ek) r\u00e9szt vesz(nek):<\/li>\n<\/ol>\n<p>&nbsp;<\/p>\n<p>Az aj\u00e1nlattev\u0151knek a 2. mell\u00e9kletben szerepl\u0151 tev\u00e9kenys\u00e9geket kell ismertetni\u00fck.<\/p>\n<p>A projektben kiv\u00e1lasztott partnerek r\u00e9szt vesznek a f\u0151 tev\u00e9kenys\u00e9gek v\u00e9grehajt\u00e1s\u00e1ban:<\/p>\n<ul>\n<li><u>E szoci\u00e1lis szolg\u00e1ltat\u00e1sok l\u00e9trehoz\u00e1s\u00e1hoz a partnerek k\u00e9pesek lesznek biztos\u00edtani a sz\u00fcks\u00e9ges helyis\u00e9geket Marosv\u00e1s\u00e1rhely v\u00e1ros marginaliz\u00e1lt ter\u00fcletein vagy azok k\u00f6zel\u00e9ben, az SDL \u00e1ltal meghat\u00e1rozottak szerint.<\/u> <a href=\"https:\/\/galtirgumures.ro\/wp-content\/uploads\/2021\/02\/SDL-varianta-revizuita-2020.pdf\">https:\/\/galtirgumures.ro\/wp-content\/uploads\/2021\/02\/SDL-varianta-revizuita-2020.pdf<\/a><\/li>\n<li>A PT el\u0151k\u00e9sz\u00edt\u00e9se \u00e9s a ter\u00fcletfejleszt\u00e9shez sz\u00fcks\u00e9ges enged\u00e9lyek\/meg\u00e1llapod\u00e1sok\/enged\u00e9lyek beszerz\u00e9se.<\/li>\n<li>A t\u00e9rrendez\u00e9si munk\u00e1k elv\u00e9gz\u00e9se<\/li>\n<li>Technikai seg\u00edts\u00e9gny\u00fajt\u00e1si szolg\u00e1ltat\u00e1sok ny\u00fajt\u00e1sa a tervez\u0151 \u00e9s a helysz\u00edn vezet\u00e9se r\u00e9sz\u00e9r\u0151l<\/li>\n<li>A k\u00f6zbeszerz\u00e9si dokumentumok el\u0151k\u00e9sz\u00edt\u00e9se \u00e9s a gazdas\u00e1gi szerepl\u0151kkel val\u00f3 szerz\u0151d\u00e9sk\u00f6t\u00e9s tev\u00e9kenys\u00e9ge.<\/li>\n<li>A megk\u00f6t\u00f6tt k\u00f6zbeszerz\u00e9si szerz\u0151d\u00e9sek nyomon k\u00f6vet\u00e9se \u00e9s a projektmenedzsment<\/li>\n<li>Berendez\u00e9sek\/b\u00fatorok stb. beszerz\u00e9se<\/li>\n<li>T\u00e1j\u00e9koztat\u00e1si \u00e9s rekl\u00e1mtev\u00e9kenys\u00e9g a projekt keret\u00e9ben<\/li>\n<li>A szem\u00e9lyzet kiv\u00e1laszt\u00e1sa \u00e9s felv\u00e9tele<\/li>\n<li>Bels\u0151 elj\u00e1r\u00e1sok \u00e9s dokumentumcsomagok kidolgoz\u00e1sa: ROI, ROF, a napi jelenl\u00e9ti list\u00e1k havi nyilv\u00e1ntart\u00e1sa, a kedvezm\u00e9nyezettek szem\u00e9lyes nyilv\u00e1ntart\u00e1sa, a gyermekek szolg\u00e1ltat\u00e1si nyilv\u00e1ntart\u00e1sa.<\/li>\n<li>A szervezett t\u00e1mogat\u00e1si int\u00e9zked\u00e9sekben r\u00e9szt vev\u0151 c\u00e9lcsoport kiv\u00e1laszt\u00e1sa;<\/li>\n<li>Az iskol\u00e1n k\u00edv\u00fcli oktat\u00e1si programok alaptev\u00e9kenys\u00e9gei ;<\/li>\n<li>Akt\u00edv-r\u00e9szv\u00e9teli, interakt\u00edv, gyermekk\u00f6zpont\u00fa tev\u00e9kenys\u00e9gek;<\/li>\n<li>A korai iskolaelhagy\u00e1s megel\u0151z\u00e9s\u00e9t c\u00e9lz\u00f3 tev\u00e9kenys\u00e9gek, m\u0171v\u00e9szeti, szabadt\u00e9ri oktat\u00e1s \u00e9s egy\u00e9b, a gyermekek tehets\u00e9g\u00e9t, csapatszellem\u00e9t \u00e9s kreativit\u00e1s\u00e1t fejleszt\u0151 tev\u00e9kenys\u00e9gek;<\/li>\n<li>\u00c9tkez\u00e9si tev\u00e9kenys\u00e9gek<\/li>\n<li>Szabadt\u00e9ri szabadid\u0151s \u00e9s oktat\u00e1si tev\u00e9kenys\u00e9gek;<\/li>\n<\/ul>\n<ol start=\"6\">\n<li>A projekt \u00e9rt\u00e9ke<\/li>\n<\/ol>\n<p>&nbsp;<\/p>\n<p>A projekt teljes \u00e9rt\u00e9ke legfeljebb 330 000 eur\u00f3, a 2022. augusztusi Inforeuro \u00e1rfolyamon sz\u00e1molva, azaz 1 eur\u00f3 = 4,9342 lej. A projekt t\u00e1rsfinansz\u00edroz\u00e1s\u00e1nak r\u00e9szleteit a P\u00e1ly\u00e1zati \u00fatmutat\u00f3 tartalmazza.  A projekt becs\u00fclt k\u00f6lts\u00e9gvet\u00e9se max. 330.000 eur\u00f3 (a p\u00e1ly\u00e1zat \u00f6sszeg\u00e9t k\u00e9s\u0151bb hat\u00e1rozz\u00e1k meg a projektpartnerekkel a tev\u00e9kenys\u00e9gekt\u0151l f\u00fcgg\u0151en).<\/p>\n<p>&nbsp;<\/p>\n<ol start=\"7\">\n<li>A partner(ek) kiv\u00e1laszt\u00e1si krit\u00e9riumai \u00e9s az \u00e9rt\u00e9kel\u00e9si r\u00e1cs (bele\u00e9rtve az egyes krit\u00e9riumok pontoz\u00e1s\u00e1t)<\/li>\n<\/ol>\n<p>A partnerek kiv\u00e1laszt\u00e1sa az al\u00e1bbi dokumentumok alapj\u00e1n t\u00f6rt\u00e9nik, amelyeket a p\u00e1ly\u00e1z\u00f3k a marosv\u00e1s\u00e1rhelyi Szoci\u00e1lis Seg\u00e9lyez\u00e9si Oszt\u00e1lyon (Gheorghe Doja utca 9. sz\u00e1m - 8-as szoba) ny\u00fajtanak be:<\/p>\n<ul>\n<li><strong><em>Sz\u00e1nd\u00e9knyilatkozat<\/em><\/strong> <u>(1. mell\u00e9klet)<\/u><\/li>\n<li><strong><em>Partner lapja<\/em><\/strong> <u>(2. mell\u00e9klet)<\/u><\/li>\n<\/ul>\n<p>A 2 dokumentumnak meg kell felelnie a k\u00f6zz\u00e9tett mint\u00e1nak \u00e9s a c\u00edmeknek. <em>A partner akt\u00e1ja<\/em> teljes m\u00e9rt\u00e9kben ki kell t\u00f6lteni.<\/p>\n<p>A  oldalon. <em>Sz\u00e1nd\u00e9knyilatkozat<\/em> \u00e9s a <em>Partner lapja<\/em> A p\u00e1ly\u00e1z\u00f3k megjel\u00f6lik azokat a tev\u00e9kenys\u00e9geket, amelyekhez rendelkeznek a sz\u00fcks\u00e9ges anyagi \u00e9s hum\u00e1n er\u0151forr\u00e1sokkal, \u00e9s r\u00f6viden ismertetik az e tev\u00e9kenys\u00e9g keret\u00e9ben javasolt int\u00e9zked\u00e9seket, bemutatva a v\u00e1rt eredm\u00e9nyek el\u00e9r\u00e9s\u00e9hez \u00e9s a c\u00e9lkit\u0171z\u00e9sek megval\u00f3s\u00edt\u00e1s\u00e1hoz, valamint a partners\u00e9ghez val\u00f3 hozz\u00e1j\u00e1rul\u00e1shoz sz\u00fcks\u00e9gesnek \u00edt\u00e9lt szempontokat: valamint a projekthez hozz\u00e1adott \u00e9rt\u00e9ket.<\/p>\n<p>A p\u00e1ly\u00e1z\u00f3knak olyan dokumentumokat is be kell ny\u00fajtaniuk, amelyek igazolj\u00e1k a saj\u00e1t felel\u0151ss\u00e9g\u00fckre tett nyilatkozataik val\u00f3dis\u00e1g\u00e1t. <em>Sz\u00e1nd\u00e9knyilatkozat<\/em> \u00e9s <em>Partner lapja<\/em>a k\u00f6vetkez\u0151k\u00e9ppen:<\/p>\n<ol>\n<li>A szoci\u00e1lis szolg\u00e1ltat\u00f3i akkredit\u00e1ci\u00f3s tan\u00fas\u00edtv\u00e1ny m\u00e1solata.<\/li>\n<li>P\u00e9nz\u00fcgyi - sz\u00e1mviteli kimutat\u00e1sok (december 31-i m\u00e9rleg) az elm\u00falt 3 \u00e9vre vonatkoz\u00f3an, amelyek a projekttev\u00e9kenys\u00e9gek elv\u00e9gz\u00e9s\u00e9hez sz\u00fcks\u00e9ges p\u00e9nz\u00fcgyi kapacit\u00e1st igazolj\u00e1k.<\/li>\n<\/ol>\n<p><strong>Ezeket a dokumentumokat a k\u00f6vetkez\u0151 form\u00e1ban kell beny\u00fajtani<\/strong>m\u00e1solatban, a t\u00f6rv\u00e9nyes k\u00e9pvisel\u0151 \u00e1ltal al\u00e1\u00edrva, lepecs\u00e9telve \u00e9s eredeti p\u00e9ld\u00e1nyk\u00e9nt hiteles\u00edtve<\/p>\n<ol>\n<li>Esk\u00fc alatt tett nyilatkozat (a jogi k\u00e9pvisel\u0151 al\u00e1\u00edr\u00e1s\u00e1val \u00e9s pecs\u00e9tj\u00e9vel ell\u00e1tva), amelyben v\u00e1llalja, hogy mindent megtesz a sz\u00fcks\u00e9ges p\u00e9nz\u00fcgyi \u00e9s hum\u00e1n er\u0151forr\u00e1sok biztos\u00edt\u00e1sa \u00e9rdek\u00e9ben a projekt teljes v\u00e9grehajt\u00e1sa sor\u00e1n, valamint a t\u00e1rsfinansz\u00edroz\u00e1s t\u00e1mogat\u00e1sa \u00e9rdek\u00e9ben;<\/li>\n<li>A helyi ad\u00f3k \u00e9s illet\u00e9kek, valamint az \u00e1ltal\u00e1nos konszolid\u00e1lt k\u00f6lts\u00e9gvet\u00e9sbe t\u00f6rt\u00e9n\u0151 befizet\u00e9si k\u00f6telezetts\u00e9gek teljes\u00edt\u00e9s\u00e9t igazol\u00f3 nyilatkozat;<\/li>\n<li>A partners\u00e9g hozz\u00e1adott \u00e9rt\u00e9k\u00e9t al\u00e1t\u00e1maszt\u00f3 megjegyz\u00e9s;<\/li>\n<li>Egy olyan helyis\u00e9g tulajdonjog\u00e1nak\/igazgat\u00e1s\u00e1nak igazol\u00e1sa, ahol a sz\u00f3ban forg\u00f3 projekt megval\u00f3s\u00edthat\u00f3.<\/li>\n<\/ol>\n<p>Ezeket a dokumentumokat eredetiben kell beny\u00fajtani.<\/p>\n<p><strong>\u00a0<\/strong><\/p>\n<p>A p\u00e1ly\u00e1z\u00f3knak a dokumentumokat a marosv\u00e1s\u00e1rhelyi Szoci\u00e1lis Seg\u00e9lyez\u00e9si Oszt\u00e1lyon (Gheorghe Doja utca 9. sz\u00e1m - 8-as szoba) kell beny\u00fajtaniuk, <u>a hirdetm\u00e9ny k\u00f6zz\u00e9t\u00e9tel\u00e9t\u0151l sz\u00e1m\u00edtott 10 napon bel\u00fcl, a k\u00f6vetkez\u0151 nyitvatart\u00e1si id\u0151ben: h\u00e9tf\u0151t\u0151l p\u00e9ntekig 08:00-12:00 \u00f3r\u00e1ig.<\/u><\/p>\n<p>Minden sz\u00fcks\u00e9ges dokumentumot rom\u00e1n nyelven, a megadott form\u00e1ban \u00e9s hat\u00e1rid\u0151n bel\u00fcl kell beny\u00fajtani, adott esetben a t\u00f6rv\u00e9nyes k\u00e9pvisel\u0151 al\u00e1\u00edr\u00e1s\u00e1val \u00e9s pecs\u00e9tj\u00e9vel ell\u00e1tva.<\/p>\n<p>A p\u00e1ly\u00e1z\u00f3k \u00e1ltal beny\u00fajtott dokument\u00e1ci\u00f3 alapj\u00e1n a partners\u00e9gi kiv\u00e1laszt\u00e1si bizotts\u00e1g a k\u00f6vetkez\u0151ket ellen\u0151rzi <em>k\u00e9pes\u00edt\u00e9s<\/em> a jel\u00f6ltek a k\u00f6vetkez\u0151k szerint <em><u>3. mell\u00e9klet<\/u><\/em>.<\/p>\n<p><u>A jel\u00f6ltek \u00e9rt\u00e9kel\u00e9se:<\/u><\/p>\n<p>Bejelentett jel\u00f6ltek <em>bevallott<\/em> \u00e1tmegy a <em>\u00e9rt\u00e9kel\u00e9si szakasz<\/em>, amely sor\u00e1n a <em>\u00c9rt\u00e9kel\u00e9si r\u00e1cs<\/em> <u>(<em>4. mell\u00e9klet<\/em>)<\/u>. A p\u00e1ly\u00e1zatokat a t\u00e1bl\u00e1zat szerint 1-t\u0151l 100-ig pontozz\u00e1k. Azokat a jelentkez\u0151ket, akik legal\u00e1bb 65 pontot \u00e9rnek el, felvettnek nyilv\u00e1n\u00edtj\u00e1k. A 65 pontn\u00e1l kevesebbet el\u00e9r\u0151 p\u00e1ly\u00e1z\u00f3kat sikertelennek nyilv\u00e1n\u00edtj\u00e1k.<\/p>\n<p>&nbsp;<\/p>\n<ol start=\"8\">\n<li>Dokumentumok beny\u00fajt\u00e1sa<\/li>\n<\/ol>\n<p>&nbsp;<\/p>\n<p>A kiv\u00e1laszt\u00e1sban r\u00e9szt venni k\u00edv\u00e1n\u00f3 szervezeteknek a sz\u00fcks\u00e9ges dokumentumokat z\u00e1rt bor\u00edt\u00e9kban kell beny\u00fajtaniuk: \"Az NRRP partner kiv\u00e1laszt\u00e1s\u00e1hoz, 13. komponens, I1. beruh\u00e1z\u00e1s: Nappali k\u00f6zpontok h\u00e1l\u00f3zat\u00e1nak l\u00e9trehoz\u00e1sa a csal\u00e1djukt\u00f3l val\u00f3 elszakad\u00e1s vesz\u00e9ly\u00e9nek kitett gyermekek sz\u00e1m\u00e1ra\" c\u00edmen, a marosv\u00e1s\u00e1rhelyi Szoci\u00e1lis Seg\u00e9lyez\u00e9si Igazgat\u00f3s\u00e1g sz\u00e9khely\u00e9n, Gheorghe Doja utca 9. sz\u00e1m - 8. szoba.<\/p>\n<p>&nbsp;<\/p>\n<ol start=\"9\">\n<li>Az elj\u00e1r\u00e1s eredm\u00e9nye<\/li>\n<\/ol>\n<p>&nbsp;<\/p>\n<p>A kiv\u00e1laszt\u00e1si elj\u00e1r\u00e1s eredm\u00e9ny\u00e9t a marosv\u00e1s\u00e1rhelyi \u00f6nkorm\u00e1nyzat honlapj\u00e1n hirdetm\u00e9ny form\u00e1j\u00e1ban k\u00f6zz\u00e9teszik (legfeljebb k\u00e9t h\u00f3napon bel\u00fcl). <strong>2 munkanap <\/strong>a p\u00e1ly\u00e1zatok beny\u00fajt\u00e1s\u00e1nak hat\u00e1ridej\u00e9ig), amely tartalmazza a kiv\u00e1laszt\u00e1si felh\u00edv\u00e1sban szerepl\u0151 inform\u00e1ci\u00f3kat, valamint a sikeres \u00e9s sikertelen p\u00e1ly\u00e1z\u00f3kra\/aj\u00e1nlattev\u0151kre vonatkoz\u00f3 inform\u00e1ci\u00f3kat \u00e9s az \u00e1ltaluk el\u00e9rt pontsz\u00e1mot, a kiv\u00e1lasztott partnerekkel pedig k\u00f6zvetlen\u00fcl felveszik a kapcsolatot a partnerlapon megadott el\u00e9rhet\u0151s\u00e9geken.<\/p>\n<p>&nbsp;<\/p>\n<ol start=\"10\">\n<li>Fellebbez\u00e9sek rendez\u00e9se<\/li>\n<\/ol>\n<p>&nbsp;<\/p>\n<p>Azok az aj\u00e1nlattev\u0151k, akiket nem v\u00e1lasztottak ki partnerk\u00e9nt a kiv\u00e1laszt\u00e1si felh\u00edv\u00e1s t\u00e1rgy\u00e1t k\u00e9pez\u0151 projekt finansz\u00edroz\u00e1si k\u00e9relm\u00e9re, a list\u00e1nak a marosv\u00e1s\u00e1rhelyi \u00f6nkorm\u00e1nyzat honlapj\u00e1n val\u00f3 k\u00f6zz\u00e9t\u00e9tel\u00e9t\u0151l sz\u00e1m\u00edtott 1 munkanapon bel\u00fcl fellebbez\u00e9st ny\u00fajthatnak be, amelyet a fellebbviteli bizotts\u00e1g a fellebbez\u00e9sek beny\u00fajt\u00e1s\u00e1ra nyitva \u00e1ll\u00f3 hat\u00e1rid\u0151 lej\u00e1rt\u00e1t\u00f3l sz\u00e1m\u00edtott 2 munkanapon bel\u00fcl b\u00edr\u00e1l el.<\/p>\n<p>&nbsp;<\/p>\n<ol start=\"11\">\n<li>Tov\u00e1bbi inform\u00e1ci\u00f3k<\/li>\n<\/ol>\n<p>&nbsp;<\/p>\n<p>A kiv\u00e1laszt\u00e1si elj\u00e1r\u00e1ssal kapcsolatos tov\u00e1bbi inform\u00e1ci\u00f3k k\u00f6zvetlen\u00fcl a marosv\u00e1s\u00e1rhelyi Szoci\u00e1lis J\u00f3l\u00e9ti Oszt\u00e1lyon, illetve a social1@tirgumures.ro e-mail c\u00edmen vagy a 0365-430859-es telefonsz\u00e1mon (135-\u00f6s mell\u00e9k) k\u00e9rhet\u0151k.<\/p>\n<p>&nbsp;<\/p>\n<p><em><u>Mell\u00e9kletek<\/u><\/em><em>:<\/em><\/p>\n<p>mell\u00e9klet - sz\u00e1nd\u00e9knyilatkozat-minta<\/p>\n<p>mell\u00e9klet - minta Partner adatlap<sup>*<\/sup><\/p>\n<p>mell\u00e9klet - \u00c9rt\u00e9kel\u00e9si t\u00e1bl\u00e1zat az aj\u00e1nlattev\u0151k min\u0151s\u00edt\u00e9si szakasz\u00e1hoz<\/p>\n<p>4. mell\u00e9klet - Az aj\u00e1nlattev\u0151k \u00e9rt\u00e9kel\u00e9si \u00e9s kiv\u00e1laszt\u00e1si t\u00e1bl\u00e1zata<\/p>","protected":false},"excerpt":{"rendered":"<p>A marosv\u00e1s\u00e1rhelyi Szoci\u00e1lis J\u00f3l\u00e9ti Oszt\u00e1ly meghirdeti a mag\u00e1npartnerek kiv\u00e1laszt\u00e1si elj\u00e1r\u00e1s\u00e1nak megszervez\u00e9s\u00e9t a Partners\u00e9gi Meg\u00e1llapod\u00e1s megk\u00f6t\u00e9s\u00e9re, annak \u00e9rdek\u00e9ben, hogy...<\/p>","protected":false},"author":1,"featured_media":0,"comment_status":"closed","ping_status":"open","sticky":false,"template":"","format":"standard","meta":{"footnotes":""},"categories":[3],"tags":[],"class_list":["post-1902","post","type-post","status-publish","format-standard","hentry","category-stiri"],"yoast_head":"<!-- This site is optimized with the Yoast SEO plugin v19.13 - https:\/\/yoast.com\/wordpress\/plugins\/seo\/ -->\n<title>Anun\u0163 De Procedur\u0103 Selec\u0163ie Parteneri \u00cen Cadrul Planului Na\u021bional De Redresare \u0218i Rezilien\u021b\u0103 - Direc\u021bia de Asisten\u021b\u0103 Social\u0103 T\u00e2rgu Mure\u0219<\/title>\n<meta name=\"robots\" content=\"index, follow, max-snippet:-1, max-image-preview:large, max-video-preview:-1\" \/>\n<link rel=\"canonical\" href=\"https:\/\/dastgmures.ro\/hu\/hirek\/a-partnerek-kivalasztasi-eljarasanak-bejelentese-a-nemzeti-helyreallitasi-es-ellenallokepessegi-terv-kereteben\/\" \/>\n<meta property=\"og:locale\" content=\"hu_HU\" \/>\n<meta property=\"og:type\" content=\"article\" \/>\n<meta property=\"og:title\" content=\"Anun\u0163 De Procedur\u0103 Selec\u0163ie Parteneri \u00cen Cadrul Planului Na\u021bional De Redresare \u0218i Rezilien\u021b\u0103 - Direc\u021bia de Asisten\u021b\u0103 Social\u0103 T\u00e2rgu Mure\u0219\" \/>\n<meta property=\"og:description\" content=\"Direc\u021bia de Asisten\u021b\u0103 Social\u0103 T\u00e2rgu Mure\u0219 anun\u021b\u0103 organizarea procedurii de selec\u021bie a partenerilor priva\u021bi pentru \u00eencheierea unui Acord de Parteneriat, \u00een vederea&hellip;\" \/>\n<meta property=\"og:url\" content=\"https:\/\/dastgmures.ro\/hu\/hirek\/a-partnerek-kivalasztasi-eljarasanak-bejelentese-a-nemzeti-helyreallitasi-es-ellenallokepessegi-terv-kereteben\/\" \/>\n<meta property=\"og:site_name\" content=\"Direc\u021bia de Asisten\u021b\u0103 Social\u0103 T\u00e2rgu Mure\u0219\" \/>\n<meta property=\"article:published_time\" content=\"2022-10-11T14:36:51+00:00\" \/>\n<meta property=\"article:modified_time\" content=\"2022-10-11T14:46:36+00:00\" \/>\n<meta name=\"author\" content=\"DAS Tg Mure\u0219\" \/>\n<meta name=\"twitter:card\" content=\"summary_large_image\" \/>\n<meta name=\"twitter:label1\" content=\"Szerz\u0151:\" \/>\n\t<meta name=\"twitter:data1\" content=\"DAS Tg Mure\u0219\" \/>\n\t<meta name=\"twitter:label2\" content=\"Becs\u00fclt olvas\u00e1si id\u0151\" \/>\n\t<meta name=\"twitter:data2\" content=\"9 perc\" \/>\n<script type=\"application\/ld+json\" class=\"yoast-schema-graph\">{\"@context\":\"https:\/\/schema.org\",\"@graph\":[{\"@type\":\"WebPage\",\"@id\":\"https:\/\/dastgmures.ro\/stiri\/anunt-de-procedura-selectie-parteneri-in-cadrul-planului-national-de-redresare-si-rezilienta\/\",\"url\":\"https:\/\/dastgmures.ro\/stiri\/anunt-de-procedura-selectie-parteneri-in-cadrul-planului-national-de-redresare-si-rezilienta\/\",\"name\":\"Anun\u0163 De Procedur\u0103 Selec\u0163ie Parteneri \u00cen Cadrul Planului Na\u021bional De Redresare \u0218i Rezilien\u021b\u0103 - Direc\u021bia de Asisten\u021b\u0103 Social\u0103 T\u00e2rgu Mure\u0219\",\"isPartOf\":{\"@id\":\"https:\/\/dastgmures.ro\/#website\"},\"datePublished\":\"2022-10-11T14:36:51+00:00\",\"dateModified\":\"2022-10-11T14:46:36+00:00\",\"author\":{\"@id\":\"https:\/\/dastgmures.ro\/#\/schema\/person\/7d0aee74ed98f49d76d34e2120ead5a9\"},\"breadcrumb\":{\"@id\":\"https:\/\/dastgmures.ro\/stiri\/anunt-de-procedura-selectie-parteneri-in-cadrul-planului-national-de-redresare-si-rezilienta\/#breadcrumb\"},\"inLanguage\":\"hu\",\"potentialAction\":[{\"@type\":\"ReadAction\",\"target\":[\"https:\/\/dastgmures.ro\/stiri\/anunt-de-procedura-selectie-parteneri-in-cadrul-planului-national-de-redresare-si-rezilienta\/\"]}]},{\"@type\":\"BreadcrumbList\",\"@id\":\"https:\/\/dastgmures.ro\/stiri\/anunt-de-procedura-selectie-parteneri-in-cadrul-planului-national-de-redresare-si-rezilienta\/#breadcrumb\",\"itemListElement\":[{\"@type\":\"ListItem\",\"position\":1,\"name\":\"Prima pagin\u0103\",\"item\":\"https:\/\/dastgmures.ro\/\"},{\"@type\":\"ListItem\",\"position\":2,\"name\":\"Anun\u0163 De Procedur\u0103 Selec\u0163ie Parteneri \u00cen Cadrul Planului Na\u021bional De Redresare \u0218i Rezilien\u021b\u0103\"}]},{\"@type\":\"WebSite\",\"@id\":\"https:\/\/dastgmures.ro\/#website\",\"url\":\"https:\/\/dastgmures.ro\/\",\"name\":\"Direc\u021bia de Asisten\u021b\u0103 Social\u0103 T\u00e2rgu Mure\u0219\",\"description\":\"\",\"potentialAction\":[{\"@type\":\"SearchAction\",\"target\":{\"@type\":\"EntryPoint\",\"urlTemplate\":\"https:\/\/dastgmures.ro\/?s={search_term_string}\"},\"query-input\":\"required name=search_term_string\"}],\"inLanguage\":\"hu\"},{\"@type\":\"Person\",\"@id\":\"https:\/\/dastgmures.ro\/#\/schema\/person\/7d0aee74ed98f49d76d34e2120ead5a9\",\"name\":\"DAS Tg Mure\u0219\",\"image\":{\"@type\":\"ImageObject\",\"inLanguage\":\"hu\",\"@id\":\"https:\/\/dastgmures.ro\/#\/schema\/person\/image\/\",\"url\":\"https:\/\/secure.gravatar.com\/avatar\/db687ed1423b3cea231ade1042402c4344f237a2b4368785727c414c6315bf44?s=96&d=mm&r=g\",\"contentUrl\":\"https:\/\/secure.gravatar.com\/avatar\/db687ed1423b3cea231ade1042402c4344f237a2b4368785727c414c6315bf44?s=96&d=mm&r=g\",\"caption\":\"DAS Tg Mure\u0219\"},\"sameAs\":[\"https:\/\/dastgmures.ro\"],\"url\":\"https:\/\/dastgmures.ro\/hu\/author\/tgm_das\/\"}]}<\/script>\n<!-- \/ Yoast SEO plugin. -->","yoast_head_json":{"title":"Anun\u0163 De Procedur\u0103 Selec\u0163ie Parteneri \u00cen Cadrul Planului Na\u021bional De Redresare \u0218i Rezilien\u021b\u0103 - Direc\u021bia de Asisten\u021b\u0103 Social\u0103 T\u00e2rgu Mure\u0219","robots":{"index":"index","follow":"follow","max-snippet":"max-snippet:-1","max-image-preview":"max-image-preview:large","max-video-preview":"max-video-preview:-1"},"canonical":"https:\/\/dastgmures.ro\/hu\/hirek\/a-partnerek-kivalasztasi-eljarasanak-bejelentese-a-nemzeti-helyreallitasi-es-ellenallokepessegi-terv-kereteben\/","og_locale":"hu_HU","og_type":"article","og_title":"Anun\u0163 De Procedur\u0103 Selec\u0163ie Parteneri \u00cen Cadrul Planului Na\u021bional De Redresare \u0218i Rezilien\u021b\u0103 - Direc\u021bia de Asisten\u021b\u0103 Social\u0103 T\u00e2rgu Mure\u0219","og_description":"Direc\u021bia de Asisten\u021b\u0103 Social\u0103 T\u00e2rgu Mure\u0219 anun\u021b\u0103 organizarea procedurii de selec\u021bie a partenerilor priva\u021bi pentru \u00eencheierea unui Acord de Parteneriat, \u00een vederea&hellip;","og_url":"https:\/\/dastgmures.ro\/hu\/hirek\/a-partnerek-kivalasztasi-eljarasanak-bejelentese-a-nemzeti-helyreallitasi-es-ellenallokepessegi-terv-kereteben\/","og_site_name":"Direc\u021bia de Asisten\u021b\u0103 Social\u0103 T\u00e2rgu Mure\u0219","article_published_time":"2022-10-11T14:36:51+00:00","article_modified_time":"2022-10-11T14:46:36+00:00","author":"DAS Tg Mure\u0219","twitter_card":"summary_large_image","twitter_misc":{"Szerz\u0151:":"DAS Tg Mure\u0219","Becs\u00fclt olvas\u00e1si id\u0151":"9 perc"},"schema":{"@context":"https:\/\/schema.org","@graph":[{"@type":"WebPage","@id":"https:\/\/dastgmures.ro\/stiri\/anunt-de-procedura-selectie-parteneri-in-cadrul-planului-national-de-redresare-si-rezilienta\/","url":"https:\/\/dastgmures.ro\/stiri\/anunt-de-procedura-selectie-parteneri-in-cadrul-planului-national-de-redresare-si-rezilienta\/","name":"Anun\u0163 De Procedur\u0103 Selec\u0163ie Parteneri \u00cen Cadrul Planului Na\u021bional De Redresare \u0218i Rezilien\u021b\u0103 - Direc\u021bia de Asisten\u021b\u0103 Social\u0103 T\u00e2rgu Mure\u0219","isPartOf":{"@id":"https:\/\/dastgmures.ro\/#website"},"datePublished":"2022-10-11T14:36:51+00:00","dateModified":"2022-10-11T14:46:36+00:00","author":{"@id":"https:\/\/dastgmures.ro\/#\/schema\/person\/7d0aee74ed98f49d76d34e2120ead5a9"},"breadcrumb":{"@id":"https:\/\/dastgmures.ro\/stiri\/anunt-de-procedura-selectie-parteneri-in-cadrul-planului-national-de-redresare-si-rezilienta\/#breadcrumb"},"inLanguage":"hu","potentialAction":[{"@type":"ReadAction","target":["https:\/\/dastgmures.ro\/stiri\/anunt-de-procedura-selectie-parteneri-in-cadrul-planului-national-de-redresare-si-rezilienta\/"]}]},{"@type":"BreadcrumbList","@id":"https:\/\/dastgmures.ro\/stiri\/anunt-de-procedura-selectie-parteneri-in-cadrul-planului-national-de-redresare-si-rezilienta\/#breadcrumb","itemListElement":[{"@type":"ListItem","position":1,"name":"Prima pagin\u0103","item":"https:\/\/dastgmures.ro\/"},{"@type":"ListItem","position":2,"name":"Anun\u0163 De Procedur\u0103 Selec\u0163ie Parteneri \u00cen Cadrul Planului Na\u021bional De Redresare \u0218i Rezilien\u021b\u0103"}]},{"@type":"WebSite","@id":"https:\/\/dastgmures.ro\/#website","url":"https:\/\/dastgmures.ro\/","name":"Direc\u021bia de Asisten\u021b\u0103 Social\u0103 T\u00e2rgu Mure\u0219","description":"","potentialAction":[{"@type":"SearchAction","target":{"@type":"EntryPoint","urlTemplate":"https:\/\/dastgmures.ro\/?s={search_term_string}"},"query-input":"required name=search_term_string"}],"inLanguage":"hu"},{"@type":"Person","@id":"https:\/\/dastgmures.ro\/#\/schema\/person\/7d0aee74ed98f49d76d34e2120ead5a9","name":"DAS Tg Mure\u0219","image":{"@type":"ImageObject","inLanguage":"hu","@id":"https:\/\/dastgmures.ro\/#\/schema\/person\/image\/","url":"https:\/\/secure.gravatar.com\/avatar\/db687ed1423b3cea231ade1042402c4344f237a2b4368785727c414c6315bf44?s=96&d=mm&r=g","contentUrl":"https:\/\/secure.gravatar.com\/avatar\/db687ed1423b3cea231ade1042402c4344f237a2b4368785727c414c6315bf44?s=96&d=mm&r=g","caption":"DAS Tg Mure\u0219"},"sameAs":["https:\/\/dastgmures.ro"],"url":"https:\/\/dastgmures.ro\/hu\/author\/tgm_das\/"}]}},"_links":{"self":[{"href":"https:\/\/dastgmures.ro\/hu\/wp-json\/wp\/v2\/posts\/1902","targetHints":{"allow":["GET"]}}],"collection":[{"href":"https:\/\/dastgmures.ro\/hu\/wp-json\/wp\/v2\/posts"}],"about":[{"href":"https:\/\/dastgmures.ro\/hu\/wp-json\/wp\/v2\/types\/post"}],"author":[{"embeddable":true,"href":"https:\/\/dastgmures.ro\/hu\/wp-json\/wp\/v2\/users\/1"}],"replies":[{"embeddable":true,"href":"https:\/\/dastgmures.ro\/hu\/wp-json\/wp\/v2\/comments?post=1902"}],"version-history":[{"count":2,"href":"https:\/\/dastgmures.ro\/hu\/wp-json\/wp\/v2\/posts\/1902\/revisions"}],"predecessor-version":[{"id":1904,"href":"https:\/\/dastgmures.ro\/hu\/wp-json\/wp\/v2\/posts\/1902\/revisions\/1904"}],"wp:attachment":[{"href":"https:\/\/dastgmures.ro\/hu\/wp-json\/wp\/v2\/media?parent=1902"}],"wp:term":[{"taxonomy":"category","embeddable":true,"href":"https:\/\/dastgmures.ro\/hu\/wp-json\/wp\/v2\/categories?post=1902"},{"taxonomy":"post_tag","embeddable":true,"href":"https:\/\/dastgmures.ro\/hu\/wp-json\/wp\/v2\/tags?post=1902"}],"curies":[{"name":"wp","href":"https:\/\/api.w.org\/{rel}","templated":true}]}}