{"id":5421,"date":"2023-01-03T13:01:02","date_gmt":"2023-01-03T13:01:02","guid":{"rendered":"https:\/\/dastgmures.ro\/?p=5421"},"modified":"2023-01-03T13:01:02","modified_gmt":"2023-01-03T13:01:02","slug":"inscrieri-in-cadrul-proiectului-adopta-o-familie","status":"publish","type":"post","link":"https:\/\/dastgmures.ro\/hu\/hirek\/registration-adopt-a-family\/","title":{"rendered":"Regisztr\u00e1ci\u00f3k a \"Fogadj \u00f6r\u00f6kbe egy csal\u00e1dot\" projektre"},"content":{"rendered":"<p><strong><b>Bejelent\u00e9s<\/b><\/strong><\/p>\n<p><strong><b>Marosv\u00e1s\u00e1rhely, 03.01.2023<\/b><\/strong><\/p>\n<p><strong><em><b><i>\u00a0<\/i><\/b><\/em><\/strong><\/p>\n<p style=\"text-align: center;\"><strong><em><b><i>Regisztr\u00e1ci\u00f3k a \"Fogadj \u00f6r\u00f6kbe egy csal\u00e1dot\" projektre a marosv\u00e1s\u00e1rhelyi r\u00e1szorul\u00f3 csal\u00e1dok t\u00e1mogat\u00e1s\u00e1ra<\/i><\/b><\/em><\/strong><\/p>\n<p>&nbsp;<\/p>\n<p>Tekintettel arra, hogy egyre nehezebb id\u0151szakot \u00e9l\u00fcnk \u00e1t, amikor az \u00e1rak emelkednek, \u00e9s sok csal\u00e1dnak egyre nehezebb dolga van, a marosv\u00e1s\u00e1rhelyi Szoci\u00e1lis Seg\u00edts\u00e9gny\u00fajt\u00e1si Oszt\u00e1ly a ProVision Rom\u00e1nia Egyes\u00fclettel egy\u00fcttm\u0171k\u00f6dve \u00fagy d\u00f6nt\u00f6tt, hogy folytatja a \"Fogadj \u00f6r\u00f6kbe egy csal\u00e1dot\" projektet, amely imm\u00e1r a m\u00e1sodik kiad\u00e1s\u00e1n\u00e1l tart.<\/p>\n<p>&nbsp;<\/p>\n<p><strong><b>A kezdem\u00e9nyez\u00e9s c\u00e9lja<\/b><\/strong>\u00a0a t\u00e1rsadalmi marginaliz\u00e1l\u00f3d\u00e1s vesz\u00e9ly\u00e9nek kitett, t\u00f6bbgyermekes csal\u00e1dok azonos\u00edt\u00e1sa \u00e9s t\u00e1mogat\u00e1sa annak \u00e9rdek\u00e9ben, hogy a helyi k\u00f6z\u00f6ss\u00e9g gyors \u00e9s egys\u00e9ges fell\u00e9p\u00e9se r\u00e9v\u00e9n lek\u00fczdj\u00e9k a neh\u00e9z helyzeteket. Konkr\u00e9tabban, a marosv\u00e1s\u00e1rhelyi szoci\u00e1lis oszt\u00e1ly azonos\u00edtja a vesz\u00e9lyeztetett gyermekes csal\u00e1dokat, \u00e9s a ProVision Rom\u00e1nia Egyes\u00fclettel k\u00f6z\u00f6sen kidolgoz egy olyan szolg\u00e1ltat\u00e1si tervet, amely az \u00e9rintett t\u00e9nyez\u0151k cs\u00f6kkent\u00e9s\u00e9hez vezet.<\/p>\n<p>&nbsp;<\/p>\n<p>\u00cdgy 20 olyan marosv\u00e1s\u00e1rhelyi csal\u00e1d t\u00e1mogat\u00e1s\u00e1t t\u0171zt\u00fck ki c\u00e9lul, akiknek anyagi lehet\u0151s\u00e9gei besz\u0171k\u00fcltek, t\u00f6bb mint 2 eltartott gyermek\u00fck j\u00e1r iskol\u00e1ba\/\u00f3vod\u00e1ba, egysz\u00fcl\u0151s csal\u00e1dok vagy olyan csal\u00e1dok, ahol csak az egyik tag dolgozik.<\/p>\n<p>&nbsp;<\/p>\n<p>Erre, <strong><b>a fent eml\u00edtett t\u00e1rsadalmi kateg\u00f3ri\u00e1k jelentkez\u00e9s\u00e9t v\u00e1rjuk a programra az e-mail c\u00edmre k\u00fcld\u00f6tt sz\u00e1nd\u00e9knyilatkozat \u00fatj\u00e1n: <\/b><\/strong><a href=\"mailto:registratura.das@tirgumures.ro\"><strong><u><b>registratura.das@tirgumures.ro<\/b><\/u><\/strong><\/a><strong><b>\u00a0vagy szem\u00e9lyesen a Marosv\u00e1s\u00e1rhelyi Szoci\u00e1lis Igazgat\u00f3s\u00e1gon, Gheorghe Doja utca 9. sz\u00e1m, f\u00f6ldszint 8-as szoba (h\u00e9tf\u0151-p\u00e9ntek 08:00-12:00, kedd \u00e9s cs\u00fct\u00f6rt\u00f6k 14:00-16:00) 2023.01.25-ig. <\/b><\/strong><\/p>\n<p><strong><b>\u00a0<\/b><\/strong><\/p>\n<p>Ha tud neh\u00e9z helyzetben l\u00e9v\u0151 csal\u00e1dokr\u00f3l, szint\u00e9n v\u00e1rjuk level\u00e9t, amelyben megadja a sz\u00fcks\u00e9ges adatokat, hogy beazonos\u00edthassuk ezeket a szoci\u00e1lis kateg\u00f3ri\u00e1kat.<\/p>\n<p>A csal\u00e1dok kiv\u00e1laszt\u00e1sa a szoci\u00e1lis felm\u00e9r\u00e9s alapj\u00e1n t\u00f6rt\u00e9nik, figyelembe v\u00e9ve minden egyes t\u00f6rt\u00e9netet.<\/p>\n<p><em><i>\"A polg\u00e1roknak a projektbe val\u00f3 bevon\u00e1sa eredm\u00e9nyek\u00e9nt szeretn\u00e9nk min\u00e9l t\u00f6bb csal\u00e1dot megismerni, akik le\u00edrj\u00e1k, milyen probl\u00e9m\u00e1kkal szembes\u00fclnek a mindennapi \u00e9let\u00fckben, hogy azonnal megold\u00e1sokkal tudjunk beavatkozni. A vesz\u00e9lyeztetett csal\u00e1doknak m\u0171k\u00f6d\u0151k\u00e9pes csal\u00e1dokk\u00e1 kell v\u00e1lniuk, amelyek f\u00fcggetlenek a szoci\u00e1lis szolg\u00e1ltat\u00e1sokt\u00f3l \u00e9s integr\u00e1l\u00f3dnak a k\u00f6z\u00f6ss\u00e9gbe. Miel\u0151tt egy gyermek kimarad az iskol\u00e1b\u00f3l, meg akarunk gy\u0151z\u0151dni arr\u00f3l, hogy mindent megtett\u00fcnk annak \u00e9rdek\u00e9ben, hogy biztons\u00e1gban maradjon az oktat\u00e1si rendszerben \u00e9s a csal\u00e1di k\u00f6rnyezetben, \u00e9s amikor bet\u00f6lti a 18. \u00e9let\u00e9v\u00e9t, k\u00f6teless\u00e9g\u00fcnk gondoskodni arr\u00f3l, hogy k\u00e9szen \u00e1lljon az \u00e9letre. Hat\u00e1rozottan hisz\u00fcnk abban, hogy mindannyiunknak r\u00e9szt kell venn\u00fcnk abban, hogy v\u00e1ltoz\u00e1st hozzunk a k\u00f6r\u00fcl\u00f6tt\u00fcnk \u00e9l\u0151k \u00e9let\u00e9be. Err\u0151l sz\u00f3l ez a projekt, \u00e9s k\u00edv\u00e1ncsian v\u00e1rjuk a polg\u00e1rok reakci\u00f3j\u00e1t, akiknek ezt a megh\u00edv\u00f3t k\u00fcldt\u00fck.\" <\/i><\/em>mondt\u00e1k a marosv\u00e1s\u00e1rhelyi szoci\u00e1lis oszt\u00e1ly k\u00e9pvisel\u0151i.<\/p>\n<p>&nbsp;<\/p>\n<p>Egy\u00fctt er\u0151s, hossz\u00fa t\u00e1v\u00fa kapcsolatot \u00e9p\u00edthet\u00fcnk, mert amikor kedvess\u00e9get adunk, kedvess\u00e9get kapunk!<\/p>\n<p style=\"text-align: center;\"><strong><b>Marosv\u00e1s\u00e1rhelyi Szoci\u00e1lis Seg\u00e9lyez\u00e9si Oszt\u00e1ly<\/b><\/strong><\/p>\n<p>&nbsp;<\/p>\n<p>&nbsp;<\/p>","protected":false},"excerpt":{"rendered":"<p>K\u00f6zlem\u00e9ny Marosv\u00e1s\u00e1rhely, 03.01.2023 A \"Fogadj \u00f6r\u00f6kbe egy csal\u00e1dot\" projektre val\u00f3 jelentkez\u00e9s a r\u00e1szorul\u00f3 marosv\u00e1s\u00e1rhelyi csal\u00e1dok t\u00e1mogat\u00e1s\u00e1ra ...<\/p>","protected":false},"author":1,"featured_media":5423,"comment_status":"closed","ping_status":"open","sticky":false,"template":"","format":"standard","meta":{"footnotes":""},"categories":[3],"tags":[],"class_list":["post-5421","post","type-post","status-publish","format-standard","has-post-thumbnail","hentry","category-stiri"],"yoast_head":"<!-- This site is optimized with the Yoast SEO plugin v19.13 - https:\/\/yoast.com\/wordpress\/plugins\/seo\/ -->\n<title>\u00censcrieri \u00een cadrul proiectului \u201eAdopt\u0103 o familie\u201d - Direc\u021bia de Asisten\u021b\u0103 Social\u0103 T\u00e2rgu Mure\u0219<\/title>\n<meta name=\"robots\" content=\"index, follow, max-snippet:-1, max-image-preview:large, max-video-preview:-1\" \/>\n<link rel=\"canonical\" href=\"https:\/\/dastgmures.ro\/hu\/hirek\/registration-adopt-a-family\/\" \/>\n<meta property=\"og:locale\" content=\"hu_HU\" \/>\n<meta property=\"og:type\" content=\"article\" \/>\n<meta property=\"og:title\" content=\"\u00censcrieri \u00een cadrul proiectului \u201eAdopt\u0103 o familie\u201d - Direc\u021bia de Asisten\u021b\u0103 Social\u0103 T\u00e2rgu Mure\u0219\" \/>\n<meta property=\"og:description\" content=\"Anun\u021b T\u00e2rgu Mure\u0219, 03.01.2023 \u00a0 \u00censcrieri \u00een cadrul proiectului \u201eAdopt\u0103 o familie\u201d destinat sus\u021binerii familiilor din T\u00e2rgu Mure\u0219 aflate \u00een dificultate &nbsp;&hellip;\" \/>\n<meta property=\"og:url\" content=\"https:\/\/dastgmures.ro\/hu\/hirek\/registration-adopt-a-family\/\" \/>\n<meta property=\"og:site_name\" content=\"Direc\u021bia de Asisten\u021b\u0103 Social\u0103 T\u00e2rgu Mure\u0219\" \/>\n<meta property=\"article:published_time\" content=\"2023-01-03T13:01:02+00:00\" \/>\n<meta property=\"og:image\" content=\"https:\/\/dastgmures.ro\/wp-content\/uploads\/2023\/01\/Adopta-o-familie-1-1.jpg\" \/>\n\t<meta property=\"og:image:width\" content=\"1477\" \/>\n\t<meta property=\"og:image:height\" content=\"1040\" \/>\n\t<meta property=\"og:image:type\" content=\"image\/jpeg\" \/>\n<meta name=\"author\" content=\"DAS Tg Mure\u0219\" \/>\n<meta name=\"twitter:card\" content=\"summary_large_image\" \/>\n<meta name=\"twitter:label1\" content=\"Szerz\u0151:\" \/>\n\t<meta name=\"twitter:data1\" content=\"DAS Tg Mure\u0219\" \/>\n\t<meta name=\"twitter:label2\" content=\"Becs\u00fclt olvas\u00e1si id\u0151\" \/>\n\t<meta name=\"twitter:data2\" content=\"3 perc\" \/>\n<script type=\"application\/ld+json\" class=\"yoast-schema-graph\">{\"@context\":\"https:\/\/schema.org\",\"@graph\":[{\"@type\":\"WebPage\",\"@id\":\"https:\/\/dastgmures.ro\/stiri\/inscrieri-in-cadrul-proiectului-adopta-o-familie\/\",\"url\":\"https:\/\/dastgmures.ro\/stiri\/inscrieri-in-cadrul-proiectului-adopta-o-familie\/\",\"name\":\"\u00censcrieri \u00een cadrul proiectului \u201eAdopt\u0103 o familie\u201d - Direc\u021bia de Asisten\u021b\u0103 Social\u0103 T\u00e2rgu Mure\u0219\",\"isPartOf\":{\"@id\":\"https:\/\/dastgmures.ro\/#website\"},\"datePublished\":\"2023-01-03T13:01:02+00:00\",\"dateModified\":\"2023-01-03T13:01:02+00:00\",\"author\":{\"@id\":\"https:\/\/dastgmures.ro\/#\/schema\/person\/7d0aee74ed98f49d76d34e2120ead5a9\"},\"breadcrumb\":{\"@id\":\"https:\/\/dastgmures.ro\/stiri\/inscrieri-in-cadrul-proiectului-adopta-o-familie\/#breadcrumb\"},\"inLanguage\":\"hu\",\"potentialAction\":[{\"@type\":\"ReadAction\",\"target\":[\"https:\/\/dastgmures.ro\/stiri\/inscrieri-in-cadrul-proiectului-adopta-o-familie\/\"]}]},{\"@type\":\"BreadcrumbList\",\"@id\":\"https:\/\/dastgmures.ro\/stiri\/inscrieri-in-cadrul-proiectului-adopta-o-familie\/#breadcrumb\",\"itemListElement\":[{\"@type\":\"ListItem\",\"position\":1,\"name\":\"Prima pagin\u0103\",\"item\":\"https:\/\/dastgmures.ro\/\"},{\"@type\":\"ListItem\",\"position\":2,\"name\":\"\u00censcrieri \u00een cadrul proiectului \u201eAdopt\u0103 o familie\u201d\"}]},{\"@type\":\"WebSite\",\"@id\":\"https:\/\/dastgmures.ro\/#website\",\"url\":\"https:\/\/dastgmures.ro\/\",\"name\":\"Direc\u021bia de Asisten\u021b\u0103 Social\u0103 T\u00e2rgu Mure\u0219\",\"description\":\"\",\"potentialAction\":[{\"@type\":\"SearchAction\",\"target\":{\"@type\":\"EntryPoint\",\"urlTemplate\":\"https:\/\/dastgmures.ro\/?s={search_term_string}\"},\"query-input\":\"required name=search_term_string\"}],\"inLanguage\":\"hu\"},{\"@type\":\"Person\",\"@id\":\"https:\/\/dastgmures.ro\/#\/schema\/person\/7d0aee74ed98f49d76d34e2120ead5a9\",\"name\":\"DAS Tg Mure\u0219\",\"image\":{\"@type\":\"ImageObject\",\"inLanguage\":\"hu\",\"@id\":\"https:\/\/dastgmures.ro\/#\/schema\/person\/image\/\",\"url\":\"https:\/\/secure.gravatar.com\/avatar\/db687ed1423b3cea231ade1042402c4344f237a2b4368785727c414c6315bf44?s=96&d=mm&r=g\",\"contentUrl\":\"https:\/\/secure.gravatar.com\/avatar\/db687ed1423b3cea231ade1042402c4344f237a2b4368785727c414c6315bf44?s=96&d=mm&r=g\",\"caption\":\"DAS Tg Mure\u0219\"},\"sameAs\":[\"https:\/\/dastgmures.ro\"],\"url\":\"https:\/\/dastgmures.ro\/hu\/author\/tgm_das\/\"}]}<\/script>\n<!-- \/ Yoast SEO plugin. -->","yoast_head_json":{"title":"\u00censcrieri \u00een cadrul proiectului \u201eAdopt\u0103 o familie\u201d - Direc\u021bia de Asisten\u021b\u0103 Social\u0103 T\u00e2rgu Mure\u0219","robots":{"index":"index","follow":"follow","max-snippet":"max-snippet:-1","max-image-preview":"max-image-preview:large","max-video-preview":"max-video-preview:-1"},"canonical":"https:\/\/dastgmures.ro\/hu\/hirek\/registration-adopt-a-family\/","og_locale":"hu_HU","og_type":"article","og_title":"\u00censcrieri \u00een cadrul proiectului \u201eAdopt\u0103 o familie\u201d - Direc\u021bia de Asisten\u021b\u0103 Social\u0103 T\u00e2rgu Mure\u0219","og_description":"Anun\u021b T\u00e2rgu Mure\u0219, 03.01.2023 \u00a0 \u00censcrieri \u00een cadrul proiectului \u201eAdopt\u0103 o familie\u201d destinat sus\u021binerii familiilor din T\u00e2rgu Mure\u0219 aflate \u00een dificultate &nbsp;&hellip;","og_url":"https:\/\/dastgmures.ro\/hu\/hirek\/registration-adopt-a-family\/","og_site_name":"Direc\u021bia de Asisten\u021b\u0103 Social\u0103 T\u00e2rgu Mure\u0219","article_published_time":"2023-01-03T13:01:02+00:00","og_image":[{"width":1477,"height":1040,"url":"https:\/\/dastgmures.ro\/wp-content\/uploads\/2023\/01\/Adopta-o-familie-1-1.jpg","type":"image\/jpeg"}],"author":"DAS Tg Mure\u0219","twitter_card":"summary_large_image","twitter_misc":{"Szerz\u0151:":"DAS Tg Mure\u0219","Becs\u00fclt olvas\u00e1si id\u0151":"3 perc"},"schema":{"@context":"https:\/\/schema.org","@graph":[{"@type":"WebPage","@id":"https:\/\/dastgmures.ro\/stiri\/inscrieri-in-cadrul-proiectului-adopta-o-familie\/","url":"https:\/\/dastgmures.ro\/stiri\/inscrieri-in-cadrul-proiectului-adopta-o-familie\/","name":"\u00censcrieri \u00een cadrul proiectului \u201eAdopt\u0103 o familie\u201d - Direc\u021bia de Asisten\u021b\u0103 Social\u0103 T\u00e2rgu Mure\u0219","isPartOf":{"@id":"https:\/\/dastgmures.ro\/#website"},"datePublished":"2023-01-03T13:01:02+00:00","dateModified":"2023-01-03T13:01:02+00:00","author":{"@id":"https:\/\/dastgmures.ro\/#\/schema\/person\/7d0aee74ed98f49d76d34e2120ead5a9"},"breadcrumb":{"@id":"https:\/\/dastgmures.ro\/stiri\/inscrieri-in-cadrul-proiectului-adopta-o-familie\/#breadcrumb"},"inLanguage":"hu","potentialAction":[{"@type":"ReadAction","target":["https:\/\/dastgmures.ro\/stiri\/inscrieri-in-cadrul-proiectului-adopta-o-familie\/"]}]},{"@type":"BreadcrumbList","@id":"https:\/\/dastgmures.ro\/stiri\/inscrieri-in-cadrul-proiectului-adopta-o-familie\/#breadcrumb","itemListElement":[{"@type":"ListItem","position":1,"name":"Prima pagin\u0103","item":"https:\/\/dastgmures.ro\/"},{"@type":"ListItem","position":2,"name":"\u00censcrieri \u00een cadrul proiectului \u201eAdopt\u0103 o familie\u201d"}]},{"@type":"WebSite","@id":"https:\/\/dastgmures.ro\/#website","url":"https:\/\/dastgmures.ro\/","name":"Direc\u021bia de Asisten\u021b\u0103 Social\u0103 T\u00e2rgu Mure\u0219","description":"","potentialAction":[{"@type":"SearchAction","target":{"@type":"EntryPoint","urlTemplate":"https:\/\/dastgmures.ro\/?s={search_term_string}"},"query-input":"required name=search_term_string"}],"inLanguage":"hu"},{"@type":"Person","@id":"https:\/\/dastgmures.ro\/#\/schema\/person\/7d0aee74ed98f49d76d34e2120ead5a9","name":"DAS Tg Mure\u0219","image":{"@type":"ImageObject","inLanguage":"hu","@id":"https:\/\/dastgmures.ro\/#\/schema\/person\/image\/","url":"https:\/\/secure.gravatar.com\/avatar\/db687ed1423b3cea231ade1042402c4344f237a2b4368785727c414c6315bf44?s=96&d=mm&r=g","contentUrl":"https:\/\/secure.gravatar.com\/avatar\/db687ed1423b3cea231ade1042402c4344f237a2b4368785727c414c6315bf44?s=96&d=mm&r=g","caption":"DAS Tg Mure\u0219"},"sameAs":["https:\/\/dastgmures.ro"],"url":"https:\/\/dastgmures.ro\/hu\/author\/tgm_das\/"}]}},"_links":{"self":[{"href":"https:\/\/dastgmures.ro\/hu\/wp-json\/wp\/v2\/posts\/5421","targetHints":{"allow":["GET"]}}],"collection":[{"href":"https:\/\/dastgmures.ro\/hu\/wp-json\/wp\/v2\/posts"}],"about":[{"href":"https:\/\/dastgmures.ro\/hu\/wp-json\/wp\/v2\/types\/post"}],"author":[{"embeddable":true,"href":"https:\/\/dastgmures.ro\/hu\/wp-json\/wp\/v2\/users\/1"}],"replies":[{"embeddable":true,"href":"https:\/\/dastgmures.ro\/hu\/wp-json\/wp\/v2\/comments?post=5421"}],"version-history":[{"count":1,"href":"https:\/\/dastgmures.ro\/hu\/wp-json\/wp\/v2\/posts\/5421\/revisions"}],"predecessor-version":[{"id":5424,"href":"https:\/\/dastgmures.ro\/hu\/wp-json\/wp\/v2\/posts\/5421\/revisions\/5424"}],"wp:featuredmedia":[{"embeddable":true,"href":"https:\/\/dastgmures.ro\/hu\/wp-json\/wp\/v2\/media\/5423"}],"wp:attachment":[{"href":"https:\/\/dastgmures.ro\/hu\/wp-json\/wp\/v2\/media?parent=5421"}],"wp:term":[{"taxonomy":"category","embeddable":true,"href":"https:\/\/dastgmures.ro\/hu\/wp-json\/wp\/v2\/categories?post=5421"},{"taxonomy":"post_tag","embeddable":true,"href":"https:\/\/dastgmures.ro\/hu\/wp-json\/wp\/v2\/tags?post=5421"}],"curies":[{"name":"wp","href":"https:\/\/api.w.org\/{rel}","templated":true}]}}