{"id":5889,"date":"2023-03-14T09:42:10","date_gmt":"2023-03-14T07:42:10","guid":{"rendered":"https:\/\/dastgmures.ro\/?p=5889"},"modified":"2023-03-14T09:42:10","modified_gmt":"2023-03-14T07:42:10","slug":"anunt-cu-privire-la-obligatiile-parintilor-care-urmeaza-sa-plece-sunt-plecati-la-munca-in-strainatate","status":"publish","type":"post","link":"https:\/\/dastgmures.ro\/hu\/hirek\/bejelentes-azokrol-a-szulokrol-amelyek-akarjak-felkerni-azokat-akik-kulfoldon-munkat-vallalnak\/","title":{"rendered":"T\u00c1J\u00c9KOZTAT\u00c1S a k\u00fclf\u00f6ldre utaz\u00f3\/k\u00fclf\u00f6ld\u00f6n dolgozni indul\u00f3 sz\u00fcl\u0151k k\u00f6telezetts\u00e9geir\u0151l"},"content":{"rendered":"<p><strong>Bejelent\u00e9s<\/strong><\/p>\n<p><strong>Marosv\u00e1s\u00e1rhely, 2023.03.14.<\/strong><\/p>\n<p><strong>\u00a0<\/strong><\/p>\n<p style=\"text-align: center;\"><strong>FELH\u00cdV\u00c1S a t\u00e1voz\u00f3\/elhagy\u00f3 sz\u00fcl\u0151k k\u00f6telezetts\u00e9geire vonatkoz\u00f3an <\/strong><strong>k\u00fclf\u00f6ld\u00f6n dolgozni<\/strong><\/p>\n<p>A gyermekek jogainak v\u00e9delm\u00e9r\u0151l \u00e9s el\u0151mozd\u00edt\u00e1s\u00e1r\u00f3l sz\u00f3l\u00f3 272\/2004. sz\u00e1m\u00fa, \u00fajra k\u00f6zz\u00e9tett t\u00f6rv\u00e9ny rendelkez\u00e9sei szerint azok a szem\u00e9lyek, akik kiskor\u00fa gyermeket nevelnek \u00e9s k\u00fclf\u00f6ldre k\u00edv\u00e1nnak menni dolgozni, k\u00f6telesek ezt a sz\u00e1nd\u00e9kukat bejelenteni a marosv\u00e1s\u00e1rhelyi Szoci\u00e1lis Seg\u00e9lyek Igazgat\u00f3s\u00e1g\u00e1nak, a k\u00f6vetkez\u0151 dokumentumokkal egy\u00fctt. <strong>legal\u00e1bb 40 nappal az orsz\u00e1g elhagy\u00e1sa el\u0151tt, \u00e9s kijel\u00f6lni egy szem\u00e9lyt, aki gondoskodik r\u00f3luk.<\/strong>\u00a0Azt a szem\u00e9lyt is k\u00f6telez\u0151 kijel\u00f6lni, aki a sz\u00fcl\u0151k vagy a gy\u00e1m t\u00e1voll\u00e9t\u00e9ben a gyermekr\u0151l\/gyermekekr\u0151l gondoskodik, ha van ilyen.<\/p>\n<p>A kijel\u00f6lt szem\u00e9lynek a t\u00e1gabb csal\u00e1d tagja, azaz rokon a negyedik fokig bez\u00e1r\u00f3lag, legal\u00e1bb 18 \u00e9vesnek kell lennie, \u00e9s meg kell felelnie a gyermek nevel\u00e9s\u00e9hez \u00e9s gondoz\u00e1s\u00e1hoz sz\u00fcks\u00e9ges anyagi felt\u00e9teleknek \u00e9s erk\u00f6lcsi garanci\u00e1knak.<\/p>\n<p>Annak a szem\u00e9lynek a meger\u0151s\u00edt\u00e9s\u00e9t, akin\u00e9l a gyermek gondoz\u00e1sban marad, a gy\u00e1mb\u00edr\u00f3s\u00e1g v\u00e9gzi. A kijel\u00f6lt szem\u00e9ly beleegyez\u00e9s\u00e9t a b\u00edr\u00f3s\u00e1g el\u0151tt szem\u00e9lyesen kell kifejeznie.<\/p>\n<p>A fentiekre val\u00f3 tekintettel a k\u00fclf\u00f6ldi munkav\u00e1llal\u00e1si sz\u00e1nd\u00e9kot bejelent\u0151 szem\u00e9lyeknek a Marosv\u00e1s\u00e1rhelyi Szoci\u00e1lis Seg\u00edts\u00e9gny\u00fajt\u00e1si Oszt\u00e1lyon (Gheorghe Doja utca 9. sz\u00e1m, f\u00f6ldszint 8. szoba (anyak\u00f6nyvi hivatal) vagy e-mailben a k\u00f6vetkez\u0151 c\u00edmre kell beny\u00fajtaniuk: <a href=\"mailto:registratura.das@tirgumures.ro\">registratura.das@tirgumures.ro<\/a>a k\u00f6vetkez\u0151ket <strong>dokumentumok:<\/strong><\/p>\n<ul>\n<li>\u00c9rtes\u00edt\u00e9s (nyilatkozatminta), amely megtal\u00e1lhat\u00f3 a honlapon. <a href=\"https:\/\/dastgmures.ro\/hu\/\">dastgmures.ro<\/a>, Szoci\u00e1lis j\u00f3l\u00e9ti szolg\u00e1ltat\u00e1sok - A k\u00fclf\u00f6ld\u00f6n dolgoz\u00f3 sz\u00fcl\u0151kkel rendelkez\u0151 gyermekek v\u00e9delme vagy a linkre kattintva: <a href=\"https:\/\/dastgmures.ro\/hu\/joleti-szolgaltatasok\/gyermek-es-csaladvedelem\/gyermekvedelem-az-orszagban-munkavallalo-szulokkel-az-orszagban-munkavallalo-szulokkel\/\">https:\/\/dastgmures.ro\/servicii-de-asistenta-sociala\/protectia-copilului-si-a-familiei\/protectia-copilului-cu-parinti-plecati-la-munca-in-strainatate\/<\/a>;<\/li>\n<li>A k\u00fclf\u00f6ldre utaz\u00f3 sz\u00fcl\u0151(k) szem\u00e9lyi igazolv\u00e1ny\u00e1nak m\u00e1solata;<\/li>\n<li>Annak a szem\u00e9lynek a szem\u00e9lyazonos\u00edt\u00f3 igazolv\u00e1ny\u00e1nak m\u00e1solata, akinek a gondoz\u00e1s\u00e1ban a gyermek\/gyermekek tart\u00f3zkodnak;<\/li>\n<li>A gyermek\/gyermekek sz\u00fclet\u00e9si anyak\u00f6nyvi kivonat\u00e1nak \u00e9s szem\u00e9lyi igazolv\u00e1ny\u00e1nak m\u00e1solata;<\/li>\n<li>A sz\u00fcl\u0151i fel\u00fcgyeleti jog ideiglenes \u00e1truh\u00e1z\u00e1s\u00e1r\u00f3l sz\u00f3l\u00f3 b\u00edr\u00f3s\u00e1gi hat\u00e1rozat (adott esetben);<\/li>\n<li>Adott esetben annak igazol\u00e1sa, hogy az \u00e9rintett sz\u00fcl\u0151 egyed\u00fcl gyakorolja a sz\u00fcl\u0151i fel\u00fcgyeleti jogot (a joger\u0151s \u00e9s visszavonhatatlan v\u00e1l\u00f3peres hat\u00e1rozat m\u00e1solata, a m\u00e1sik sz\u00fcl\u0151 halotti bizony\u00edtv\u00e1ny\u00e1nak m\u00e1solata).<\/li>\n<\/ul>\n<p>A k\u00fclf\u00f6ld\u00f6n dolgoz\u00f3 sz\u00fcl\u0151vel\/sz\u00fcl\u0151kkel rendelkez\u0151 gyermek nevel\u00e9s\u00e9\u00e9rt \u00e9s gondoz\u00e1s\u00e1\u00e9rt felel\u0151s szem\u00e9ly k\u00f6teles a DAS T\u00e2rgu Mure\u0219 rendelkez\u00e9s\u00e9re bocs\u00e1tani minden olyan adatot \u00e9s inform\u00e1ci\u00f3t, amellyel rendelkezik a sz\u00fcl\u0151k k\u00fclf\u00f6ld\u00f6n el\u00e9rhet\u0151 c\u00edm\u00e9r\u0151l, \u00e9s igazolni, hogy kapcsolatot tart vel\u00fck.<\/p>\n<p><strong>Mi\u00e9rt j\u00f3, ha a sz\u00fcl\u0151\/sz\u00fcl\u0151k \u00e9rtes\u00edtik a DAS T\u00e2rgu Mure\u0219t arr\u00f3l, hogy k\u00fclf\u00f6ldre megy dolgozni?<\/strong><\/p>\n<ul>\n<li>A marosv\u00e1s\u00e1rhelyi DAS folyamatosan figyelemmel k\u00eds\u00e9ri az otthon hagyott gyermekek gondoz\u00e1s\u00e1t, nevel\u00e9s\u00e9t \u00e9s norm\u00e1lis fejl\u0151d\u00e9s\u00e9t; a gyermekek jogainak v\u00e9delm\u00e9t; a vesz\u00e9lyhelyzetek megel\u0151z\u00e9s\u00e9t; az iskolai helyzet figyelemmel k\u00eds\u00e9r\u00e9s\u00e9t; az orvosi seg\u00edts\u00e9gny\u00fajt\u00e1st, valamint a sz\u00fcl\u0151 t\u00e1voll\u00e9t\u00e9ben az \u00e9rzelmi t\u00e1mogat\u00e1s biztos\u00edt\u00e1s\u00e1t, mik\u00f6zben egy\u00fcttm\u0171k\u00f6dik a tan\u00e1rokkal, pszichol\u00f3gusokkal, h\u00e1ziorvosokkal, rend\u0151r\u00f6kkel stb., mindezt a gyermek\/gyermekek biztons\u00e1ga \u00e9rdek\u00e9ben abban az id\u0151szakban, amikor a sz\u00fcl\u0151\/sz\u00fcl\u0151k k\u00fclf\u00f6ld\u00f6n dolgoznak.<\/li>\n<\/ul>\n<p><strong>Figyelem!<\/strong><\/p>\n<p>Azok a sz\u00fcl\u0151k, akik nem \u00e9rtes\u00edtik a hat\u00f3s\u00e1gokat k\u00fclf\u00f6ldi munkav\u00e1llal\u00e1si sz\u00e1nd\u00e9kukr\u00f3l, 500 \u00e9s 1000 lej k\u00f6z\u00f6tti b\u00edrs\u00e1got kock\u00e1ztatnak.<\/p>\n<p style=\"text-align: center;\"><strong>\u00a0<\/strong><strong>Marosv\u00e1s\u00e1rhelyi Szoci\u00e1lis Seg\u00e9lyez\u00e9si Oszt\u00e1ly<\/strong><\/p>\n<p><img decoding=\"async\" class=\"aligncenter wp-image-5894 size-full\" src=\"https:\/\/dastgmures.ro\/wp-content\/uploads\/2023\/03\/db743a7a0f7aa97dce10a92f51494044-1063x560-00-86.jpg\" alt=\"\" width=\"1063\" height=\"560\" srcset=\"https:\/\/dastgmures.ro\/wp-content\/uploads\/2023\/03\/db743a7a0f7aa97dce10a92f51494044-1063x560-00-86.jpg 1063w, https:\/\/dastgmures.ro\/wp-content\/uploads\/2023\/03\/db743a7a0f7aa97dce10a92f51494044-1063x560-00-86-300x158.jpg 300w, https:\/\/dastgmures.ro\/wp-content\/uploads\/2023\/03\/db743a7a0f7aa97dce10a92f51494044-1063x560-00-86-1024x539.jpg 1024w, https:\/\/dastgmures.ro\/wp-content\/uploads\/2023\/03\/db743a7a0f7aa97dce10a92f51494044-1063x560-00-86-768x405.jpg 768w, https:\/\/dastgmures.ro\/wp-content\/uploads\/2023\/03\/db743a7a0f7aa97dce10a92f51494044-1063x560-00-86-18x9.jpg 18w, https:\/\/dastgmures.ro\/wp-content\/uploads\/2023\/03\/db743a7a0f7aa97dce10a92f51494044-1063x560-00-86-585x308.jpg 585w\" sizes=\"(max-width: 1063px) 100vw, 1063px\" \/><\/p>\n<p>&nbsp;<\/p>","protected":false},"excerpt":{"rendered":"<p>K\u00f6zlem\u00e9ny Marosv\u00e1s\u00e1rhely, 14.03.2023 K\u00d6ZLEM\u00c9NY a k\u00fclf\u00f6ldre utaz\u00f3\/k\u00fclf\u00f6ld\u00f6n dolgozni indul\u00f3 sz\u00fcl\u0151k k\u00f6telezetts\u00e9geir\u0151l A k\u00fclf\u00f6ldre munkav\u00e1llal\u00e1s c\u00e9lj\u00e1b\u00f3l...<\/p>","protected":false},"author":2,"featured_media":0,"comment_status":"closed","ping_status":"open","sticky":false,"template":"","format":"standard","meta":{"footnotes":""},"categories":[3],"tags":[],"class_list":["post-5889","post","type-post","status-publish","format-standard","hentry","category-stiri"],"yoast_head":"<!-- This site is optimized with the Yoast SEO plugin v19.13 - https:\/\/yoast.com\/wordpress\/plugins\/seo\/ -->\n<title>ANUN\u021a cu privire la obliga\u021biile p\u0103rin\u021bilor care urmeaz\u0103 s\u0103 plece\/sunt pleca\u021bi la munc\u0103 \u00een str\u0103in\u0103tate - Direc\u021bia de Asisten\u021b\u0103 Social\u0103 T\u00e2rgu Mure\u0219<\/title>\n<meta name=\"robots\" content=\"index, follow, max-snippet:-1, max-image-preview:large, max-video-preview:-1\" \/>\n<link rel=\"canonical\" href=\"https:\/\/dastgmures.ro\/hu\/hirek\/bejelentes-azokrol-a-szulokrol-amelyek-akarjak-felkerni-azokat-akik-kulfoldon-munkat-vallalnak\/\" \/>\n<meta property=\"og:locale\" content=\"hu_HU\" \/>\n<meta property=\"og:type\" content=\"article\" \/>\n<meta property=\"og:title\" content=\"ANUN\u021a cu privire la obliga\u021biile p\u0103rin\u021bilor care urmeaz\u0103 s\u0103 plece\/sunt pleca\u021bi la munc\u0103 \u00een str\u0103in\u0103tate - Direc\u021bia de Asisten\u021b\u0103 Social\u0103 T\u00e2rgu Mure\u0219\" \/>\n<meta property=\"og:description\" content=\"Anun\u021b T\u00e2rgu Mure\u0219, 14.03.2023 \u00a0 ANUN\u021a cu privire la obliga\u021biile p\u0103rin\u021bilor care urmeaz\u0103 s\u0103 plece\/sunt pleca\u021bi la munc\u0103 \u00een str\u0103in\u0103tate \u00cen conformitate&hellip;\" \/>\n<meta property=\"og:url\" content=\"https:\/\/dastgmures.ro\/hu\/hirek\/bejelentes-azokrol-a-szulokrol-amelyek-akarjak-felkerni-azokat-akik-kulfoldon-munkat-vallalnak\/\" \/>\n<meta property=\"og:site_name\" content=\"Direc\u021bia de Asisten\u021b\u0103 Social\u0103 T\u00e2rgu Mure\u0219\" \/>\n<meta property=\"article:published_time\" content=\"2023-03-14T07:42:10+00:00\" \/>\n<meta property=\"og:image\" content=\"https:\/\/dastgmures.ro\/wp-content\/uploads\/2023\/03\/db743a7a0f7aa97dce10a92f51494044-1063x560-00-86.jpg\" \/>\n<meta name=\"author\" content=\"Hirlav Mariana\" \/>\n<meta name=\"twitter:card\" content=\"summary_large_image\" \/>\n<meta name=\"twitter:label1\" content=\"Szerz\u0151:\" \/>\n\t<meta name=\"twitter:data1\" content=\"Hirlav Mariana\" \/>\n\t<meta name=\"twitter:label2\" content=\"Becs\u00fclt olvas\u00e1si id\u0151\" \/>\n\t<meta name=\"twitter:data2\" content=\"3 perc\" \/>\n<script type=\"application\/ld+json\" class=\"yoast-schema-graph\">{\"@context\":\"https:\/\/schema.org\",\"@graph\":[{\"@type\":\"WebPage\",\"@id\":\"https:\/\/dastgmures.ro\/stiri\/anunt-cu-privire-la-obligatiile-parintilor-care-urmeaza-sa-plece-sunt-plecati-la-munca-in-strainatate\/\",\"url\":\"https:\/\/dastgmures.ro\/stiri\/anunt-cu-privire-la-obligatiile-parintilor-care-urmeaza-sa-plece-sunt-plecati-la-munca-in-strainatate\/\",\"name\":\"ANUN\u021a cu privire la obliga\u021biile p\u0103rin\u021bilor care urmeaz\u0103 s\u0103 plece\/sunt pleca\u021bi la munc\u0103 \u00een str\u0103in\u0103tate - Direc\u021bia de Asisten\u021b\u0103 Social\u0103 T\u00e2rgu Mure\u0219\",\"isPartOf\":{\"@id\":\"https:\/\/dastgmures.ro\/#website\"},\"datePublished\":\"2023-03-14T07:42:10+00:00\",\"dateModified\":\"2023-03-14T07:42:10+00:00\",\"author\":{\"@id\":\"https:\/\/dastgmures.ro\/#\/schema\/person\/090d5ba892b6c29413e6ec4c1ffa93ff\"},\"breadcrumb\":{\"@id\":\"https:\/\/dastgmures.ro\/stiri\/anunt-cu-privire-la-obligatiile-parintilor-care-urmeaza-sa-plece-sunt-plecati-la-munca-in-strainatate\/#breadcrumb\"},\"inLanguage\":\"hu\",\"potentialAction\":[{\"@type\":\"ReadAction\",\"target\":[\"https:\/\/dastgmures.ro\/stiri\/anunt-cu-privire-la-obligatiile-parintilor-care-urmeaza-sa-plece-sunt-plecati-la-munca-in-strainatate\/\"]}]},{\"@type\":\"BreadcrumbList\",\"@id\":\"https:\/\/dastgmures.ro\/stiri\/anunt-cu-privire-la-obligatiile-parintilor-care-urmeaza-sa-plece-sunt-plecati-la-munca-in-strainatate\/#breadcrumb\",\"itemListElement\":[{\"@type\":\"ListItem\",\"position\":1,\"name\":\"Prima pagin\u0103\",\"item\":\"https:\/\/dastgmures.ro\/\"},{\"@type\":\"ListItem\",\"position\":2,\"name\":\"ANUN\u021a cu privire la obliga\u021biile p\u0103rin\u021bilor care urmeaz\u0103 s\u0103 plece\/sunt pleca\u021bi la munc\u0103 \u00een str\u0103in\u0103tate\"}]},{\"@type\":\"WebSite\",\"@id\":\"https:\/\/dastgmures.ro\/#website\",\"url\":\"https:\/\/dastgmures.ro\/\",\"name\":\"Direc\u021bia de Asisten\u021b\u0103 Social\u0103 T\u00e2rgu Mure\u0219\",\"description\":\"\",\"potentialAction\":[{\"@type\":\"SearchAction\",\"target\":{\"@type\":\"EntryPoint\",\"urlTemplate\":\"https:\/\/dastgmures.ro\/?s={search_term_string}\"},\"query-input\":\"required name=search_term_string\"}],\"inLanguage\":\"hu\"},{\"@type\":\"Person\",\"@id\":\"https:\/\/dastgmures.ro\/#\/schema\/person\/090d5ba892b6c29413e6ec4c1ffa93ff\",\"name\":\"Hirlav Mariana\",\"image\":{\"@type\":\"ImageObject\",\"inLanguage\":\"hu\",\"@id\":\"https:\/\/dastgmures.ro\/#\/schema\/person\/image\/\",\"url\":\"https:\/\/secure.gravatar.com\/avatar\/844b59c83dd256e2fbea16ab729e9ebd12763bbeb25f1d84279672f9e7745da1?s=96&d=mm&r=g\",\"contentUrl\":\"https:\/\/secure.gravatar.com\/avatar\/844b59c83dd256e2fbea16ab729e9ebd12763bbeb25f1d84279672f9e7745da1?s=96&d=mm&r=g\",\"caption\":\"Hirlav Mariana\"},\"url\":\"https:\/\/dastgmures.ro\/hu\/author\/hirlav-mariana\/\"}]}<\/script>\n<!-- \/ Yoast SEO plugin. -->","yoast_head_json":{"title":"ANUN\u021a cu privire la obliga\u021biile p\u0103rin\u021bilor care urmeaz\u0103 s\u0103 plece\/sunt pleca\u021bi la munc\u0103 \u00een str\u0103in\u0103tate - Direc\u021bia de Asisten\u021b\u0103 Social\u0103 T\u00e2rgu Mure\u0219","robots":{"index":"index","follow":"follow","max-snippet":"max-snippet:-1","max-image-preview":"max-image-preview:large","max-video-preview":"max-video-preview:-1"},"canonical":"https:\/\/dastgmures.ro\/hu\/hirek\/bejelentes-azokrol-a-szulokrol-amelyek-akarjak-felkerni-azokat-akik-kulfoldon-munkat-vallalnak\/","og_locale":"hu_HU","og_type":"article","og_title":"ANUN\u021a cu privire la obliga\u021biile p\u0103rin\u021bilor care urmeaz\u0103 s\u0103 plece\/sunt pleca\u021bi la munc\u0103 \u00een str\u0103in\u0103tate - Direc\u021bia de Asisten\u021b\u0103 Social\u0103 T\u00e2rgu Mure\u0219","og_description":"Anun\u021b T\u00e2rgu Mure\u0219, 14.03.2023 \u00a0 ANUN\u021a cu privire la obliga\u021biile p\u0103rin\u021bilor care urmeaz\u0103 s\u0103 plece\/sunt pleca\u021bi la munc\u0103 \u00een str\u0103in\u0103tate \u00cen conformitate&hellip;","og_url":"https:\/\/dastgmures.ro\/hu\/hirek\/bejelentes-azokrol-a-szulokrol-amelyek-akarjak-felkerni-azokat-akik-kulfoldon-munkat-vallalnak\/","og_site_name":"Direc\u021bia de Asisten\u021b\u0103 Social\u0103 T\u00e2rgu Mure\u0219","article_published_time":"2023-03-14T07:42:10+00:00","og_image":[{"url":"https:\/\/dastgmures.ro\/wp-content\/uploads\/2023\/03\/db743a7a0f7aa97dce10a92f51494044-1063x560-00-86.jpg"}],"author":"Hirlav Mariana","twitter_card":"summary_large_image","twitter_misc":{"Szerz\u0151:":"Hirlav Mariana","Becs\u00fclt olvas\u00e1si id\u0151":"3 perc"},"schema":{"@context":"https:\/\/schema.org","@graph":[{"@type":"WebPage","@id":"https:\/\/dastgmures.ro\/stiri\/anunt-cu-privire-la-obligatiile-parintilor-care-urmeaza-sa-plece-sunt-plecati-la-munca-in-strainatate\/","url":"https:\/\/dastgmures.ro\/stiri\/anunt-cu-privire-la-obligatiile-parintilor-care-urmeaza-sa-plece-sunt-plecati-la-munca-in-strainatate\/","name":"ANUN\u021a cu privire la obliga\u021biile p\u0103rin\u021bilor care urmeaz\u0103 s\u0103 plece\/sunt pleca\u021bi la munc\u0103 \u00een str\u0103in\u0103tate - Direc\u021bia de Asisten\u021b\u0103 Social\u0103 T\u00e2rgu Mure\u0219","isPartOf":{"@id":"https:\/\/dastgmures.ro\/#website"},"datePublished":"2023-03-14T07:42:10+00:00","dateModified":"2023-03-14T07:42:10+00:00","author":{"@id":"https:\/\/dastgmures.ro\/#\/schema\/person\/090d5ba892b6c29413e6ec4c1ffa93ff"},"breadcrumb":{"@id":"https:\/\/dastgmures.ro\/stiri\/anunt-cu-privire-la-obligatiile-parintilor-care-urmeaza-sa-plece-sunt-plecati-la-munca-in-strainatate\/#breadcrumb"},"inLanguage":"hu","potentialAction":[{"@type":"ReadAction","target":["https:\/\/dastgmures.ro\/stiri\/anunt-cu-privire-la-obligatiile-parintilor-care-urmeaza-sa-plece-sunt-plecati-la-munca-in-strainatate\/"]}]},{"@type":"BreadcrumbList","@id":"https:\/\/dastgmures.ro\/stiri\/anunt-cu-privire-la-obligatiile-parintilor-care-urmeaza-sa-plece-sunt-plecati-la-munca-in-strainatate\/#breadcrumb","itemListElement":[{"@type":"ListItem","position":1,"name":"Prima pagin\u0103","item":"https:\/\/dastgmures.ro\/"},{"@type":"ListItem","position":2,"name":"ANUN\u021a cu privire la obliga\u021biile p\u0103rin\u021bilor care urmeaz\u0103 s\u0103 plece\/sunt pleca\u021bi la munc\u0103 \u00een str\u0103in\u0103tate"}]},{"@type":"WebSite","@id":"https:\/\/dastgmures.ro\/#website","url":"https:\/\/dastgmures.ro\/","name":"Direc\u021bia de Asisten\u021b\u0103 Social\u0103 T\u00e2rgu Mure\u0219","description":"","potentialAction":[{"@type":"SearchAction","target":{"@type":"EntryPoint","urlTemplate":"https:\/\/dastgmures.ro\/?s={search_term_string}"},"query-input":"required name=search_term_string"}],"inLanguage":"hu"},{"@type":"Person","@id":"https:\/\/dastgmures.ro\/#\/schema\/person\/090d5ba892b6c29413e6ec4c1ffa93ff","name":"Hirlav Mariana","image":{"@type":"ImageObject","inLanguage":"hu","@id":"https:\/\/dastgmures.ro\/#\/schema\/person\/image\/","url":"https:\/\/secure.gravatar.com\/avatar\/844b59c83dd256e2fbea16ab729e9ebd12763bbeb25f1d84279672f9e7745da1?s=96&d=mm&r=g","contentUrl":"https:\/\/secure.gravatar.com\/avatar\/844b59c83dd256e2fbea16ab729e9ebd12763bbeb25f1d84279672f9e7745da1?s=96&d=mm&r=g","caption":"Hirlav Mariana"},"url":"https:\/\/dastgmures.ro\/hu\/author\/hirlav-mariana\/"}]}},"_links":{"self":[{"href":"https:\/\/dastgmures.ro\/hu\/wp-json\/wp\/v2\/posts\/5889","targetHints":{"allow":["GET"]}}],"collection":[{"href":"https:\/\/dastgmures.ro\/hu\/wp-json\/wp\/v2\/posts"}],"about":[{"href":"https:\/\/dastgmures.ro\/hu\/wp-json\/wp\/v2\/types\/post"}],"author":[{"embeddable":true,"href":"https:\/\/dastgmures.ro\/hu\/wp-json\/wp\/v2\/users\/2"}],"replies":[{"embeddable":true,"href":"https:\/\/dastgmures.ro\/hu\/wp-json\/wp\/v2\/comments?post=5889"}],"version-history":[{"count":1,"href":"https:\/\/dastgmures.ro\/hu\/wp-json\/wp\/v2\/posts\/5889\/revisions"}],"predecessor-version":[{"id":5895,"href":"https:\/\/dastgmures.ro\/hu\/wp-json\/wp\/v2\/posts\/5889\/revisions\/5895"}],"wp:attachment":[{"href":"https:\/\/dastgmures.ro\/hu\/wp-json\/wp\/v2\/media?parent=5889"}],"wp:term":[{"taxonomy":"category","embeddable":true,"href":"https:\/\/dastgmures.ro\/hu\/wp-json\/wp\/v2\/categories?post=5889"},{"taxonomy":"post_tag","embeddable":true,"href":"https:\/\/dastgmures.ro\/hu\/wp-json\/wp\/v2\/tags?post=5889"}],"curies":[{"name":"wp","href":"https:\/\/api.w.org\/{rel}","templated":true}]}}