{"id":5962,"date":"2023-03-16T13:56:35","date_gmt":"2023-03-16T11:56:35","guid":{"rendered":"https:\/\/dastgmures.ro\/?p=5962"},"modified":"2023-03-16T13:57:34","modified_gmt":"2023-03-16T11:57:34","slug":"anunt-invitatie-de-participare","status":"publish","type":"post","link":"https:\/\/dastgmures.ro\/hu\/hirek\/meghivo-reszveteli-felhivas\/","title":{"rendered":"FELH\u00cdV\u00c1S\/R\u00c9SZV\u00c9TELRE HOZZ\u00c1H\u00cdV\u00c1S Az \u00e9rdekelt gazdas\u00e1gi szerepl\u0151k figyelm\u00e9be"},"content":{"rendered":"<p style=\"text-align: center;\"><strong>\u00c9RTES\u00cdT\u00c9S\/FELH\u00cdV\u00c1S A R\u00c9SZV\u00c9TELRE<\/strong><\/p>\n<p style=\"text-align: center;\"><strong>\u00a0<\/strong><strong>\u00a0\u00a0\u00a0\u00a0\u00a0\u00a0 Az \u00e9rdekelt gazdas\u00e1gi szerepl\u0151k figyelm\u00e9be<\/strong><\/p>\n<p><strong>\u00a0<\/strong><\/p>\n<p><strong>Marosv\u00e1s\u00e1rhelyi Szoci\u00e1lis Seg\u00e9lyez\u00e9si Oszt\u00e1ly<\/strong>, sz\u00e9khelye: Marosv\u00e1s\u00e1rhely, Gheorghe Doja utca 9. sz\u00e1m, ir\u00e1ny\u00edt\u00f3sz\u00e1m: 540015, mint aj\u00e1nlatk\u00e9r\u0151, meghirdeti az \u00e9rdekl\u0151d\u0151 gazdas\u00e1gi szerepl\u0151k sz\u00e1m\u00e1ra, hogy megv\u00e1s\u00e1rolja a \"<em>Szoci\u00e1lis \u00e9tkeztet\u00e9s <\/em>\", CPV k\u00f3d: 55510000-8 A k\u00f6zbeszerz\u00e9sekr\u0151l sz\u00f3l\u00f3 98\/2016. sz. t\u00f6rv\u00e9ny 2. mell\u00e9klet\u00e9ben el\u0151\u00edrt, a 68. cikk (1) bekezd\u00e9se szerinti menzaszolg\u00e1ltat\u00e1sok. (1) bekezd\u00e9s\u00e9nek h) pontja \u00e9s a 111. cikk (1) bekezd\u00e9s\u00e9nek h) pontja alapj\u00e1n. (1) bekezd\u00e9se alapj\u00e1n, a k\u00f6zbeszerz\u00e9sekr\u0151l sz\u00f3l\u00f3 98\/2016. sz. t\u00f6rv\u00e9ny m\u00f3dos\u00edtott \u00e9s kieg\u00e9sz\u00edtett v\u00e1ltozata szerint, offline lefolytatand\u00f3 saj\u00e1t aj\u00e1nlati kiv\u00e1laszt\u00e1si elj\u00e1r\u00e1s \u00fatj\u00e1n.<\/p>\n<p>Teljes becs\u00fclt \u00e9rt\u00e9k: <strong>417.450,00 lej<\/strong><\/p>\n<p>D\u00edjaz\u00e1si krit\u00e9riumok: <strong>a legjobb \u00e1r-\u00e9rt\u00e9k ar\u00e1ny<\/strong><\/p>\n<p>Az aj\u00e1nlatk\u00e9r\u0151 szerv felk\u00e9ri az \u00e9rdekelt gazdas\u00e1gi szerepl\u0151ket, hogy ny\u00fajtsanak be aj\u00e1nlatot a k\u00f6vetkez\u0151k megv\u00e1s\u00e1rl\u00e1s\u00e1ra<strong> \"Szoci\u00e1lis \u00e9tkeztet\u00e9s\", <\/strong>a marosv\u00e1s\u00e1rhelyi Szoci\u00e1lis Oszt\u00e1lyon<strong>,<\/strong> Gheorghe Doja utca 9. sz\u00e1m, 8. szoba - anyak\u00f6nyvi hivatal, lez\u00e1rt \u00e9s felb\u00e9lyegzett bor\u00edt\u00e9kban, a k\u00f6vetkez\u0151 felirattal: \"<em>Aj\u00e1nlat a menzaszolg\u00e1ltat\u00e1sokra<\/em><em>\u0103<\/em><em> szoci\u00e1lis\", <\/em>vagy e-mailben a k\u00f6vetkez\u0151 c\u00edmre: <a href=\"mailto:registratura.das@tirgumures.ro\">registratura.das@tirgumures.ro<\/a>, <strong>2023.03.24-\u00e9n 12:00 \u00f3r\u00e1ig.<\/strong><\/p>\n<p>K\u00e9rj\u00fck az \u00e9rdekelt gazdas\u00e1gi szerepl\u0151ket, hogy aj\u00e1nlataikat a p\u00e1ly\u00e1zati dokument\u00e1ci\u00f3 alapj\u00e1n ny\u00fajts\u00e1k be, amely a honlapokr\u00f3l el\u00e9rhet\u0151 \u00e9s let\u00f6lthet\u0151: <a href=\"https:\/\/dastgmures.ro\/hu\/\">https:\/\/dastgmures.ro\/<\/a>,\u00a0 <a href=\"https:\/\/e-licitatie.ro\/pub\/adv-notices\/list\/1\">https:\/\/e-licitatie.ro\/pub\/adv-notices\/list\/1<\/a> vagy www.tirgumures.ro, amely mag\u00e1ban foglalja:<\/p>\n<p>- \u00datmutat\u00f3 az aj\u00e1nlattev\u0151k sz\u00e1m\u00e1ra;<br \/>\n- Specifik\u00e1ci\u00f3k;<\/p>\n<p>- Forma;<br \/>\n- Szerz\u0151d\u00e9stervezet - bele\u00e9rtve a minim\u00e1lisan k\u00f6telez\u0151 erej\u0171 z\u00e1rad\u00e9kokat.<\/p>\n<p><strong>Tov\u00e1bbi inform\u00e1ci\u00f3k<\/strong> e-mailben lehet k\u00e9rni: <a href=\"mailto:registratura.das@tirgumures.ro\">registratura.das@tirgumures.ro<\/a>, vagy telefonon 0365\/430859 113-as mell\u00e9k, kapcsolattart\u00f3 Bu\u021biu Maria Minerva.<\/p>\n<p>&nbsp;<\/p>\n<p style=\"text-align: center;\"><strong>\u00a0\u00a0\u00a0\u00a0\u00a0\u00a0\u00a0\u00a0\u00a0\u00a0\u00a0\u00a0\u00a0\u00a0\u00a0\u00a0\u00a0\u00a0\u00a0\u00a0\u00a0\u00a0\u00a0\u00a0\u00a0\u00a0\u00a0\u00a0\u00a0 \u00a0\u00dcgyvezet\u0151 igazgat\u00f3<\/strong><\/p>\n<p style=\"text-align: center;\"><strong>\u00a0\u00a0\u00a0\u00a0\u00a0\u00a0\u00a0\u00a0\u00a0\u00a0\u00a0\u00a0\u00a0\u00a0\u00a0\u00a0\u00a0\u00a0\u00a0\u00a0\u00a0\u00a0\u00a0\u00a0\u00a0\u00a0\u00a0\u00a0\u00a0\u00a0\u00a0 Andreia Moraru<\/strong><\/p>\n<p><a href=\"https:\/\/dastgmures.ro\/wp-content\/uploads\/2023\/03\/DOCUMENTATIE-DE-ATRIBUIRE-SERVICII-DE-CANTINA-SOCIALA.docx\" target=\"_blank\" rel=\"noopener\">SZOCI\u00c1LIS \u00c9TKEZTET\u00c9SI SZOLG\u00c1LTAT\u00c1SOKRA VONATKOZ\u00d3 AJ\u00c1NLATT\u00c9TELI DOKUMENT\u00c1CI\u00d3 + MEGFOGALMAZ\u00c1S<\/a><\/p>","protected":false},"excerpt":{"rendered":"<p>FELH\u00cdV\u00c1S\/FELH\u00cdV\u00c1S R\u00c9SZV\u00c9TELRE Az \u00e9rdekl\u0151d\u0151 gazdas\u00e1gi szerepl\u0151k figyelm\u00e9be aj\u00e1nljuk a marosv\u00e1s\u00e1rhelyi sz\u00e9khely\u0171 Szoci\u00e1lis J\u00f3l\u00e9ti Oszt\u00e1ly...<\/p>","protected":false},"author":2,"featured_media":0,"comment_status":"closed","ping_status":"open","sticky":false,"template":"","format":"standard","meta":{"footnotes":""},"categories":[3],"tags":[],"class_list":["post-5962","post","type-post","status-publish","format-standard","hentry","category-stiri"],"yoast_head":"<!-- This site is optimized with the Yoast SEO plugin v19.13 - https:\/\/yoast.com\/wordpress\/plugins\/seo\/ -->\n<title>ANUN\u021a\/INVITA\u021aIE DE PARTICIPARE \u00cen aten\u021bia operatorilor economici interesa\u021bi - Direc\u021bia de Asisten\u021b\u0103 Social\u0103 T\u00e2rgu Mure\u0219<\/title>\n<meta name=\"robots\" content=\"index, follow, max-snippet:-1, max-image-preview:large, max-video-preview:-1\" \/>\n<link rel=\"canonical\" href=\"https:\/\/dastgmures.ro\/hu\/hirek\/meghivo-reszveteli-felhivas\/\" \/>\n<meta property=\"og:locale\" content=\"hu_HU\" \/>\n<meta property=\"og:type\" content=\"article\" \/>\n<meta property=\"og:title\" content=\"ANUN\u021a\/INVITA\u021aIE DE PARTICIPARE \u00cen aten\u021bia operatorilor economici interesa\u021bi - Direc\u021bia de Asisten\u021b\u0103 Social\u0103 T\u00e2rgu Mure\u0219\" \/>\n<meta property=\"og:description\" content=\"ANUN\u021a\/ INVITA\u021aIE DE PARTICIPARE \u00a0\u00a0\u00a0\u00a0\u00a0\u00a0\u00a0 \u00cen aten\u021bia operatorilor economici interesa\u021bi \u00a0 Direc\u021bia de Asisten\u021b\u0103 Social\u0103 T\u00e2rgu Mure\u0219, cu sediul \u00een Municipiul T\u00e2rgu&hellip;\" \/>\n<meta property=\"og:url\" content=\"https:\/\/dastgmures.ro\/hu\/hirek\/meghivo-reszveteli-felhivas\/\" \/>\n<meta property=\"og:site_name\" content=\"Direc\u021bia de Asisten\u021b\u0103 Social\u0103 T\u00e2rgu Mure\u0219\" \/>\n<meta property=\"article:published_time\" content=\"2023-03-16T11:56:35+00:00\" \/>\n<meta property=\"article:modified_time\" content=\"2023-03-16T11:57:34+00:00\" \/>\n<meta name=\"author\" content=\"Hirlav Mariana\" \/>\n<meta name=\"twitter:card\" content=\"summary_large_image\" \/>\n<meta name=\"twitter:label1\" content=\"Szerz\u0151:\" \/>\n\t<meta name=\"twitter:data1\" content=\"Hirlav Mariana\" \/>\n\t<meta name=\"twitter:label2\" content=\"Becs\u00fclt olvas\u00e1si id\u0151\" \/>\n\t<meta name=\"twitter:data2\" content=\"2 perc\" \/>\n<script type=\"application\/ld+json\" class=\"yoast-schema-graph\">{\"@context\":\"https:\/\/schema.org\",\"@graph\":[{\"@type\":\"WebPage\",\"@id\":\"https:\/\/dastgmures.ro\/stiri\/anunt-invitatie-de-participare\/\",\"url\":\"https:\/\/dastgmures.ro\/stiri\/anunt-invitatie-de-participare\/\",\"name\":\"ANUN\u021a\/INVITA\u021aIE DE PARTICIPARE \u00cen aten\u021bia operatorilor economici interesa\u021bi - Direc\u021bia de Asisten\u021b\u0103 Social\u0103 T\u00e2rgu Mure\u0219\",\"isPartOf\":{\"@id\":\"https:\/\/dastgmures.ro\/#website\"},\"datePublished\":\"2023-03-16T11:56:35+00:00\",\"dateModified\":\"2023-03-16T11:57:34+00:00\",\"author\":{\"@id\":\"https:\/\/dastgmures.ro\/#\/schema\/person\/090d5ba892b6c29413e6ec4c1ffa93ff\"},\"breadcrumb\":{\"@id\":\"https:\/\/dastgmures.ro\/stiri\/anunt-invitatie-de-participare\/#breadcrumb\"},\"inLanguage\":\"hu\",\"potentialAction\":[{\"@type\":\"ReadAction\",\"target\":[\"https:\/\/dastgmures.ro\/stiri\/anunt-invitatie-de-participare\/\"]}]},{\"@type\":\"BreadcrumbList\",\"@id\":\"https:\/\/dastgmures.ro\/stiri\/anunt-invitatie-de-participare\/#breadcrumb\",\"itemListElement\":[{\"@type\":\"ListItem\",\"position\":1,\"name\":\"Prima pagin\u0103\",\"item\":\"https:\/\/dastgmures.ro\/\"},{\"@type\":\"ListItem\",\"position\":2,\"name\":\"ANUN\u021a\/INVITA\u021aIE DE PARTICIPARE \u00cen aten\u021bia operatorilor economici interesa\u021bi\"}]},{\"@type\":\"WebSite\",\"@id\":\"https:\/\/dastgmures.ro\/#website\",\"url\":\"https:\/\/dastgmures.ro\/\",\"name\":\"Direc\u021bia de Asisten\u021b\u0103 Social\u0103 T\u00e2rgu Mure\u0219\",\"description\":\"\",\"potentialAction\":[{\"@type\":\"SearchAction\",\"target\":{\"@type\":\"EntryPoint\",\"urlTemplate\":\"https:\/\/dastgmures.ro\/?s={search_term_string}\"},\"query-input\":\"required name=search_term_string\"}],\"inLanguage\":\"hu\"},{\"@type\":\"Person\",\"@id\":\"https:\/\/dastgmures.ro\/#\/schema\/person\/090d5ba892b6c29413e6ec4c1ffa93ff\",\"name\":\"Hirlav Mariana\",\"image\":{\"@type\":\"ImageObject\",\"inLanguage\":\"hu\",\"@id\":\"https:\/\/dastgmures.ro\/#\/schema\/person\/image\/\",\"url\":\"https:\/\/secure.gravatar.com\/avatar\/844b59c83dd256e2fbea16ab729e9ebd12763bbeb25f1d84279672f9e7745da1?s=96&d=mm&r=g\",\"contentUrl\":\"https:\/\/secure.gravatar.com\/avatar\/844b59c83dd256e2fbea16ab729e9ebd12763bbeb25f1d84279672f9e7745da1?s=96&d=mm&r=g\",\"caption\":\"Hirlav Mariana\"},\"url\":\"https:\/\/dastgmures.ro\/hu\/author\/hirlav-mariana\/\"}]}<\/script>\n<!-- \/ Yoast SEO plugin. -->","yoast_head_json":{"title":"ANUN\u021a\/INVITA\u021aIE DE PARTICIPARE \u00cen aten\u021bia operatorilor economici interesa\u021bi - Direc\u021bia de Asisten\u021b\u0103 Social\u0103 T\u00e2rgu Mure\u0219","robots":{"index":"index","follow":"follow","max-snippet":"max-snippet:-1","max-image-preview":"max-image-preview:large","max-video-preview":"max-video-preview:-1"},"canonical":"https:\/\/dastgmures.ro\/hu\/hirek\/meghivo-reszveteli-felhivas\/","og_locale":"hu_HU","og_type":"article","og_title":"ANUN\u021a\/INVITA\u021aIE DE PARTICIPARE \u00cen aten\u021bia operatorilor economici interesa\u021bi - Direc\u021bia de Asisten\u021b\u0103 Social\u0103 T\u00e2rgu Mure\u0219","og_description":"ANUN\u021a\/ INVITA\u021aIE DE PARTICIPARE \u00a0\u00a0\u00a0\u00a0\u00a0\u00a0\u00a0 \u00cen aten\u021bia operatorilor economici interesa\u021bi \u00a0 Direc\u021bia de Asisten\u021b\u0103 Social\u0103 T\u00e2rgu Mure\u0219, cu sediul \u00een Municipiul T\u00e2rgu&hellip;","og_url":"https:\/\/dastgmures.ro\/hu\/hirek\/meghivo-reszveteli-felhivas\/","og_site_name":"Direc\u021bia de Asisten\u021b\u0103 Social\u0103 T\u00e2rgu Mure\u0219","article_published_time":"2023-03-16T11:56:35+00:00","article_modified_time":"2023-03-16T11:57:34+00:00","author":"Hirlav Mariana","twitter_card":"summary_large_image","twitter_misc":{"Szerz\u0151:":"Hirlav Mariana","Becs\u00fclt olvas\u00e1si id\u0151":"2 perc"},"schema":{"@context":"https:\/\/schema.org","@graph":[{"@type":"WebPage","@id":"https:\/\/dastgmures.ro\/stiri\/anunt-invitatie-de-participare\/","url":"https:\/\/dastgmures.ro\/stiri\/anunt-invitatie-de-participare\/","name":"ANUN\u021a\/INVITA\u021aIE DE PARTICIPARE \u00cen aten\u021bia operatorilor economici interesa\u021bi - Direc\u021bia de Asisten\u021b\u0103 Social\u0103 T\u00e2rgu Mure\u0219","isPartOf":{"@id":"https:\/\/dastgmures.ro\/#website"},"datePublished":"2023-03-16T11:56:35+00:00","dateModified":"2023-03-16T11:57:34+00:00","author":{"@id":"https:\/\/dastgmures.ro\/#\/schema\/person\/090d5ba892b6c29413e6ec4c1ffa93ff"},"breadcrumb":{"@id":"https:\/\/dastgmures.ro\/stiri\/anunt-invitatie-de-participare\/#breadcrumb"},"inLanguage":"hu","potentialAction":[{"@type":"ReadAction","target":["https:\/\/dastgmures.ro\/stiri\/anunt-invitatie-de-participare\/"]}]},{"@type":"BreadcrumbList","@id":"https:\/\/dastgmures.ro\/stiri\/anunt-invitatie-de-participare\/#breadcrumb","itemListElement":[{"@type":"ListItem","position":1,"name":"Prima pagin\u0103","item":"https:\/\/dastgmures.ro\/"},{"@type":"ListItem","position":2,"name":"ANUN\u021a\/INVITA\u021aIE DE PARTICIPARE \u00cen aten\u021bia operatorilor economici interesa\u021bi"}]},{"@type":"WebSite","@id":"https:\/\/dastgmures.ro\/#website","url":"https:\/\/dastgmures.ro\/","name":"Direc\u021bia de Asisten\u021b\u0103 Social\u0103 T\u00e2rgu Mure\u0219","description":"","potentialAction":[{"@type":"SearchAction","target":{"@type":"EntryPoint","urlTemplate":"https:\/\/dastgmures.ro\/?s={search_term_string}"},"query-input":"required name=search_term_string"}],"inLanguage":"hu"},{"@type":"Person","@id":"https:\/\/dastgmures.ro\/#\/schema\/person\/090d5ba892b6c29413e6ec4c1ffa93ff","name":"Hirlav Mariana","image":{"@type":"ImageObject","inLanguage":"hu","@id":"https:\/\/dastgmures.ro\/#\/schema\/person\/image\/","url":"https:\/\/secure.gravatar.com\/avatar\/844b59c83dd256e2fbea16ab729e9ebd12763bbeb25f1d84279672f9e7745da1?s=96&d=mm&r=g","contentUrl":"https:\/\/secure.gravatar.com\/avatar\/844b59c83dd256e2fbea16ab729e9ebd12763bbeb25f1d84279672f9e7745da1?s=96&d=mm&r=g","caption":"Hirlav Mariana"},"url":"https:\/\/dastgmures.ro\/hu\/author\/hirlav-mariana\/"}]}},"_links":{"self":[{"href":"https:\/\/dastgmures.ro\/hu\/wp-json\/wp\/v2\/posts\/5962","targetHints":{"allow":["GET"]}}],"collection":[{"href":"https:\/\/dastgmures.ro\/hu\/wp-json\/wp\/v2\/posts"}],"about":[{"href":"https:\/\/dastgmures.ro\/hu\/wp-json\/wp\/v2\/types\/post"}],"author":[{"embeddable":true,"href":"https:\/\/dastgmures.ro\/hu\/wp-json\/wp\/v2\/users\/2"}],"replies":[{"embeddable":true,"href":"https:\/\/dastgmures.ro\/hu\/wp-json\/wp\/v2\/comments?post=5962"}],"version-history":[{"count":3,"href":"https:\/\/dastgmures.ro\/hu\/wp-json\/wp\/v2\/posts\/5962\/revisions"}],"predecessor-version":[{"id":5966,"href":"https:\/\/dastgmures.ro\/hu\/wp-json\/wp\/v2\/posts\/5962\/revisions\/5966"}],"wp:attachment":[{"href":"https:\/\/dastgmures.ro\/hu\/wp-json\/wp\/v2\/media?parent=5962"}],"wp:term":[{"taxonomy":"category","embeddable":true,"href":"https:\/\/dastgmures.ro\/hu\/wp-json\/wp\/v2\/categories?post=5962"},{"taxonomy":"post_tag","embeddable":true,"href":"https:\/\/dastgmures.ro\/hu\/wp-json\/wp\/v2\/tags?post=5962"}],"curies":[{"name":"wp","href":"https:\/\/api.w.org\/{rel}","templated":true}]}}