{"id":7280,"date":"2023-06-30T10:50:31","date_gmt":"2023-06-30T08:50:31","guid":{"rendered":"https:\/\/dastgmures.ro\/?p=7280"},"modified":"2023-06-30T10:51:45","modified_gmt":"2023-06-30T08:51:45","slug":"anunt-invitatie-de-participare-in-atentia-operatorilor-economici-interesati-5","status":"publish","type":"post","link":"https:\/\/dastgmures.ro\/hu\/hirek\/meghivo-felhivas-reszvetel-az-erdekelt-gazdasagi-uzemeltetok-felhivasara-5\/","title":{"rendered":"FELH\u00cdV\u00c1S\/r\u00e9szv\u00e9teli felh\u00edv\u00e1s - Az \u00e9rdekelt gazdas\u00e1gi szerepl\u0151k r\u00e9sz\u00e9re"},"content":{"rendered":"<p style=\"text-align: center;\"><strong>\u00c9RTES\u00cdT\u00c9S\/FELH\u00cdV\u00c1S A R\u00c9SZV\u00c9TELRE<\/strong><\/p>\n<p style=\"text-align: center;\"><strong>Az \u00e9rdekelt gazdas\u00e1gi szerepl\u0151k figyelm\u00e9be<\/strong><\/p>\n<p>&nbsp;<\/p>\n<p>A Marosv\u00e1s\u00e1rhelyi Szoci\u00e1lis Seg\u00e9lyek Igazgat\u00f3s\u00e1ga (sz\u00e9khelye: Marosv\u00e1s\u00e1rhely, Gheorghe Doja utca 9. sz\u00e1m, ir\u00e1ny\u00edt\u00f3sz\u00e1m: 540015), mint aj\u00e1nlatk\u00e9r\u0151, meghirdeti az \u00e9rdekl\u0151d\u0151 gazdas\u00e1gi szerepl\u0151k sz\u00e1m\u00e1ra, hogy a k\u00f6vetkez\u0151ket k\u00edv\u00e1nja megv\u00e1s\u00e1rolni. <strong><em>\"Integr\u00e1lt tanulm\u00e1ny a marginaliz\u00e1lt ter\u00fcletekr\u0151l\"<\/em>.<\/strong><\/p>\n<p><strong>Teljes becs\u00fclt \u00e9rt\u00e9k:\u00a0<\/strong>84,033.61 lej.<\/p>\n<p><strong>D\u00edjaz\u00e1si krit\u00e9riumok:<\/strong>a legjobb \u00e1r-\u00e9rt\u00e9k ar\u00e1ny.<\/p>\n<p><strong>Az aj\u00e1nlatk\u00e9r\u0151 szerv felk\u00e9ri az \u00e9rdekelt gazdas\u00e1gi szerepl\u0151ket, hogy ny\u00fajtsanak be aj\u00e1nlatot.<\/strong> a k\u00f6vetkez\u0151k megv\u00e1s\u00e1rl\u00e1s\u00e1ra<strong>\u00a0<\/strong>\"<em>Integr\u00e1lt tanulm\u00e1ny a marginaliz\u00e1lt ter\u00fcletekr\u0151l\"<\/em> a Marosv\u00e1s\u00e1rhelyi Szoci\u00e1lis Oszt\u00e1lyon, Gheorghe Doja utca 9. sz\u00e1m, 8-as szoba (anyak\u00f6nyvi hivatal), lez\u00e1rt \u00e9s felb\u00e9lyegzett bor\u00edt\u00e9kban, vagy e-mailben a k\u00f6vetkez\u0151 c\u00edmre: <a href=\"mailto:registratura.das@tirgumures.ro\">registratura.das@tirgumures.ro<\/a>,\u00a0<strong>2023.07.07.07. 12:00 \u00f3r\u00e1ig.<\/strong><\/p>\n<p>Az \u00e9rdekl\u0151d\u0151 gazdas\u00e1gi szerepl\u0151ket arra k\u00e9rj\u00fck, hogy az aj\u00e1nlatokat a p\u00e1ly\u00e1zati dokument\u00e1ci\u00f3 alapj\u00e1n ny\u00fajts\u00e1k be, amely a k\u00f6vetkez\u0151ket tartalmazza:<\/p>\n<ul>\n<li>Specifik\u00e1ci\u00f3k;<\/li>\n<li>Forma;<\/li>\n<li>Szerz\u0151d\u00e9stervezet.<\/li>\n<\/ul>\n<p><strong>SEAP r\u00e9szletek: <a href=\"https:\/\/e-licitatie.ro\/pub\/notices\/adv-notices\/view\/100509873\" target=\"_blank\" rel=\"noopener\">https:\/\/e-licitatie.ro\/pub\/notices\/adv-notices\/view\/100509873<\/a> <\/strong><\/p>\n<p>&nbsp;<\/p>\n<p style=\"text-align: center;\"><strong>\u00dcgyvezet\u0151 igazgat\u00f3<\/strong><\/p>\n<p style=\"text-align: center;\"><strong>Andreia Moraru<\/strong><\/p>","protected":false},"excerpt":{"rendered":"<p>FELH\u00cdV\u00c1S\/r\u00e9szv\u00e9teli felh\u00edv\u00e1s Az \u00e9rdekl\u0151d\u0151 gazdas\u00e1gi szerepl\u0151k figyelm\u00e9be aj\u00e1nljuk a marosv\u00e1s\u00e1rhelyi sz\u00e9khely\u0171 V\u00e1s\u00e1rhelyi Szoci\u00e1lis \u00e9s J\u00f3l\u00e9ti Igazgat\u00f3s\u00e1g...<\/p>","protected":false},"author":2,"featured_media":0,"comment_status":"closed","ping_status":"open","sticky":false,"template":"","format":"standard","meta":{"footnotes":""},"categories":[3],"tags":[],"class_list":["post-7280","post","type-post","status-publish","format-standard","hentry","category-stiri"],"yoast_head":"<!-- This site is optimized with the Yoast SEO plugin v19.13 - https:\/\/yoast.com\/wordpress\/plugins\/seo\/ -->\n<title>ANUN\u021a\/ INVITA\u021aIE DE PARTICIPARE - \u00cen aten\u021bia operatorilor economici interesa\u021bi - Direc\u021bia de Asisten\u021b\u0103 Social\u0103 T\u00e2rgu Mure\u0219<\/title>\n<meta name=\"robots\" content=\"index, follow, max-snippet:-1, max-image-preview:large, max-video-preview:-1\" \/>\n<link rel=\"canonical\" href=\"https:\/\/dastgmures.ro\/hu\/hirek\/meghivo-felhivas-reszvetel-az-erdekelt-gazdasagi-uzemeltetok-felhivasara-5\/\" \/>\n<meta property=\"og:locale\" content=\"hu_HU\" \/>\n<meta property=\"og:type\" content=\"article\" \/>\n<meta property=\"og:title\" content=\"ANUN\u021a\/ INVITA\u021aIE DE PARTICIPARE - \u00cen aten\u021bia operatorilor economici interesa\u021bi - Direc\u021bia de Asisten\u021b\u0103 Social\u0103 T\u00e2rgu Mure\u0219\" \/>\n<meta property=\"og:description\" content=\"ANUN\u021a\/ INVITA\u021aIE DE PARTICIPARE \u00cen aten\u021bia operatorilor economici interesa\u021bi &nbsp; Direc\u021bia de Asisten\u021b\u0103 Social\u0103 T\u00e2rgu Mure\u0219, cu sediul \u00een Municipiul T\u00e2rgu Mure\u0219,&hellip;\" \/>\n<meta property=\"og:url\" content=\"https:\/\/dastgmures.ro\/hu\/hirek\/meghivo-felhivas-reszvetel-az-erdekelt-gazdasagi-uzemeltetok-felhivasara-5\/\" \/>\n<meta property=\"og:site_name\" content=\"Direc\u021bia de Asisten\u021b\u0103 Social\u0103 T\u00e2rgu Mure\u0219\" \/>\n<meta property=\"article:published_time\" content=\"2023-06-30T08:50:31+00:00\" \/>\n<meta property=\"article:modified_time\" content=\"2023-06-30T08:51:45+00:00\" \/>\n<meta name=\"author\" content=\"Hirlav Mariana\" \/>\n<meta name=\"twitter:card\" content=\"summary_large_image\" \/>\n<meta name=\"twitter:label1\" content=\"Szerz\u0151:\" \/>\n\t<meta name=\"twitter:data1\" content=\"Hirlav Mariana\" \/>\n\t<meta name=\"twitter:label2\" content=\"Becs\u00fclt olvas\u00e1si id\u0151\" \/>\n\t<meta name=\"twitter:data2\" content=\"1 perc\" \/>\n<script type=\"application\/ld+json\" class=\"yoast-schema-graph\">{\"@context\":\"https:\/\/schema.org\",\"@graph\":[{\"@type\":\"WebPage\",\"@id\":\"https:\/\/dastgmures.ro\/stiri\/anunt-invitatie-de-participare-in-atentia-operatorilor-economici-interesati-5\/\",\"url\":\"https:\/\/dastgmures.ro\/stiri\/anunt-invitatie-de-participare-in-atentia-operatorilor-economici-interesati-5\/\",\"name\":\"ANUN\u021a\/ INVITA\u021aIE DE PARTICIPARE - \u00cen aten\u021bia operatorilor economici interesa\u021bi - Direc\u021bia de Asisten\u021b\u0103 Social\u0103 T\u00e2rgu Mure\u0219\",\"isPartOf\":{\"@id\":\"https:\/\/dastgmures.ro\/#website\"},\"datePublished\":\"2023-06-30T08:50:31+00:00\",\"dateModified\":\"2023-06-30T08:51:45+00:00\",\"author\":{\"@id\":\"https:\/\/dastgmures.ro\/#\/schema\/person\/090d5ba892b6c29413e6ec4c1ffa93ff\"},\"breadcrumb\":{\"@id\":\"https:\/\/dastgmures.ro\/stiri\/anunt-invitatie-de-participare-in-atentia-operatorilor-economici-interesati-5\/#breadcrumb\"},\"inLanguage\":\"hu\",\"potentialAction\":[{\"@type\":\"ReadAction\",\"target\":[\"https:\/\/dastgmures.ro\/stiri\/anunt-invitatie-de-participare-in-atentia-operatorilor-economici-interesati-5\/\"]}]},{\"@type\":\"BreadcrumbList\",\"@id\":\"https:\/\/dastgmures.ro\/stiri\/anunt-invitatie-de-participare-in-atentia-operatorilor-economici-interesati-5\/#breadcrumb\",\"itemListElement\":[{\"@type\":\"ListItem\",\"position\":1,\"name\":\"Prima pagin\u0103\",\"item\":\"https:\/\/dastgmures.ro\/\"},{\"@type\":\"ListItem\",\"position\":2,\"name\":\"ANUN\u021a\/ INVITA\u021aIE DE PARTICIPARE &#8211; \u00cen aten\u021bia operatorilor economici interesa\u021bi\"}]},{\"@type\":\"WebSite\",\"@id\":\"https:\/\/dastgmures.ro\/#website\",\"url\":\"https:\/\/dastgmures.ro\/\",\"name\":\"Direc\u021bia de Asisten\u021b\u0103 Social\u0103 T\u00e2rgu Mure\u0219\",\"description\":\"\",\"potentialAction\":[{\"@type\":\"SearchAction\",\"target\":{\"@type\":\"EntryPoint\",\"urlTemplate\":\"https:\/\/dastgmures.ro\/?s={search_term_string}\"},\"query-input\":\"required name=search_term_string\"}],\"inLanguage\":\"hu\"},{\"@type\":\"Person\",\"@id\":\"https:\/\/dastgmures.ro\/#\/schema\/person\/090d5ba892b6c29413e6ec4c1ffa93ff\",\"name\":\"Hirlav Mariana\",\"image\":{\"@type\":\"ImageObject\",\"inLanguage\":\"hu\",\"@id\":\"https:\/\/dastgmures.ro\/#\/schema\/person\/image\/\",\"url\":\"https:\/\/secure.gravatar.com\/avatar\/844b59c83dd256e2fbea16ab729e9ebd12763bbeb25f1d84279672f9e7745da1?s=96&d=mm&r=g\",\"contentUrl\":\"https:\/\/secure.gravatar.com\/avatar\/844b59c83dd256e2fbea16ab729e9ebd12763bbeb25f1d84279672f9e7745da1?s=96&d=mm&r=g\",\"caption\":\"Hirlav Mariana\"},\"url\":\"https:\/\/dastgmures.ro\/hu\/author\/hirlav-mariana\/\"}]}<\/script>\n<!-- \/ Yoast SEO plugin. -->","yoast_head_json":{"title":"ANUN\u021a\/ INVITA\u021aIE DE PARTICIPARE - \u00cen aten\u021bia operatorilor economici interesa\u021bi - Direc\u021bia de Asisten\u021b\u0103 Social\u0103 T\u00e2rgu Mure\u0219","robots":{"index":"index","follow":"follow","max-snippet":"max-snippet:-1","max-image-preview":"max-image-preview:large","max-video-preview":"max-video-preview:-1"},"canonical":"https:\/\/dastgmures.ro\/hu\/hirek\/meghivo-felhivas-reszvetel-az-erdekelt-gazdasagi-uzemeltetok-felhivasara-5\/","og_locale":"hu_HU","og_type":"article","og_title":"ANUN\u021a\/ INVITA\u021aIE DE PARTICIPARE - \u00cen aten\u021bia operatorilor economici interesa\u021bi - Direc\u021bia de Asisten\u021b\u0103 Social\u0103 T\u00e2rgu Mure\u0219","og_description":"ANUN\u021a\/ INVITA\u021aIE DE PARTICIPARE \u00cen aten\u021bia operatorilor economici interesa\u021bi &nbsp; Direc\u021bia de Asisten\u021b\u0103 Social\u0103 T\u00e2rgu Mure\u0219, cu sediul \u00een Municipiul T\u00e2rgu Mure\u0219,&hellip;","og_url":"https:\/\/dastgmures.ro\/hu\/hirek\/meghivo-felhivas-reszvetel-az-erdekelt-gazdasagi-uzemeltetok-felhivasara-5\/","og_site_name":"Direc\u021bia de Asisten\u021b\u0103 Social\u0103 T\u00e2rgu Mure\u0219","article_published_time":"2023-06-30T08:50:31+00:00","article_modified_time":"2023-06-30T08:51:45+00:00","author":"Hirlav Mariana","twitter_card":"summary_large_image","twitter_misc":{"Szerz\u0151:":"Hirlav Mariana","Becs\u00fclt olvas\u00e1si id\u0151":"1 perc"},"schema":{"@context":"https:\/\/schema.org","@graph":[{"@type":"WebPage","@id":"https:\/\/dastgmures.ro\/stiri\/anunt-invitatie-de-participare-in-atentia-operatorilor-economici-interesati-5\/","url":"https:\/\/dastgmures.ro\/stiri\/anunt-invitatie-de-participare-in-atentia-operatorilor-economici-interesati-5\/","name":"ANUN\u021a\/ INVITA\u021aIE DE PARTICIPARE - \u00cen aten\u021bia operatorilor economici interesa\u021bi - Direc\u021bia de Asisten\u021b\u0103 Social\u0103 T\u00e2rgu Mure\u0219","isPartOf":{"@id":"https:\/\/dastgmures.ro\/#website"},"datePublished":"2023-06-30T08:50:31+00:00","dateModified":"2023-06-30T08:51:45+00:00","author":{"@id":"https:\/\/dastgmures.ro\/#\/schema\/person\/090d5ba892b6c29413e6ec4c1ffa93ff"},"breadcrumb":{"@id":"https:\/\/dastgmures.ro\/stiri\/anunt-invitatie-de-participare-in-atentia-operatorilor-economici-interesati-5\/#breadcrumb"},"inLanguage":"hu","potentialAction":[{"@type":"ReadAction","target":["https:\/\/dastgmures.ro\/stiri\/anunt-invitatie-de-participare-in-atentia-operatorilor-economici-interesati-5\/"]}]},{"@type":"BreadcrumbList","@id":"https:\/\/dastgmures.ro\/stiri\/anunt-invitatie-de-participare-in-atentia-operatorilor-economici-interesati-5\/#breadcrumb","itemListElement":[{"@type":"ListItem","position":1,"name":"Prima pagin\u0103","item":"https:\/\/dastgmures.ro\/"},{"@type":"ListItem","position":2,"name":"ANUN\u021a\/ INVITA\u021aIE DE PARTICIPARE &#8211; \u00cen aten\u021bia operatorilor economici interesa\u021bi"}]},{"@type":"WebSite","@id":"https:\/\/dastgmures.ro\/#website","url":"https:\/\/dastgmures.ro\/","name":"Direc\u021bia de Asisten\u021b\u0103 Social\u0103 T\u00e2rgu Mure\u0219","description":"","potentialAction":[{"@type":"SearchAction","target":{"@type":"EntryPoint","urlTemplate":"https:\/\/dastgmures.ro\/?s={search_term_string}"},"query-input":"required name=search_term_string"}],"inLanguage":"hu"},{"@type":"Person","@id":"https:\/\/dastgmures.ro\/#\/schema\/person\/090d5ba892b6c29413e6ec4c1ffa93ff","name":"Hirlav Mariana","image":{"@type":"ImageObject","inLanguage":"hu","@id":"https:\/\/dastgmures.ro\/#\/schema\/person\/image\/","url":"https:\/\/secure.gravatar.com\/avatar\/844b59c83dd256e2fbea16ab729e9ebd12763bbeb25f1d84279672f9e7745da1?s=96&d=mm&r=g","contentUrl":"https:\/\/secure.gravatar.com\/avatar\/844b59c83dd256e2fbea16ab729e9ebd12763bbeb25f1d84279672f9e7745da1?s=96&d=mm&r=g","caption":"Hirlav Mariana"},"url":"https:\/\/dastgmures.ro\/hu\/author\/hirlav-mariana\/"}]}},"_links":{"self":[{"href":"https:\/\/dastgmures.ro\/hu\/wp-json\/wp\/v2\/posts\/7280","targetHints":{"allow":["GET"]}}],"collection":[{"href":"https:\/\/dastgmures.ro\/hu\/wp-json\/wp\/v2\/posts"}],"about":[{"href":"https:\/\/dastgmures.ro\/hu\/wp-json\/wp\/v2\/types\/post"}],"author":[{"embeddable":true,"href":"https:\/\/dastgmures.ro\/hu\/wp-json\/wp\/v2\/users\/2"}],"replies":[{"embeddable":true,"href":"https:\/\/dastgmures.ro\/hu\/wp-json\/wp\/v2\/comments?post=7280"}],"version-history":[{"count":4,"href":"https:\/\/dastgmures.ro\/hu\/wp-json\/wp\/v2\/posts\/7280\/revisions"}],"predecessor-version":[{"id":7284,"href":"https:\/\/dastgmures.ro\/hu\/wp-json\/wp\/v2\/posts\/7280\/revisions\/7284"}],"wp:attachment":[{"href":"https:\/\/dastgmures.ro\/hu\/wp-json\/wp\/v2\/media?parent=7280"}],"wp:term":[{"taxonomy":"category","embeddable":true,"href":"https:\/\/dastgmures.ro\/hu\/wp-json\/wp\/v2\/categories?post=7280"},{"taxonomy":"post_tag","embeddable":true,"href":"https:\/\/dastgmures.ro\/hu\/wp-json\/wp\/v2\/tags?post=7280"}],"curies":[{"name":"wp","href":"https:\/\/api.w.org\/{rel}","templated":true}]}}