{"id":7638,"date":"2023-07-06T09:53:56","date_gmt":"2023-07-06T07:53:56","guid":{"rendered":"https:\/\/dastgmures.ro\/?p=7638"},"modified":"2023-07-06T10:10:44","modified_gmt":"2023-07-06T08:10:44","slug":"ancheta-sociala-primul-element-esential-pentru-obtinerea-certificatului-de-incadrare-in-grad-de-handicap","status":"publish","type":"post","link":"https:\/\/dastgmures.ro\/hu\/sajtokozlemeny\/szocialis-kerdes-az-elso-rendelkezesre-allo-elem-az-rokkantsagi-bizonyitvany-szerzesehez\/","title":{"rendered":"A szoci\u00e1lis felm\u00e9r\u00e9s - a fogyat\u00e9koss\u00e1gi igazol\u00e1s megszerz\u00e9s\u00e9nek els\u0151 alapvet\u0151 eleme"},"content":{"rendered":"<p><strong>Sajt\u00f3k\u00f6zlem\u00e9ny<\/strong><\/p>\n<p><strong>Marosv\u00e1s\u00e1rhely, 06.07.2023<\/strong><\/p>\n<p>&nbsp;<\/p>\n<p style=\"text-align: center;\"><strong>\u00a0<\/strong><strong>A szoci\u00e1lis felm\u00e9r\u00e9s - a fogyat\u00e9koss\u00e1gi igazol\u00e1s megszerz\u00e9s\u00e9nek els\u0151 alapvet\u0151 eleme<\/strong><\/p>\n<p>A szoci\u00e1lis vizsg\u00e1lat az els\u0151 l\u00e9p\u00e9s a fogyat\u00e9kos szem\u00e9ly, gyermek vagy feln\u0151tt fogyat\u00e9koss\u00e1gi fok\u00e1nak \u00e9s t\u00edpus\u00e1nak oszt\u00e1lyoz\u00e1s\u00e1ra vonatkoz\u00f3 dokument\u00e1ci\u00f3 elk\u00e9sz\u00edt\u00e9s\u00e9ben.<\/p>\n<p><strong>A t\u00e1rsadalmi felm\u00e9r\u00e9s c\u00e9lja<\/strong> az \u00e9rt\u00e9kel\u00e9s t\u00e1rgy\u00e1t k\u00e9pez\u0151 szem\u00e9ly st\u00e1tusz\u00e1nak \u00e9s t\u00e1rsadalmi k\u00f6rnyezet\u00e9nek meg\u00e1llap\u00edt\u00e1sa, amely sz\u00fcks\u00e9ges a fogyat\u00e9koss\u00e1gi fok \u00e9s t\u00edpus szerinti besorol\u00e1sr\u00f3l sz\u00f3l\u00f3 igazol\u00e1s megszerz\u00e9s\u00e9hez sz\u00fcks\u00e9ges dokument\u00e1ci\u00f3 kit\u00f6lt\u00e9s\u00e9hez, \u00e9s amelyet a Szoci\u00e1lis Seg\u00edts\u00e9gny\u00fajt\u00e1s \u00e9s Gyermekv\u00e9delem F\u0151igazgat\u00f3s\u00e1g\u00e1hoz (DGASPC) Marosv\u00e1s\u00e1rhely, Marosv\u00e1s\u00e1rhely, Tr\u00e9bely utca 7. c\u00edmre kell beny\u00fajtani.<\/p>\n<p>A Marosv\u00e1s\u00e1rhelyen lak\u00f3hellyel vagy tart\u00f3zkod\u00e1si hellyel rendelkez\u0151 szem\u00e9lyek eset\u00e9ben a szoci\u00e1lis vizsg\u00e1latot a marosv\u00e1s\u00e1rhelyi szoci\u00e1lis seg\u00e9lyez\u00e9si oszt\u00e1ly v\u00e9gzi a fogyat\u00e9koss\u00e1gi besorol\u00e1st k\u00e9r\u0151 feln\u0151tt szem\u00e9ly vagy t\u00f6rv\u00e9nyes k\u00e9pvisel\u0151je, gyermek eset\u00e9ben pedig a sz\u00fcl\u0151 vagy a gyermek t\u00f6rv\u00e9nyes k\u00e9pvisel\u0151je \u00e1ltal beny\u00fajtott \u00edr\u00e1sbeli k\u00e9relem alapj\u00e1n.<\/p>\n<p>A p\u00e1ly\u00e1zati \u0171rlap let\u00f6lthet\u0151 a marosv\u00e1s\u00e1rhelyi szoci\u00e1lis seg\u00e9lyez\u00e9si oszt\u00e1ly honlapj\u00e1r\u00f3l. <a href=\"https:\/\/dastgmures.ro\/hu\/\">https:\/\/dastgmures.ro\/<\/a>, Szoci\u00e1lis j\u00f3l\u00e9ti szolg\u00e1ltat\u00e1sok r\u00e9szleg vagy a linkre kattintva: <a href=\"https:\/\/dastgmures.ro\/hu\/joleti-szolgaltatasok\/gyermek-es-csaladvedelem\/fogyatekossagi-osztalyzat\/\" target=\"_blank\" rel=\"noopener\">https:\/\/dastgmures.ro\/servicii-de-asistenta-sociala\/protectia-copilului-si-a-familiei\/incadrare-in-grad-de-handicap\/<\/a>.<\/p>\n<p><strong>A szoci\u00e1lis felm\u00e9r\u00e9s ir\u00e1nti k\u00e9relmet a k\u00f6vetkez\u0151kre kell beny\u00fajtani<\/strong> a Szoci\u00e1lis J\u00f3l\u00e9ti Oszt\u00e1ly Anyak\u00f6nyvi Hivatal\u00e1ban, Gh. Doja, nr. 9, nyitvatart\u00e1si id\u0151: h\u00e9tf\u0151-p\u00e9ntek: 08:00-12:00, kedd \u00e9s cs\u00fct\u00f6rt\u00f6k: 14:00-16:00, vagy e-mailben a k\u00f6vetkez\u0151 c\u00edmen: <a href=\"mailto:registratura.das@tirgumures.ro\">registratura.das@tirgumures.ro<\/a>, \u00e9s <strong>a k\u00f6vetkez\u0151 dokumentumokat kell csatolni:<\/strong><\/p>\n<ul>\n<li>Az I.\/C.I.\/C.N. f\u00e9nym\u00e1solata (minden csal\u00e1dtag eset\u00e9ben);<\/li>\n<li>J\u00f6vedelemigazol\u00e1sok\/nyugd\u00edjigazol\u00e1sok (a j\u00f6vedelmet szerz\u0151 valamennyi csal\u00e1dtagra vonatkoz\u00f3an);<\/li>\n<li>A h\u00e1ziorvos orvosi jelent\u00e9se (amely tartalmazza: a betegs\u00e9g kezdet\u00e9t, r\u00e9szletes jelenlegi \u00e1llapotot (sz\u00f6v\u0151dm\u00e9nyek, betegs\u00e9g lefoly\u00e1sa, aj\u00e1nl\u00e1sok\/javaslatok) vagy \u00f6sszefoglal\u00f3 lap (kiskor\u00faak eset\u00e9ben);<\/li>\n<li>Orvosi lev\u00e9l a szakorvost\u00f3l (a betegs\u00e9g r\u00e9szletez\u00e9se);<\/li>\n<li>Int\u00e9zm\u00e9nyi \u00fatvonalterv - az iskol\u00e1b\u00f3l (kiskor\u00faak eset\u00e9ben);<\/li>\n<li>Pszichol\u00f3giai \u00e9rt\u00e9kel\u0151 lap (kiskor\u00faak eset\u00e9ben).<\/li>\n<\/ul>\n<p>Kiskor\u00faak eset\u00e9ben a szoci\u00e1lis vizsg\u00e1latot a fogyat\u00e9kos gyermek iskolai \u00e9s szakmai orient\u00e1ci\u00f3j\u00e1r\u00f3l sz\u00f3l\u00f3 igazol\u00e1s megszerz\u00e9se \u00e9rdek\u00e9ben is elv\u00e9gzik.<\/p>\n<p><strong>Tov\u00e1bbi inform\u00e1ci\u00f3k<\/strong> a 0365\/430859-es telefonsz\u00e1mon \u00e9rhet\u0151 el (Marosv\u00e1s\u00e1rhelyi Szoci\u00e1lis Oszt\u00e1ly), amely h\u00e9tf\u0151t\u0151l p\u00e9ntekig 08:00 \u00e9s 15:00 \u00f3ra k\u00f6z\u00f6tt \u00e1ll a lakoss\u00e1g rendelkez\u00e9s\u00e9re.<\/p>\n<p style=\"text-align: center;\"><strong>Marosv\u00e1s\u00e1rhelyi Szoci\u00e1lis Seg\u00e9lyez\u00e9si Oszt\u00e1ly<\/strong><\/p>\n<p><img decoding=\"async\" class=\"aligncenter wp-image-7639 size-full\" src=\"https:\/\/dastgmures.ro\/wp-content\/uploads\/2023\/07\/Ancheta-sociala-DAS-Targu-Mures-scaled.jpg\" alt=\"\" width=\"1920\" height=\"2560\" srcset=\"https:\/\/dastgmures.ro\/wp-content\/uploads\/2023\/07\/Ancheta-sociala-DAS-Targu-Mures-scaled.jpg 1920w, https:\/\/dastgmures.ro\/wp-content\/uploads\/2023\/07\/Ancheta-sociala-DAS-Targu-Mures-225x300.jpg 225w, https:\/\/dastgmures.ro\/wp-content\/uploads\/2023\/07\/Ancheta-sociala-DAS-Targu-Mures-768x1024.jpg 768w, https:\/\/dastgmures.ro\/wp-content\/uploads\/2023\/07\/Ancheta-sociala-DAS-Targu-Mures-1152x1536.jpg 1152w, https:\/\/dastgmures.ro\/wp-content\/uploads\/2023\/07\/Ancheta-sociala-DAS-Targu-Mures-1536x2048.jpg 1536w, https:\/\/dastgmures.ro\/wp-content\/uploads\/2023\/07\/Ancheta-sociala-DAS-Targu-Mures-9x12.jpg 9w, https:\/\/dastgmures.ro\/wp-content\/uploads\/2023\/07\/Ancheta-sociala-DAS-Targu-Mures-1170x1560.jpg 1170w, https:\/\/dastgmures.ro\/wp-content\/uploads\/2023\/07\/Ancheta-sociala-DAS-Targu-Mures-585x780.jpg 585w\" sizes=\"(max-width: 1920px) 100vw, 1920px\" \/><\/p>","protected":false},"excerpt":{"rendered":"<p>Sajt\u00f3k\u00f6zlem\u00e9ny Marosv\u00e1s\u00e1rhely, 06.07.2023 Szoci\u00e1lis felm\u00e9r\u00e9s - az els\u0151 alapvet\u0151 elem a fogyat\u00e9koss\u00e1gi besorol\u00e1si igazol\u00e1s megszerz\u00e9s\u00e9hez....<\/p>","protected":false},"author":2,"featured_media":0,"comment_status":"closed","ping_status":"open","sticky":false,"template":"","format":"standard","meta":{"footnotes":""},"categories":[5],"tags":[],"class_list":["post-7638","post","type-post","status-publish","format-standard","hentry","category-comunicate-de-presa"],"yoast_head":"<!-- This site is optimized with the Yoast SEO plugin v19.13 - https:\/\/yoast.com\/wordpress\/plugins\/seo\/ -->\n<title>Ancheta social\u0103 \u2013 primul element esen\u021bial pentru ob\u021binerea certificatului de \u00eencadrare \u00een grad de handicap - Direc\u021bia de Asisten\u021b\u0103 Social\u0103 T\u00e2rgu Mure\u0219<\/title>\n<meta name=\"robots\" content=\"index, follow, max-snippet:-1, max-image-preview:large, max-video-preview:-1\" \/>\n<link rel=\"canonical\" href=\"https:\/\/dastgmures.ro\/hu\/sajtokozlemeny\/szocialis-kerdes-az-elso-rendelkezesre-allo-elem-az-rokkantsagi-bizonyitvany-szerzesehez\/\" \/>\n<meta property=\"og:locale\" content=\"hu_HU\" \/>\n<meta property=\"og:type\" content=\"article\" \/>\n<meta property=\"og:title\" content=\"Ancheta social\u0103 \u2013 primul element esen\u021bial pentru ob\u021binerea certificatului de \u00eencadrare \u00een grad de handicap - Direc\u021bia de Asisten\u021b\u0103 Social\u0103 T\u00e2rgu Mure\u0219\" \/>\n<meta property=\"og:description\" content=\"Comunicat de pres\u0103 T\u00e2rgu Mure\u0219, 06.07.2023 &nbsp; \u00a0Ancheta social\u0103 \u2013 primul element esen\u021bial pentru ob\u021binerea certificatului de \u00eencadrare \u00een grad de handicap&hellip;\" \/>\n<meta property=\"og:url\" content=\"https:\/\/dastgmures.ro\/hu\/sajtokozlemeny\/szocialis-kerdes-az-elso-rendelkezesre-allo-elem-az-rokkantsagi-bizonyitvany-szerzesehez\/\" \/>\n<meta property=\"og:site_name\" content=\"Direc\u021bia de Asisten\u021b\u0103 Social\u0103 T\u00e2rgu Mure\u0219\" \/>\n<meta property=\"article:published_time\" content=\"2023-07-06T07:53:56+00:00\" \/>\n<meta property=\"article:modified_time\" content=\"2023-07-06T08:10:44+00:00\" \/>\n<meta property=\"og:image\" content=\"https:\/\/dastgmures.ro\/wp-content\/uploads\/2023\/07\/Ancheta-sociala-DAS-Targu-Mures-scaled.jpg\" \/>\n<meta name=\"author\" content=\"Hirlav Mariana\" \/>\n<meta name=\"twitter:card\" content=\"summary_large_image\" \/>\n<meta name=\"twitter:label1\" content=\"Szerz\u0151:\" \/>\n\t<meta name=\"twitter:data1\" content=\"Hirlav Mariana\" \/>\n\t<meta name=\"twitter:label2\" content=\"Becs\u00fclt olvas\u00e1si id\u0151\" \/>\n\t<meta name=\"twitter:data2\" content=\"2 perc\" \/>\n<script type=\"application\/ld+json\" class=\"yoast-schema-graph\">{\"@context\":\"https:\/\/schema.org\",\"@graph\":[{\"@type\":\"WebPage\",\"@id\":\"https:\/\/dastgmures.ro\/comunicate-de-presa\/ancheta-sociala-primul-element-esential-pentru-obtinerea-certificatului-de-incadrare-in-grad-de-handicap\/\",\"url\":\"https:\/\/dastgmures.ro\/comunicate-de-presa\/ancheta-sociala-primul-element-esential-pentru-obtinerea-certificatului-de-incadrare-in-grad-de-handicap\/\",\"name\":\"Ancheta social\u0103 \u2013 primul element esen\u021bial pentru ob\u021binerea certificatului de \u00eencadrare \u00een grad de handicap - Direc\u021bia de Asisten\u021b\u0103 Social\u0103 T\u00e2rgu Mure\u0219\",\"isPartOf\":{\"@id\":\"https:\/\/dastgmures.ro\/#website\"},\"datePublished\":\"2023-07-06T07:53:56+00:00\",\"dateModified\":\"2023-07-06T08:10:44+00:00\",\"author\":{\"@id\":\"https:\/\/dastgmures.ro\/#\/schema\/person\/090d5ba892b6c29413e6ec4c1ffa93ff\"},\"breadcrumb\":{\"@id\":\"https:\/\/dastgmures.ro\/comunicate-de-presa\/ancheta-sociala-primul-element-esential-pentru-obtinerea-certificatului-de-incadrare-in-grad-de-handicap\/#breadcrumb\"},\"inLanguage\":\"hu\",\"potentialAction\":[{\"@type\":\"ReadAction\",\"target\":[\"https:\/\/dastgmures.ro\/comunicate-de-presa\/ancheta-sociala-primul-element-esential-pentru-obtinerea-certificatului-de-incadrare-in-grad-de-handicap\/\"]}]},{\"@type\":\"BreadcrumbList\",\"@id\":\"https:\/\/dastgmures.ro\/comunicate-de-presa\/ancheta-sociala-primul-element-esential-pentru-obtinerea-certificatului-de-incadrare-in-grad-de-handicap\/#breadcrumb\",\"itemListElement\":[{\"@type\":\"ListItem\",\"position\":1,\"name\":\"Prima pagin\u0103\",\"item\":\"https:\/\/dastgmures.ro\/\"},{\"@type\":\"ListItem\",\"position\":2,\"name\":\"Ancheta social\u0103 \u2013 primul element esen\u021bial pentru ob\u021binerea certificatului de \u00eencadrare \u00een grad de handicap\"}]},{\"@type\":\"WebSite\",\"@id\":\"https:\/\/dastgmures.ro\/#website\",\"url\":\"https:\/\/dastgmures.ro\/\",\"name\":\"Direc\u021bia de Asisten\u021b\u0103 Social\u0103 T\u00e2rgu Mure\u0219\",\"description\":\"\",\"potentialAction\":[{\"@type\":\"SearchAction\",\"target\":{\"@type\":\"EntryPoint\",\"urlTemplate\":\"https:\/\/dastgmures.ro\/?s={search_term_string}\"},\"query-input\":\"required name=search_term_string\"}],\"inLanguage\":\"hu\"},{\"@type\":\"Person\",\"@id\":\"https:\/\/dastgmures.ro\/#\/schema\/person\/090d5ba892b6c29413e6ec4c1ffa93ff\",\"name\":\"Hirlav Mariana\",\"image\":{\"@type\":\"ImageObject\",\"inLanguage\":\"hu\",\"@id\":\"https:\/\/dastgmures.ro\/#\/schema\/person\/image\/\",\"url\":\"https:\/\/secure.gravatar.com\/avatar\/844b59c83dd256e2fbea16ab729e9ebd12763bbeb25f1d84279672f9e7745da1?s=96&d=mm&r=g\",\"contentUrl\":\"https:\/\/secure.gravatar.com\/avatar\/844b59c83dd256e2fbea16ab729e9ebd12763bbeb25f1d84279672f9e7745da1?s=96&d=mm&r=g\",\"caption\":\"Hirlav Mariana\"},\"url\":\"https:\/\/dastgmures.ro\/hu\/author\/hirlav-mariana\/\"}]}<\/script>\n<!-- \/ Yoast SEO plugin. -->","yoast_head_json":{"title":"Ancheta social\u0103 \u2013 primul element esen\u021bial pentru ob\u021binerea certificatului de \u00eencadrare \u00een grad de handicap - Direc\u021bia de Asisten\u021b\u0103 Social\u0103 T\u00e2rgu Mure\u0219","robots":{"index":"index","follow":"follow","max-snippet":"max-snippet:-1","max-image-preview":"max-image-preview:large","max-video-preview":"max-video-preview:-1"},"canonical":"https:\/\/dastgmures.ro\/hu\/sajtokozlemeny\/szocialis-kerdes-az-elso-rendelkezesre-allo-elem-az-rokkantsagi-bizonyitvany-szerzesehez\/","og_locale":"hu_HU","og_type":"article","og_title":"Ancheta social\u0103 \u2013 primul element esen\u021bial pentru ob\u021binerea certificatului de \u00eencadrare \u00een grad de handicap - Direc\u021bia de Asisten\u021b\u0103 Social\u0103 T\u00e2rgu Mure\u0219","og_description":"Comunicat de pres\u0103 T\u00e2rgu Mure\u0219, 06.07.2023 &nbsp; \u00a0Ancheta social\u0103 \u2013 primul element esen\u021bial pentru ob\u021binerea certificatului de \u00eencadrare \u00een grad de handicap&hellip;","og_url":"https:\/\/dastgmures.ro\/hu\/sajtokozlemeny\/szocialis-kerdes-az-elso-rendelkezesre-allo-elem-az-rokkantsagi-bizonyitvany-szerzesehez\/","og_site_name":"Direc\u021bia de Asisten\u021b\u0103 Social\u0103 T\u00e2rgu Mure\u0219","article_published_time":"2023-07-06T07:53:56+00:00","article_modified_time":"2023-07-06T08:10:44+00:00","og_image":[{"url":"https:\/\/dastgmures.ro\/wp-content\/uploads\/2023\/07\/Ancheta-sociala-DAS-Targu-Mures-scaled.jpg"}],"author":"Hirlav Mariana","twitter_card":"summary_large_image","twitter_misc":{"Szerz\u0151:":"Hirlav Mariana","Becs\u00fclt olvas\u00e1si id\u0151":"2 perc"},"schema":{"@context":"https:\/\/schema.org","@graph":[{"@type":"WebPage","@id":"https:\/\/dastgmures.ro\/comunicate-de-presa\/ancheta-sociala-primul-element-esential-pentru-obtinerea-certificatului-de-incadrare-in-grad-de-handicap\/","url":"https:\/\/dastgmures.ro\/comunicate-de-presa\/ancheta-sociala-primul-element-esential-pentru-obtinerea-certificatului-de-incadrare-in-grad-de-handicap\/","name":"Ancheta social\u0103 \u2013 primul element esen\u021bial pentru ob\u021binerea certificatului de \u00eencadrare \u00een grad de handicap - Direc\u021bia de Asisten\u021b\u0103 Social\u0103 T\u00e2rgu Mure\u0219","isPartOf":{"@id":"https:\/\/dastgmures.ro\/#website"},"datePublished":"2023-07-06T07:53:56+00:00","dateModified":"2023-07-06T08:10:44+00:00","author":{"@id":"https:\/\/dastgmures.ro\/#\/schema\/person\/090d5ba892b6c29413e6ec4c1ffa93ff"},"breadcrumb":{"@id":"https:\/\/dastgmures.ro\/comunicate-de-presa\/ancheta-sociala-primul-element-esential-pentru-obtinerea-certificatului-de-incadrare-in-grad-de-handicap\/#breadcrumb"},"inLanguage":"hu","potentialAction":[{"@type":"ReadAction","target":["https:\/\/dastgmures.ro\/comunicate-de-presa\/ancheta-sociala-primul-element-esential-pentru-obtinerea-certificatului-de-incadrare-in-grad-de-handicap\/"]}]},{"@type":"BreadcrumbList","@id":"https:\/\/dastgmures.ro\/comunicate-de-presa\/ancheta-sociala-primul-element-esential-pentru-obtinerea-certificatului-de-incadrare-in-grad-de-handicap\/#breadcrumb","itemListElement":[{"@type":"ListItem","position":1,"name":"Prima pagin\u0103","item":"https:\/\/dastgmures.ro\/"},{"@type":"ListItem","position":2,"name":"Ancheta social\u0103 \u2013 primul element esen\u021bial pentru ob\u021binerea certificatului de \u00eencadrare \u00een grad de handicap"}]},{"@type":"WebSite","@id":"https:\/\/dastgmures.ro\/#website","url":"https:\/\/dastgmures.ro\/","name":"Direc\u021bia de Asisten\u021b\u0103 Social\u0103 T\u00e2rgu Mure\u0219","description":"","potentialAction":[{"@type":"SearchAction","target":{"@type":"EntryPoint","urlTemplate":"https:\/\/dastgmures.ro\/?s={search_term_string}"},"query-input":"required name=search_term_string"}],"inLanguage":"hu"},{"@type":"Person","@id":"https:\/\/dastgmures.ro\/#\/schema\/person\/090d5ba892b6c29413e6ec4c1ffa93ff","name":"Hirlav Mariana","image":{"@type":"ImageObject","inLanguage":"hu","@id":"https:\/\/dastgmures.ro\/#\/schema\/person\/image\/","url":"https:\/\/secure.gravatar.com\/avatar\/844b59c83dd256e2fbea16ab729e9ebd12763bbeb25f1d84279672f9e7745da1?s=96&d=mm&r=g","contentUrl":"https:\/\/secure.gravatar.com\/avatar\/844b59c83dd256e2fbea16ab729e9ebd12763bbeb25f1d84279672f9e7745da1?s=96&d=mm&r=g","caption":"Hirlav Mariana"},"url":"https:\/\/dastgmures.ro\/hu\/author\/hirlav-mariana\/"}]}},"_links":{"self":[{"href":"https:\/\/dastgmures.ro\/hu\/wp-json\/wp\/v2\/posts\/7638","targetHints":{"allow":["GET"]}}],"collection":[{"href":"https:\/\/dastgmures.ro\/hu\/wp-json\/wp\/v2\/posts"}],"about":[{"href":"https:\/\/dastgmures.ro\/hu\/wp-json\/wp\/v2\/types\/post"}],"author":[{"embeddable":true,"href":"https:\/\/dastgmures.ro\/hu\/wp-json\/wp\/v2\/users\/2"}],"replies":[{"embeddable":true,"href":"https:\/\/dastgmures.ro\/hu\/wp-json\/wp\/v2\/comments?post=7638"}],"version-history":[{"count":3,"href":"https:\/\/dastgmures.ro\/hu\/wp-json\/wp\/v2\/posts\/7638\/revisions"}],"predecessor-version":[{"id":7653,"href":"https:\/\/dastgmures.ro\/hu\/wp-json\/wp\/v2\/posts\/7638\/revisions\/7653"}],"wp:attachment":[{"href":"https:\/\/dastgmures.ro\/hu\/wp-json\/wp\/v2\/media?parent=7638"}],"wp:term":[{"taxonomy":"category","embeddable":true,"href":"https:\/\/dastgmures.ro\/hu\/wp-json\/wp\/v2\/categories?post=7638"},{"taxonomy":"post_tag","embeddable":true,"href":"https:\/\/dastgmures.ro\/hu\/wp-json\/wp\/v2\/tags?post=7638"}],"curies":[{"name":"wp","href":"https:\/\/api.w.org\/{rel}","templated":true}]}}