{"id":8840,"date":"2023-10-10T15:06:54","date_gmt":"2023-10-10T13:06:54","guid":{"rendered":"https:\/\/dastgmures.ro\/?p=8840"},"modified":"2023-10-10T15:08:31","modified_gmt":"2023-10-10T13:08:31","slug":"persoanele-fara-adapost-in-atentia-das-targu-mures","status":"publish","type":"post","link":"https:\/\/dastgmures.ro\/hu\/sajtokozlemeny\/persons-without-adaptation-in-attention-das-targu-mures\/","title":{"rendered":"Hajl\u00e9ktalanok a DAS Marosv\u00e1s\u00e1rhely figyelm\u00e9ben"},"content":{"rendered":"<p><strong>Sajt\u00f3k\u00f6zlem\u00e9ny<\/strong><\/p>\n<p><strong>Marosv\u00e1s\u00e1rhely, 2023.10.10. 10.<\/strong><\/p>\n<p>&nbsp;<\/p>\n<p style=\"text-align: center;\"><strong>Hajl\u00e9ktalanok a DAS Marosv\u00e1s\u00e1rhely figyelm\u00e9ben<\/strong><\/p>\n<p>&nbsp;<\/p>\n<p>A marosv\u00e1s\u00e1rhelyi Szoci\u00e1lis Seg\u00e9lyez\u00e9si Oszt\u00e1ly az \u00c9jjeli Mened\u00e9k Szoci\u00e1lis Szolg\u00e1laton kereszt\u00fcl nem csak egy helyet k\u00edn\u00e1l a hajl\u00e9ktalan embereknek, ahol a hideg, a sz\u00e9l vagy az es\u0151 el\u0151l elmenek\u00fclhetnek, hanem k\u00fcl\u00f6n\u00f6sen szakemberek t\u00e1mogat\u00e1s\u00e1t, olyan t\u00e1mogat\u00e1st, amely felt\u00e9tlen\u00fcl sz\u00fcks\u00e9ges ahhoz, hogy ezek az emberek megtanulj\u00e1k, mit kell tenni\u00fck ahhoz, hogy megtanuljanak egy \u00f6n\u00e1ll\u00f3 \u00e9letm\u00f3dot, nagy es\u00e9lyekkel a szakmai \u00e9s t\u00e1rsadalmi reintegr\u00e1ci\u00f3ra.<\/p>\n<p>Mint minden \u00e9vben, a marosv\u00e1s\u00e1rhelyi Szoci\u00e1lis Seg\u00e9lyez\u00e9si Oszt\u00e1ly a hajl\u00e9ktalan embereknek szentelt rendezv\u00e9nysorozatot szervezett, csatlakozva a vil\u00e1g minden t\u00e1j\u00e1r\u00f3l \u00e9rkez\u0151 int\u00e9zm\u00e9nyekhez \u00e9s k\u00f6z\u00f6ss\u00e9gekhez, amelyek k\u00fcl\u00f6nb\u00f6z\u0151 akci\u00f3kkal k\u00edv\u00e1nj\u00e1k felh\u00edvni a figyelmet e h\u00e1tr\u00e1nyos helyzet\u0171 t\u00e1rsadalmi kateg\u00f3ria jelens\u00e9g\u00e9re.<\/p>\n<p>Id\u00e9n az \u00c9jjeli mened\u00e9khely Szoci\u00e1lis Szolg\u00e1lat kedvezm\u00e9nyezettjei meleg \u00e9telt kaptak a marosv\u00e1s\u00e1rhelyi szoci\u00e1lis seg\u00e9lyszervezet r\u00e9gi partnereit\u0151l, az Alpha Erd\u00e9lyi Alap\u00edtv\u00e1nyt\u00f3l, k\u00f6zvetlen\u00fcl az Alpha K\u00f6z\u00f6ss\u00e9gi H\u00e1zban.<\/p>\n<p>A hajl\u00e9ktalanok nemzetk\u00f6zi napj\u00e1t \u00fcnnepl\u0151 rendezv\u00e9ny szerves r\u00e9sz\u00e9t k\u00e9pezi a Marosv\u00e1s\u00e1rhelyi Helyi Tan\u00e1cs 2023-as \u00e9vre sz\u00f3l\u00f3, a 2023. \u00e1prilis 27-i 130. sz\u00e1m\u00fa HCL \u00e1ltal j\u00f3v\u00e1hagyott, a szoci\u00e1lis szolg\u00e1ltat\u00e1sokr\u00f3l sz\u00f3l\u00f3 \u00e9ves cselekv\u00e9si tervnek, amelyet a marosv\u00e1s\u00e1rhelyi Helyi Tan\u00e1cs 2023-as \u00e9vre sz\u00f3l\u00f3 k\u00f6lts\u00e9gvet\u00e9s\u00e9b\u0151l kezelnek \u00e9s finansz\u00edroznak.<\/p>\n<p>Jelenleg az \u00c9jjeli mened\u00e9khely 30 hajl\u00e9ktalan feln\u0151ttnek ny\u00fajt seg\u00edts\u00e9get, akiknek nincs j\u00f6vedelm\u00fck, nincsenek rokonaik, \u00e9s akiket a t\u00e1rsadalmi kirekeszt\u00e9s \u00e9s marginaliz\u00e1l\u00f3d\u00e1s vesz\u00e9lye fenyeget. K\u00fcl\u00f6n f\u00e9rfi \u00e9s n\u0151i h\u00e1l\u00f3szob\u00e1kban \u00e9jszakai elhelyez\u00e9st, f\u00e9regtelen\u00edt\u00e9st, ruh\u00e1zatot, l\u00e1bbelit, higi\u00e9niai cikkeket, eg\u00e9szs\u00e9g\u00fcgyi ell\u00e1t\u00e1st, szoci\u00e1lis \u00e9s szakmai tan\u00e1csad\u00e1st biztos\u00edtanak sz\u00e1mukra.<\/p>\n<p>Arra is szeretn\u00e9nk eml\u00e9keztetni \u00e9s k\u00e9rni a helyi k\u00f6z\u00f6ss\u00e9get, hogy a 0265\/250760-as helyi rend\u0151rs\u00e9gi diszp\u00e9cser sz\u00e1mon jelents\u00e9k a 0265\/250760-as helyi rend\u0151rs\u00e9gi diszp\u00e9cser sz\u00e1mon az olyan ter\u00fcletekre vagy helysz\u00ednekre vonatkoz\u00f3 inform\u00e1ci\u00f3kat, ahol hajl\u00e9ktalanok tart\u00f3zkodnak \u00e9s alacsony h\u0151m\u00e9rs\u00e9kletnek vannak kit\u00e9ve. Tov\u00e1bb\u00e1, ha a telep\u00fcl\u00e9sen tal\u00e1lkoznak ilyen kateg\u00f3ri\u00e1j\u00fa emberekkel, akkor a Marosv\u00e1s\u00e1rhelyen tal\u00e1lhat\u00f3 \u00c9jjeli mened\u00e9khely sz\u00e9khely\u00e9re lehet ir\u00e1ny\u00edtani \u0151ket, amely a Rozmarinului utca 36. sz\u00e1m alatt tal\u00e1lhat\u00f3, telefonsz\u00e1m: 0365\/422575.<\/p>\n<p style=\"text-align: center;\"><strong>Marosv\u00e1s\u00e1rhelyi Szoci\u00e1lis Seg\u00e9lyez\u00e9si Oszt\u00e1ly<\/strong><\/p>\n<p>&nbsp;<\/p>\n<div id=\"penci-post-gallery__35948\" class=\"penci-post-gallery-container masonry grid column-4\" data-height=\"150\" data-margin=\"3\"><div class=\"inner-gallery-masonry-container\"><div class=\"item-gallery-masonry grid\"><a class=\"penci-gallery-ite item-link-relative\" href=\"https:\/\/dastgmures.ro\/wp-content\/uploads\/2023\/10\/WhatsApp-Image-2023-10-10-at-15.55.45.jpeg\"><div class=\"inner-item-masonry-gallery\"><span class=\"penci-isotope-padding\" style=\"padding-bottom:66.66666667%;\"><\/span><img decoding=\"async\" src=\"https:\/\/dastgmures.ro\/wp-content\/uploads\/2023\/10\/WhatsApp-Image-2023-10-10-at-15.55.45-585x390.jpeg\" alt=\"\" title=\"WhatsApp k\u00e9p 2023-10-10 at 15.55.45\"><\/div><\/a><\/div><div class=\"item-gallery-masonry grid\"><a class=\"penci-gallery-ite item-link-relative\" href=\"https:\/\/dastgmures.ro\/wp-content\/uploads\/2023\/10\/WhatsApp-Image-2023-10-10-at-15.55.43-3.jpeg\"><div class=\"inner-item-masonry-gallery\"><span class=\"penci-isotope-padding\" style=\"padding-bottom:66.66666667%;\"><\/span><img decoding=\"async\" src=\"https:\/\/dastgmures.ro\/wp-content\/uploads\/2023\/10\/WhatsApp-Image-2023-10-10-at-15.55.43-3-585x390.jpeg\" alt=\"\" title=\"WhatsApp k\u00e9p 2023-10-10 at 15.55.43 (3)\"><\/div><\/a><\/div><div class=\"item-gallery-masonry grid\"><a class=\"penci-gallery-ite item-link-relative\" href=\"https:\/\/dastgmures.ro\/wp-content\/uploads\/2023\/10\/WhatsApp-Image-2023-10-10-at-15.55.42-2.jpeg\"><div class=\"inner-item-masonry-gallery\"><span class=\"penci-isotope-padding\" style=\"padding-bottom:66.66666667%;\"><\/span><img decoding=\"async\" src=\"https:\/\/dastgmures.ro\/wp-content\/uploads\/2023\/10\/WhatsApp-Image-2023-10-10-at-15.55.42-2-585x390.jpeg\" alt=\"\" title=\"WhatsApp k\u00e9p 2023-10-10 at 15.55.42 (2)\"><\/div><\/a><\/div><div class=\"item-gallery-masonry grid\"><a class=\"penci-gallery-ite item-link-relative\" href=\"https:\/\/dastgmures.ro\/wp-content\/uploads\/2023\/10\/WhatsApp-Image-2023-10-10-at-15.55.44-7.jpeg\"><div class=\"inner-item-masonry-gallery\"><span class=\"penci-isotope-padding\" style=\"padding-bottom:66.66666667%;\"><\/span><img decoding=\"async\" src=\"https:\/\/dastgmures.ro\/wp-content\/uploads\/2023\/10\/WhatsApp-Image-2023-10-10-at-15.55.44-7-585x390.jpeg\" alt=\"\" title=\"WhatsApp k\u00e9p 2023-10-10 at 15.55.44 (7)\"><\/div><\/a><\/div><div class=\"item-gallery-masonry grid\"><a class=\"penci-gallery-ite item-link-relative\" href=\"https:\/\/dastgmures.ro\/wp-content\/uploads\/2023\/10\/WhatsApp-Image-2023-10-10-at-15.55.44-3.jpeg\"><div class=\"inner-item-masonry-gallery\"><span class=\"penci-isotope-padding\" style=\"padding-bottom:66.66666667%;\"><\/span><img decoding=\"async\" src=\"https:\/\/dastgmures.ro\/wp-content\/uploads\/2023\/10\/WhatsApp-Image-2023-10-10-at-15.55.44-3-585x390.jpeg\" alt=\"\" title=\"WhatsApp k\u00e9p 2023-10-10 at 15.55.44 (3)\"><\/div><\/a><\/div><div class=\"item-gallery-masonry grid\"><a class=\"penci-gallery-ite item-link-relative\" href=\"https:\/\/dastgmures.ro\/wp-content\/uploads\/2023\/10\/WhatsApp-Image-2023-10-10-at-15.55.44-2.jpeg\"><div class=\"inner-item-masonry-gallery\"><span class=\"penci-isotope-padding\" style=\"padding-bottom:66.66666667%;\"><\/span><img decoding=\"async\" src=\"https:\/\/dastgmures.ro\/wp-content\/uploads\/2023\/10\/WhatsApp-Image-2023-10-10-at-15.55.44-2-585x390.jpeg\" alt=\"\" title=\"WhatsApp k\u00e9p 2023-10-10 at 15.55.44 (2)\"><\/div><\/a><\/div><div class=\"item-gallery-masonry grid\"><a class=\"penci-gallery-ite item-link-relative\" href=\"https:\/\/dastgmures.ro\/wp-content\/uploads\/2023\/10\/WhatsApp-Image-2023-10-10-at-15.55.44-1.jpeg\"><div class=\"inner-item-masonry-gallery\"><span class=\"penci-isotope-padding\" style=\"padding-bottom:66.66666667%;\"><\/span><img decoding=\"async\" src=\"https:\/\/dastgmures.ro\/wp-content\/uploads\/2023\/10\/WhatsApp-Image-2023-10-10-at-15.55.44-1-585x390.jpeg\" alt=\"\" title=\"WhatsApp k\u00e9p 2023-10-10 at 15.55.44 (1)\"><\/div><\/a><\/div><div class=\"item-gallery-masonry grid\"><a class=\"penci-gallery-ite item-link-relative\" href=\"https:\/\/dastgmures.ro\/wp-content\/uploads\/2023\/10\/WhatsApp-Image-2023-10-10-at-15.55.42-1.jpeg\"><div class=\"inner-item-masonry-gallery\"><span class=\"penci-isotope-padding\" style=\"padding-bottom:66.66666667%;\"><\/span><img decoding=\"async\" src=\"https:\/\/dastgmures.ro\/wp-content\/uploads\/2023\/10\/WhatsApp-Image-2023-10-10-at-15.55.42-1-585x390.jpeg\" alt=\"\" title=\"WhatsApp k\u00e9p 2023-10-10 at 15.55.42 (1)\"><\/div><\/a><\/div><\/div><\/div>","protected":false},"excerpt":{"rendered":"<p>Sajt\u00f3k\u00f6zlem\u00e9ny Marosv\u00e1s\u00e1rhely, 10.10.2023 Hajl\u00e9ktalanok a marosv\u00e1s\u00e1rhelyi DAS figyelm\u00e9ben A marosv\u00e1s\u00e1rhelyi Szoci\u00e1lis Seg\u00e9lyez\u00e9si Oszt\u00e1ly...<\/p>","protected":false},"author":2,"featured_media":0,"comment_status":"closed","ping_status":"open","sticky":false,"template":"","format":"standard","meta":{"footnotes":""},"categories":[5],"tags":[],"class_list":["post-8840","post","type-post","status-publish","format-standard","hentry","category-comunicate-de-presa"],"yoast_head":"<!-- This site is optimized with the Yoast SEO plugin v19.13 - https:\/\/yoast.com\/wordpress\/plugins\/seo\/ -->\n<title>Persoanele f\u0103r\u0103 ad\u0103post \u00een aten\u021bia DAS T\u00e2rgu Mure\u0219 - Direc\u021bia de Asisten\u021b\u0103 Social\u0103 T\u00e2rgu Mure\u0219<\/title>\n<meta name=\"robots\" content=\"index, follow, max-snippet:-1, max-image-preview:large, max-video-preview:-1\" \/>\n<link rel=\"canonical\" href=\"https:\/\/dastgmures.ro\/hu\/sajtokozlemeny\/persons-without-adaptation-in-attention-das-targu-mures\/\" \/>\n<meta property=\"og:locale\" content=\"hu_HU\" \/>\n<meta property=\"og:type\" content=\"article\" \/>\n<meta property=\"og:title\" content=\"Persoanele f\u0103r\u0103 ad\u0103post \u00een aten\u021bia DAS T\u00e2rgu Mure\u0219 - Direc\u021bia de Asisten\u021b\u0103 Social\u0103 T\u00e2rgu Mure\u0219\" \/>\n<meta property=\"og:description\" content=\"Comunicat de pres\u0103 T\u00e2rgu Mure\u0219, 10.10.2023 &nbsp; Persoanele f\u0103r\u0103 ad\u0103post \u00een aten\u021bia DAS T\u00e2rgu Mure\u0219 &nbsp; Direc\u021bia de Asisten\u021b\u0103 Social\u0103 T\u00e2rgu Mure\u0219&hellip;\" \/>\n<meta property=\"og:url\" content=\"https:\/\/dastgmures.ro\/hu\/sajtokozlemeny\/persons-without-adaptation-in-attention-das-targu-mures\/\" \/>\n<meta property=\"og:site_name\" content=\"Direc\u021bia de Asisten\u021b\u0103 Social\u0103 T\u00e2rgu Mure\u0219\" \/>\n<meta property=\"article:published_time\" content=\"2023-10-10T13:06:54+00:00\" \/>\n<meta property=\"article:modified_time\" content=\"2023-10-10T13:08:31+00:00\" \/>\n<meta property=\"og:image\" content=\"https:\/\/dastgmures.ro\/wp-content\/uploads\/2023\/10\/WhatsApp-Image-2023-10-10-at-15.55.45-585x390.jpeg\" \/>\n<meta name=\"author\" content=\"Hirlav Mariana\" \/>\n<meta name=\"twitter:card\" content=\"summary_large_image\" \/>\n<meta name=\"twitter:label1\" content=\"Szerz\u0151:\" \/>\n\t<meta name=\"twitter:data1\" content=\"Hirlav Mariana\" \/>\n\t<meta name=\"twitter:label2\" content=\"Becs\u00fclt olvas\u00e1si id\u0151\" \/>\n\t<meta name=\"twitter:data2\" content=\"2 perc\" \/>\n<script type=\"application\/ld+json\" class=\"yoast-schema-graph\">{\"@context\":\"https:\/\/schema.org\",\"@graph\":[{\"@type\":\"WebPage\",\"@id\":\"https:\/\/dastgmures.ro\/comunicate-de-presa\/persoanele-fara-adapost-in-atentia-das-targu-mures\/\",\"url\":\"https:\/\/dastgmures.ro\/comunicate-de-presa\/persoanele-fara-adapost-in-atentia-das-targu-mures\/\",\"name\":\"Persoanele f\u0103r\u0103 ad\u0103post \u00een aten\u021bia DAS T\u00e2rgu Mure\u0219 - Direc\u021bia de Asisten\u021b\u0103 Social\u0103 T\u00e2rgu Mure\u0219\",\"isPartOf\":{\"@id\":\"https:\/\/dastgmures.ro\/#website\"},\"datePublished\":\"2023-10-10T13:06:54+00:00\",\"dateModified\":\"2023-10-10T13:08:31+00:00\",\"author\":{\"@id\":\"https:\/\/dastgmures.ro\/#\/schema\/person\/090d5ba892b6c29413e6ec4c1ffa93ff\"},\"breadcrumb\":{\"@id\":\"https:\/\/dastgmures.ro\/comunicate-de-presa\/persoanele-fara-adapost-in-atentia-das-targu-mures\/#breadcrumb\"},\"inLanguage\":\"hu\",\"potentialAction\":[{\"@type\":\"ReadAction\",\"target\":[\"https:\/\/dastgmures.ro\/comunicate-de-presa\/persoanele-fara-adapost-in-atentia-das-targu-mures\/\"]}]},{\"@type\":\"BreadcrumbList\",\"@id\":\"https:\/\/dastgmures.ro\/comunicate-de-presa\/persoanele-fara-adapost-in-atentia-das-targu-mures\/#breadcrumb\",\"itemListElement\":[{\"@type\":\"ListItem\",\"position\":1,\"name\":\"Prima pagin\u0103\",\"item\":\"https:\/\/dastgmures.ro\/\"},{\"@type\":\"ListItem\",\"position\":2,\"name\":\"Persoanele f\u0103r\u0103 ad\u0103post \u00een aten\u021bia DAS T\u00e2rgu Mure\u0219\"}]},{\"@type\":\"WebSite\",\"@id\":\"https:\/\/dastgmures.ro\/#website\",\"url\":\"https:\/\/dastgmures.ro\/\",\"name\":\"Direc\u021bia de Asisten\u021b\u0103 Social\u0103 T\u00e2rgu Mure\u0219\",\"description\":\"\",\"potentialAction\":[{\"@type\":\"SearchAction\",\"target\":{\"@type\":\"EntryPoint\",\"urlTemplate\":\"https:\/\/dastgmures.ro\/?s={search_term_string}\"},\"query-input\":\"required name=search_term_string\"}],\"inLanguage\":\"hu\"},{\"@type\":\"Person\",\"@id\":\"https:\/\/dastgmures.ro\/#\/schema\/person\/090d5ba892b6c29413e6ec4c1ffa93ff\",\"name\":\"Hirlav Mariana\",\"image\":{\"@type\":\"ImageObject\",\"inLanguage\":\"hu\",\"@id\":\"https:\/\/dastgmures.ro\/#\/schema\/person\/image\/\",\"url\":\"https:\/\/secure.gravatar.com\/avatar\/844b59c83dd256e2fbea16ab729e9ebd12763bbeb25f1d84279672f9e7745da1?s=96&d=mm&r=g\",\"contentUrl\":\"https:\/\/secure.gravatar.com\/avatar\/844b59c83dd256e2fbea16ab729e9ebd12763bbeb25f1d84279672f9e7745da1?s=96&d=mm&r=g\",\"caption\":\"Hirlav Mariana\"},\"url\":\"https:\/\/dastgmures.ro\/hu\/author\/hirlav-mariana\/\"}]}<\/script>\n<!-- \/ Yoast SEO plugin. -->","yoast_head_json":{"title":"Persoanele f\u0103r\u0103 ad\u0103post \u00een aten\u021bia DAS T\u00e2rgu Mure\u0219 - Direc\u021bia de Asisten\u021b\u0103 Social\u0103 T\u00e2rgu Mure\u0219","robots":{"index":"index","follow":"follow","max-snippet":"max-snippet:-1","max-image-preview":"max-image-preview:large","max-video-preview":"max-video-preview:-1"},"canonical":"https:\/\/dastgmures.ro\/hu\/sajtokozlemeny\/persons-without-adaptation-in-attention-das-targu-mures\/","og_locale":"hu_HU","og_type":"article","og_title":"Persoanele f\u0103r\u0103 ad\u0103post \u00een aten\u021bia DAS T\u00e2rgu Mure\u0219 - Direc\u021bia de Asisten\u021b\u0103 Social\u0103 T\u00e2rgu Mure\u0219","og_description":"Comunicat de pres\u0103 T\u00e2rgu Mure\u0219, 10.10.2023 &nbsp; Persoanele f\u0103r\u0103 ad\u0103post \u00een aten\u021bia DAS T\u00e2rgu Mure\u0219 &nbsp; Direc\u021bia de Asisten\u021b\u0103 Social\u0103 T\u00e2rgu Mure\u0219&hellip;","og_url":"https:\/\/dastgmures.ro\/hu\/sajtokozlemeny\/persons-without-adaptation-in-attention-das-targu-mures\/","og_site_name":"Direc\u021bia de Asisten\u021b\u0103 Social\u0103 T\u00e2rgu Mure\u0219","article_published_time":"2023-10-10T13:06:54+00:00","article_modified_time":"2023-10-10T13:08:31+00:00","og_image":[{"url":"https:\/\/dastgmures.ro\/wp-content\/uploads\/2023\/10\/WhatsApp-Image-2023-10-10-at-15.55.45-585x390.jpeg"}],"author":"Hirlav Mariana","twitter_card":"summary_large_image","twitter_misc":{"Szerz\u0151:":"Hirlav Mariana","Becs\u00fclt olvas\u00e1si id\u0151":"2 perc"},"schema":{"@context":"https:\/\/schema.org","@graph":[{"@type":"WebPage","@id":"https:\/\/dastgmures.ro\/comunicate-de-presa\/persoanele-fara-adapost-in-atentia-das-targu-mures\/","url":"https:\/\/dastgmures.ro\/comunicate-de-presa\/persoanele-fara-adapost-in-atentia-das-targu-mures\/","name":"Persoanele f\u0103r\u0103 ad\u0103post \u00een aten\u021bia DAS T\u00e2rgu Mure\u0219 - Direc\u021bia de Asisten\u021b\u0103 Social\u0103 T\u00e2rgu Mure\u0219","isPartOf":{"@id":"https:\/\/dastgmures.ro\/#website"},"datePublished":"2023-10-10T13:06:54+00:00","dateModified":"2023-10-10T13:08:31+00:00","author":{"@id":"https:\/\/dastgmures.ro\/#\/schema\/person\/090d5ba892b6c29413e6ec4c1ffa93ff"},"breadcrumb":{"@id":"https:\/\/dastgmures.ro\/comunicate-de-presa\/persoanele-fara-adapost-in-atentia-das-targu-mures\/#breadcrumb"},"inLanguage":"hu","potentialAction":[{"@type":"ReadAction","target":["https:\/\/dastgmures.ro\/comunicate-de-presa\/persoanele-fara-adapost-in-atentia-das-targu-mures\/"]}]},{"@type":"BreadcrumbList","@id":"https:\/\/dastgmures.ro\/comunicate-de-presa\/persoanele-fara-adapost-in-atentia-das-targu-mures\/#breadcrumb","itemListElement":[{"@type":"ListItem","position":1,"name":"Prima pagin\u0103","item":"https:\/\/dastgmures.ro\/"},{"@type":"ListItem","position":2,"name":"Persoanele f\u0103r\u0103 ad\u0103post \u00een aten\u021bia DAS T\u00e2rgu Mure\u0219"}]},{"@type":"WebSite","@id":"https:\/\/dastgmures.ro\/#website","url":"https:\/\/dastgmures.ro\/","name":"Direc\u021bia de Asisten\u021b\u0103 Social\u0103 T\u00e2rgu Mure\u0219","description":"","potentialAction":[{"@type":"SearchAction","target":{"@type":"EntryPoint","urlTemplate":"https:\/\/dastgmures.ro\/?s={search_term_string}"},"query-input":"required name=search_term_string"}],"inLanguage":"hu"},{"@type":"Person","@id":"https:\/\/dastgmures.ro\/#\/schema\/person\/090d5ba892b6c29413e6ec4c1ffa93ff","name":"Hirlav Mariana","image":{"@type":"ImageObject","inLanguage":"hu","@id":"https:\/\/dastgmures.ro\/#\/schema\/person\/image\/","url":"https:\/\/secure.gravatar.com\/avatar\/844b59c83dd256e2fbea16ab729e9ebd12763bbeb25f1d84279672f9e7745da1?s=96&d=mm&r=g","contentUrl":"https:\/\/secure.gravatar.com\/avatar\/844b59c83dd256e2fbea16ab729e9ebd12763bbeb25f1d84279672f9e7745da1?s=96&d=mm&r=g","caption":"Hirlav Mariana"},"url":"https:\/\/dastgmures.ro\/hu\/author\/hirlav-mariana\/"}]}},"_links":{"self":[{"href":"https:\/\/dastgmures.ro\/hu\/wp-json\/wp\/v2\/posts\/8840","targetHints":{"allow":["GET"]}}],"collection":[{"href":"https:\/\/dastgmures.ro\/hu\/wp-json\/wp\/v2\/posts"}],"about":[{"href":"https:\/\/dastgmures.ro\/hu\/wp-json\/wp\/v2\/types\/post"}],"author":[{"embeddable":true,"href":"https:\/\/dastgmures.ro\/hu\/wp-json\/wp\/v2\/users\/2"}],"replies":[{"embeddable":true,"href":"https:\/\/dastgmures.ro\/hu\/wp-json\/wp\/v2\/comments?post=8840"}],"version-history":[{"count":3,"href":"https:\/\/dastgmures.ro\/hu\/wp-json\/wp\/v2\/posts\/8840\/revisions"}],"predecessor-version":[{"id":8851,"href":"https:\/\/dastgmures.ro\/hu\/wp-json\/wp\/v2\/posts\/8840\/revisions\/8851"}],"wp:attachment":[{"href":"https:\/\/dastgmures.ro\/hu\/wp-json\/wp\/v2\/media?parent=8840"}],"wp:term":[{"taxonomy":"category","embeddable":true,"href":"https:\/\/dastgmures.ro\/hu\/wp-json\/wp\/v2\/categories?post=8840"},{"taxonomy":"post_tag","embeddable":true,"href":"https:\/\/dastgmures.ro\/hu\/wp-json\/wp\/v2\/tags?post=8840"}],"curies":[{"name":"wp","href":"https:\/\/api.w.org\/{rel}","templated":true}]}}