{"id":9066,"date":"2023-11-14T19:00:58","date_gmt":"2023-11-14T17:00:58","guid":{"rendered":"https:\/\/dastgmures.ro\/?p=9066"},"modified":"2023-11-16T10:11:32","modified_gmt":"2023-11-16T08:11:32","slug":"cladirea-directiei-de-asistenta-sociala-targu-mures-este-imbracata-in-lumina-albastra-de-ziua-mondiala-a-diabetului","status":"publish","type":"post","link":"https:\/\/dastgmures.ro\/hu\/sajtokozlemeny\/a-marosvasarhelyi-szocialis-joleti-igazgatosag-epulete-kekkel-vilagit-a-cukorbetegseg-vilagnapjan\/","title":{"rendered":"K\u00e9k f\u00e9nybe \u00f6lt\u00f6z\u00f6tt a marosv\u00e1s\u00e1rhelyi szoci\u00e1lis oszt\u00e1ly \u00e9p\u00fclete a diab\u00e9tesz vil\u00e1gnapj\u00e1n!"},"content":{"rendered":"<div class=\"xdj266r x11i5rnm xat24cr x1mh8g0r x1vvkbs x126k92a\">\n<div dir=\"auto\">\n<div class=\"xdj266r x11i5rnm xat24cr x1mh8g0r x1vvkbs x126k92a\">\n<div dir=\"auto\">\n<div class=\"xdj266r x11i5rnm xat24cr x1mh8g0r x1vvkbs x126k92a\">\n<div dir=\"auto\" style=\"text-align: left;\">Sajt\u00f3k\u00f6zlem\u00e9ny<\/div>\n<div dir=\"auto\">Marosv\u00e1s\u00e1rhely, 2023.11.14.<\/div>\n<div dir=\"auto\"><\/div>\n<\/div>\n<\/div>\n<\/div>\n<\/div>\n<\/div>\n<div dir=\"auto\" style=\"text-align: center;\"><\/div>\n<div dir=\"auto\"><\/div>\n<div dir=\"auto\"><\/div>\n<div class=\"xdj266r x11i5rnm xat24cr x1mh8g0r x1vvkbs x126k92a\">\n<div dir=\"auto\">\n<div class=\"xdj266r x11i5rnm xat24cr x1mh8g0r x1vvkbs x126k92a\">\n<div dir=\"auto\">\n<div class=\"xdj266r x11i5rnm xat24cr x1mh8g0r x1vvkbs x126k92a\">\n<div dir=\"auto\" style=\"text-align: center;\"><span class=\"x3nfvp2 x1j61x8r x1fcty0u xdj266r xhhsvwb xat24cr xgzva0m xxymvpz xlup9mm x1kky2od\"><img decoding=\"async\" class=\"xz74otr\" src=\"https:\/\/static.xx.fbcdn.net\/images\/emoji.php\/v9\/t6c\/1\/16\/1f499.png\" alt=\"\ud83d\udc99\" width=\"16\" height=\"16\" \/><\/span><strong>K\u00e9k f\u00e9nybe \u00f6lt\u00f6z\u00f6tt a marosv\u00e1s\u00e1rhelyi szoci\u00e1lis oszt\u00e1ly \u00e9p\u00fclete a diab\u00e9tesz vil\u00e1gnapj\u00e1n!<\/strong><span class=\"x3nfvp2 x1j61x8r x1fcty0u xdj266r xhhsvwb xat24cr xgzva0m xxymvpz xlup9mm x1kky2od\"><img decoding=\"async\" class=\"xz74otr\" src=\"https:\/\/static.xx.fbcdn.net\/images\/emoji.php\/v9\/t97\/1\/16\/1fa75.png\" alt=\"\ud83e\ude75\" width=\"16\" height=\"16\" \/><\/span><\/div>\n<\/div>\n<div dir=\"auto\"><\/div>\n<div class=\"x11i5rnm xat24cr x1mh8g0r x1vvkbs xtlvy1s x126k92a\">\n<div dir=\"auto\"><span class=\"x3nfvp2 x1j61x8r x1fcty0u xdj266r xhhsvwb xat24cr xgzva0m xxymvpz xlup9mm x1kky2od\"><img decoding=\"async\" class=\"xz74otr\" src=\"https:\/\/static.xx.fbcdn.net\/images\/emoji.php\/v9\/t6c\/1\/16\/1f499.png\" alt=\"\ud83d\udc99\" width=\"16\" height=\"16\" \/><\/span>A diab\u00e9tesz vil\u00e1gnapj\u00e1t minden \u00e9vben november 14-\u00e9n \u00fcnnepelj\u00fck, v\u00e1laszul a cukorbetegs\u00e9g n\u00f6vekv\u0151 eg\u00e9szs\u00e9g\u00fcgyi vesz\u00e9lye miatti n\u00f6vekv\u0151 aggodalomra.<\/div>\n<\/div>\n<div class=\"x11i5rnm xat24cr x1mh8g0r x1vvkbs xtlvy1s x126k92a\">\n<div dir=\"auto\"><span class=\"x3nfvp2 x1j61x8r x1fcty0u xdj266r xhhsvwb xat24cr xgzva0m xxymvpz xlup9mm x1kky2od\"><img decoding=\"async\" class=\"xz74otr\" src=\"https:\/\/static.xx.fbcdn.net\/images\/emoji.php\/v9\/t6c\/1\/16\/1f499.png\" alt=\"\ud83d\udc99\" width=\"16\" height=\"16\" \/><\/span>Az idei diab\u00e9tesz vil\u00e1gnap t\u00e9m\u00e1ja a \"Hozz\u00e1f\u00e9r\u00e9s a cukorbetegs\u00e9g kezel\u00e9s\u00e9hez\", \u00e9s a \"Ismerd meg a kock\u00e1zatokat, hogy tudd, mit kell tenned!\" szlogen alatt a cukorbetegek \u00e9s az eg\u00e9szs\u00e9g\u00fcgyi szakemberek sz\u00e1m\u00e1ra szervezett oktat\u00e1si programokhoz val\u00f3 hozz\u00e1f\u00e9r\u00e9s sz\u00fcks\u00e9gess\u00e9g\u00e9t hangs\u00falyozz\u00e1k.<\/div>\n<div dir=\"auto\"><span class=\"x3nfvp2 x1j61x8r x1fcty0u xdj266r xhhsvwb xat24cr xgzva0m xxymvpz xlup9mm x1kky2od\"><img decoding=\"async\" class=\"xz74otr\" src=\"https:\/\/static.xx.fbcdn.net\/images\/emoji.php\/v9\/t6c\/1\/16\/1f499.png\" alt=\"\ud83d\udc99\" width=\"16\" height=\"16\" \/><\/span>Vigy\u00e1zzon az eg\u00e9szs\u00e9g\u00e9re!<\/div>\n<div dir=\"auto\"><span class=\"x3nfvp2 x1j61x8r x1fcty0u xdj266r xhhsvwb xat24cr xgzva0m xxymvpz xlup9mm x1kky2od\"><img decoding=\"async\" class=\"xz74otr\" src=\"https:\/\/static.xx.fbcdn.net\/images\/emoji.php\/v9\/t64\/1\/16\/1f91d.png\" alt=\"\ud83e\udd1d\" width=\"16\" height=\"16\" \/><\/span>K\u00f6sz\u00f6net az Egyes\u00fcletnek <a class=\"x1i10hfl xjbqb8w x6umtig x1b1mbwd xaqea5y xav7gou x9f619 x1ypdohk xt0psk2 xe8uvvx xdj266r x11i5rnm xat24cr x1mh8g0r xexx8yu x4uap5 x18d9i69 xkhd6sd x16tdsg8 x1hl2dhg xggy1nq x1a2a7pz xt0b8zv x1qq9wsj xo1l8bm\" tabindex=\"0\" role=\"link\" href=\"https:\/\/www.facebook.com\/ascotidmures?__cft__[0]=AZUR9-cTuwmrZK98nD5VXB2XkQFywu54Eo04Z_Wtd3FhK9qnh45BzD2vUWxuhu9i1hte7TLk8N17COdbk58-vZZVa1UMs0L03lXD12X0Rwp1IqKhtDchHwJJzI7me4lWxXMnY67luJihF5qZP0dZfesfkpv-jy2MkW5dB9VzawcrLuLxQBkKaSi6dfD0Mn7J6NpyiLBZX9BMXEsqRGbaTtlM&amp;__tn__=-]K-R\">Cukorbeteg gyermekek \u00e9s fiatalok - Mares-ASCOTID<\/a> a mai akci\u00f3ra! <span class=\"x3nfvp2 x1j61x8r x1fcty0u xdj266r xhhsvwb xat24cr xgzva0m xxymvpz xlup9mm x1kky2od\"><img decoding=\"async\" class=\"xz74otr\" src=\"https:\/\/static.xx.fbcdn.net\/images\/emoji.php\/v9\/t6c\/1\/16\/1f499.png\" alt=\"\ud83d\udc99\" width=\"16\" height=\"16\" \/><\/span><\/div>\n<\/div>\n<div dir=\"auto\"><\/div>\n<div dir=\"auto\" style=\"text-align: center;\"><strong>Marosv\u00e1s\u00e1rhelyi Szoci\u00e1lis Seg\u00e9lyez\u00e9si Oszt\u00e1ly<\/strong><\/div>\n<div dir=\"auto\">\n<div id=\"penci-post-gallery__40237\" class=\"penci-post-gallery-container masonry grid column-3\" data-height=\"150\" data-margin=\"3\"><div class=\"inner-gallery-masonry-container\"><div class=\"item-gallery-masonry grid\"><a class=\"penci-gallery-ite item-link-relative\" href=\"https:\/\/dastgmures.ro\/wp-content\/uploads\/2023\/11\/IMG_6030-scaled.jpg\"><div class=\"inner-item-masonry-gallery\"><span class=\"penci-isotope-padding\" style=\"padding-bottom:66.66666667%;\"><\/span><img decoding=\"async\" src=\"https:\/\/dastgmures.ro\/wp-content\/uploads\/2023\/11\/IMG_6030-585x390.jpg\" alt=\"\" title=\"IMG_6030\"><\/div><\/a><\/div><div class=\"item-gallery-masonry grid\"><a class=\"penci-gallery-ite item-link-relative\" href=\"https:\/\/dastgmures.ro\/wp-content\/uploads\/2023\/11\/IMG_6031-scaled.jpg\"><div class=\"inner-item-masonry-gallery\"><span class=\"penci-isotope-padding\" style=\"padding-bottom:66.66666667%;\"><\/span><img decoding=\"async\" src=\"https:\/\/dastgmures.ro\/wp-content\/uploads\/2023\/11\/IMG_6031-585x390.jpg\" alt=\"\" title=\"IMG_6031\"><\/div><\/a><\/div><div class=\"item-gallery-masonry grid\"><a class=\"penci-gallery-ite item-link-relative\" href=\"https:\/\/dastgmures.ro\/wp-content\/uploads\/2023\/11\/IMG_6034-scaled.jpg\"><div class=\"inner-item-masonry-gallery\"><span class=\"penci-isotope-padding\" style=\"padding-bottom:66.66666667%;\"><\/span><img decoding=\"async\" src=\"https:\/\/dastgmures.ro\/wp-content\/uploads\/2023\/11\/IMG_6034-585x390.jpg\" alt=\"\" title=\"IMG_6034\"><\/div><\/a><\/div><div class=\"item-gallery-masonry grid\"><a class=\"penci-gallery-ite item-link-relative\" href=\"https:\/\/dastgmures.ro\/wp-content\/uploads\/2023\/11\/IMG_6035-scaled.jpg\"><div class=\"inner-item-masonry-gallery\"><span class=\"penci-isotope-padding\" style=\"padding-bottom:66.66666667%;\"><\/span><img decoding=\"async\" src=\"https:\/\/dastgmures.ro\/wp-content\/uploads\/2023\/11\/IMG_6035-585x390.jpg\" alt=\"\" title=\"IMG_6035\"><\/div><\/a><\/div><div class=\"item-gallery-masonry grid\"><a class=\"penci-gallery-ite item-link-relative\" href=\"https:\/\/dastgmures.ro\/wp-content\/uploads\/2023\/11\/IMG_6036-scaled.jpg\"><div class=\"inner-item-masonry-gallery\"><span class=\"penci-isotope-padding\" style=\"padding-bottom:66.66666667%;\"><\/span><img decoding=\"async\" src=\"https:\/\/dastgmures.ro\/wp-content\/uploads\/2023\/11\/IMG_6036-585x390.jpg\" alt=\"\" title=\"IMG_6036\"><\/div><\/a><\/div><div class=\"item-gallery-masonry grid\"><a class=\"penci-gallery-ite item-link-relative\" href=\"https:\/\/dastgmures.ro\/wp-content\/uploads\/2023\/11\/IMG_6037-scaled.jpg\"><div class=\"inner-item-masonry-gallery\"><span class=\"penci-isotope-padding\" style=\"padding-bottom:66.66666667%;\"><\/span><img decoding=\"async\" src=\"https:\/\/dastgmures.ro\/wp-content\/uploads\/2023\/11\/IMG_6037-585x390.jpg\" alt=\"\" title=\"IMG_6037\"><\/div><\/a><\/div><div class=\"item-gallery-masonry grid\"><a class=\"penci-gallery-ite item-link-relative\" href=\"https:\/\/dastgmures.ro\/wp-content\/uploads\/2023\/11\/IMG_6038-scaled.jpg\"><div class=\"inner-item-masonry-gallery\"><span class=\"penci-isotope-padding\" style=\"padding-bottom:66.66666667%;\"><\/span><img decoding=\"async\" src=\"https:\/\/dastgmures.ro\/wp-content\/uploads\/2023\/11\/IMG_6038-585x390.jpg\" alt=\"\" title=\"IMG_6038\"><\/div><\/a><\/div><\/div><\/div>\n<\/div>\n<\/div>\n<\/div>\n<\/div>\n<\/div>","protected":false},"excerpt":{"rendered":"<p>Sajt\u00f3k\u00f6zlem\u00e9ny Marosv\u00e1s\u00e1rhely, 14.11.2023 K\u00e9k f\u00e9nybe \u00f6lt\u00f6z\u00f6tt a marosv\u00e1s\u00e1rhelyi Szoci\u00e1lis J\u00f3l\u00e9ti Hivatal \u00e9p\u00fclete, a vil\u00e1gnapon, a...<\/p>","protected":false},"author":2,"featured_media":0,"comment_status":"closed","ping_status":"open","sticky":false,"template":"","format":"standard","meta":{"footnotes":""},"categories":[5],"tags":[],"class_list":["post-9066","post","type-post","status-publish","format-standard","hentry","category-comunicate-de-presa"],"yoast_head":"<!-- This site is optimized with the Yoast SEO plugin v19.13 - https:\/\/yoast.com\/wordpress\/plugins\/seo\/ -->\n<title>Cl\u0103direa Direc\u021biei de Asisten\u021b\u0103 Social\u0103 T\u00e2rgu Mure\u0219 este \u00eembr\u0103cat\u0103 \u00een lumin\u0103 albastr\u0103, de Ziua Mondial\u0103 a Diabetului! - Direc\u021bia de Asisten\u021b\u0103 Social\u0103 T\u00e2rgu Mure\u0219<\/title>\n<meta name=\"robots\" content=\"index, follow, max-snippet:-1, max-image-preview:large, max-video-preview:-1\" \/>\n<link rel=\"canonical\" href=\"https:\/\/dastgmures.ro\/hu\/sajtokozlemeny\/a-marosvasarhelyi-szocialis-joleti-igazgatosag-epulete-kekkel-vilagit-a-cukorbetegseg-vilagnapjan\/\" \/>\n<meta property=\"og:locale\" content=\"hu_HU\" \/>\n<meta property=\"og:type\" content=\"article\" \/>\n<meta property=\"og:title\" content=\"Cl\u0103direa Direc\u021biei de Asisten\u021b\u0103 Social\u0103 T\u00e2rgu Mure\u0219 este \u00eembr\u0103cat\u0103 \u00een lumin\u0103 albastr\u0103, de Ziua Mondial\u0103 a Diabetului! - Direc\u021bia de Asisten\u021b\u0103 Social\u0103 T\u00e2rgu Mure\u0219\" \/>\n<meta property=\"og:description\" content=\"Comunicat de pres\u0103 T\u00e2rgu Mure\u0219, 14.11.2023 Cl\u0103direa Direc\u021biei de Asisten\u021b\u0103 Social\u0103 T\u00e2rgu Mure\u0219 este \u00eembr\u0103cat\u0103 \u00een lumin\u0103 albastr\u0103, de Ziua Mondial\u0103 a&hellip;\" \/>\n<meta property=\"og:url\" content=\"https:\/\/dastgmures.ro\/hu\/sajtokozlemeny\/a-marosvasarhelyi-szocialis-joleti-igazgatosag-epulete-kekkel-vilagit-a-cukorbetegseg-vilagnapjan\/\" \/>\n<meta property=\"og:site_name\" content=\"Direc\u021bia de Asisten\u021b\u0103 Social\u0103 T\u00e2rgu Mure\u0219\" \/>\n<meta property=\"article:published_time\" content=\"2023-11-14T17:00:58+00:00\" \/>\n<meta property=\"article:modified_time\" content=\"2023-11-16T08:11:32+00:00\" \/>\n<meta property=\"og:image\" content=\"https:\/\/dastgmures.ro\/wp-content\/uploads\/2023\/11\/IMG_6030-585x390.jpg\" \/>\n<meta name=\"author\" content=\"Hirlav Mariana\" \/>\n<meta name=\"twitter:card\" content=\"summary_large_image\" \/>\n<meta name=\"twitter:label1\" content=\"Szerz\u0151:\" \/>\n\t<meta name=\"twitter:data1\" content=\"Hirlav Mariana\" \/>\n\t<meta name=\"twitter:label2\" content=\"Becs\u00fclt olvas\u00e1si id\u0151\" \/>\n\t<meta name=\"twitter:data2\" content=\"1 perc\" \/>\n<script type=\"application\/ld+json\" class=\"yoast-schema-graph\">{\"@context\":\"https:\/\/schema.org\",\"@graph\":[{\"@type\":\"WebPage\",\"@id\":\"https:\/\/dastgmures.ro\/comunicate-de-presa\/cladirea-directiei-de-asistenta-sociala-targu-mures-este-imbracata-in-lumina-albastra-de-ziua-mondiala-a-diabetului\/\",\"url\":\"https:\/\/dastgmures.ro\/comunicate-de-presa\/cladirea-directiei-de-asistenta-sociala-targu-mures-este-imbracata-in-lumina-albastra-de-ziua-mondiala-a-diabetului\/\",\"name\":\"Cl\u0103direa Direc\u021biei de Asisten\u021b\u0103 Social\u0103 T\u00e2rgu Mure\u0219 este \u00eembr\u0103cat\u0103 \u00een lumin\u0103 albastr\u0103, de Ziua Mondial\u0103 a Diabetului! - Direc\u021bia de Asisten\u021b\u0103 Social\u0103 T\u00e2rgu Mure\u0219\",\"isPartOf\":{\"@id\":\"https:\/\/dastgmures.ro\/#website\"},\"datePublished\":\"2023-11-14T17:00:58+00:00\",\"dateModified\":\"2023-11-16T08:11:32+00:00\",\"author\":{\"@id\":\"https:\/\/dastgmures.ro\/#\/schema\/person\/090d5ba892b6c29413e6ec4c1ffa93ff\"},\"breadcrumb\":{\"@id\":\"https:\/\/dastgmures.ro\/comunicate-de-presa\/cladirea-directiei-de-asistenta-sociala-targu-mures-este-imbracata-in-lumina-albastra-de-ziua-mondiala-a-diabetului\/#breadcrumb\"},\"inLanguage\":\"hu\",\"potentialAction\":[{\"@type\":\"ReadAction\",\"target\":[\"https:\/\/dastgmures.ro\/comunicate-de-presa\/cladirea-directiei-de-asistenta-sociala-targu-mures-este-imbracata-in-lumina-albastra-de-ziua-mondiala-a-diabetului\/\"]}]},{\"@type\":\"BreadcrumbList\",\"@id\":\"https:\/\/dastgmures.ro\/comunicate-de-presa\/cladirea-directiei-de-asistenta-sociala-targu-mures-este-imbracata-in-lumina-albastra-de-ziua-mondiala-a-diabetului\/#breadcrumb\",\"itemListElement\":[{\"@type\":\"ListItem\",\"position\":1,\"name\":\"Prima pagin\u0103\",\"item\":\"https:\/\/dastgmures.ro\/\"},{\"@type\":\"ListItem\",\"position\":2,\"name\":\"Cl\u0103direa Direc\u021biei de Asisten\u021b\u0103 Social\u0103 T\u00e2rgu Mure\u0219 este \u00eembr\u0103cat\u0103 \u00een lumin\u0103 albastr\u0103, de Ziua Mondial\u0103 a Diabetului!\"}]},{\"@type\":\"WebSite\",\"@id\":\"https:\/\/dastgmures.ro\/#website\",\"url\":\"https:\/\/dastgmures.ro\/\",\"name\":\"Direc\u021bia de Asisten\u021b\u0103 Social\u0103 T\u00e2rgu Mure\u0219\",\"description\":\"\",\"potentialAction\":[{\"@type\":\"SearchAction\",\"target\":{\"@type\":\"EntryPoint\",\"urlTemplate\":\"https:\/\/dastgmures.ro\/?s={search_term_string}\"},\"query-input\":\"required name=search_term_string\"}],\"inLanguage\":\"hu\"},{\"@type\":\"Person\",\"@id\":\"https:\/\/dastgmures.ro\/#\/schema\/person\/090d5ba892b6c29413e6ec4c1ffa93ff\",\"name\":\"Hirlav Mariana\",\"image\":{\"@type\":\"ImageObject\",\"inLanguage\":\"hu\",\"@id\":\"https:\/\/dastgmures.ro\/#\/schema\/person\/image\/\",\"url\":\"https:\/\/secure.gravatar.com\/avatar\/844b59c83dd256e2fbea16ab729e9ebd12763bbeb25f1d84279672f9e7745da1?s=96&d=mm&r=g\",\"contentUrl\":\"https:\/\/secure.gravatar.com\/avatar\/844b59c83dd256e2fbea16ab729e9ebd12763bbeb25f1d84279672f9e7745da1?s=96&d=mm&r=g\",\"caption\":\"Hirlav Mariana\"},\"url\":\"https:\/\/dastgmures.ro\/hu\/author\/hirlav-mariana\/\"}]}<\/script>\n<!-- \/ Yoast SEO plugin. -->","yoast_head_json":{"title":"Cl\u0103direa Direc\u021biei de Asisten\u021b\u0103 Social\u0103 T\u00e2rgu Mure\u0219 este \u00eembr\u0103cat\u0103 \u00een lumin\u0103 albastr\u0103, de Ziua Mondial\u0103 a Diabetului! - Direc\u021bia de Asisten\u021b\u0103 Social\u0103 T\u00e2rgu Mure\u0219","robots":{"index":"index","follow":"follow","max-snippet":"max-snippet:-1","max-image-preview":"max-image-preview:large","max-video-preview":"max-video-preview:-1"},"canonical":"https:\/\/dastgmures.ro\/hu\/sajtokozlemeny\/a-marosvasarhelyi-szocialis-joleti-igazgatosag-epulete-kekkel-vilagit-a-cukorbetegseg-vilagnapjan\/","og_locale":"hu_HU","og_type":"article","og_title":"Cl\u0103direa Direc\u021biei de Asisten\u021b\u0103 Social\u0103 T\u00e2rgu Mure\u0219 este \u00eembr\u0103cat\u0103 \u00een lumin\u0103 albastr\u0103, de Ziua Mondial\u0103 a Diabetului! - Direc\u021bia de Asisten\u021b\u0103 Social\u0103 T\u00e2rgu Mure\u0219","og_description":"Comunicat de pres\u0103 T\u00e2rgu Mure\u0219, 14.11.2023 Cl\u0103direa Direc\u021biei de Asisten\u021b\u0103 Social\u0103 T\u00e2rgu Mure\u0219 este \u00eembr\u0103cat\u0103 \u00een lumin\u0103 albastr\u0103, de Ziua Mondial\u0103 a&hellip;","og_url":"https:\/\/dastgmures.ro\/hu\/sajtokozlemeny\/a-marosvasarhelyi-szocialis-joleti-igazgatosag-epulete-kekkel-vilagit-a-cukorbetegseg-vilagnapjan\/","og_site_name":"Direc\u021bia de Asisten\u021b\u0103 Social\u0103 T\u00e2rgu Mure\u0219","article_published_time":"2023-11-14T17:00:58+00:00","article_modified_time":"2023-11-16T08:11:32+00:00","og_image":[{"url":"https:\/\/dastgmures.ro\/wp-content\/uploads\/2023\/11\/IMG_6030-585x390.jpg"}],"author":"Hirlav Mariana","twitter_card":"summary_large_image","twitter_misc":{"Szerz\u0151:":"Hirlav Mariana","Becs\u00fclt olvas\u00e1si id\u0151":"1 perc"},"schema":{"@context":"https:\/\/schema.org","@graph":[{"@type":"WebPage","@id":"https:\/\/dastgmures.ro\/comunicate-de-presa\/cladirea-directiei-de-asistenta-sociala-targu-mures-este-imbracata-in-lumina-albastra-de-ziua-mondiala-a-diabetului\/","url":"https:\/\/dastgmures.ro\/comunicate-de-presa\/cladirea-directiei-de-asistenta-sociala-targu-mures-este-imbracata-in-lumina-albastra-de-ziua-mondiala-a-diabetului\/","name":"Cl\u0103direa Direc\u021biei de Asisten\u021b\u0103 Social\u0103 T\u00e2rgu Mure\u0219 este \u00eembr\u0103cat\u0103 \u00een lumin\u0103 albastr\u0103, de Ziua Mondial\u0103 a Diabetului! - Direc\u021bia de Asisten\u021b\u0103 Social\u0103 T\u00e2rgu Mure\u0219","isPartOf":{"@id":"https:\/\/dastgmures.ro\/#website"},"datePublished":"2023-11-14T17:00:58+00:00","dateModified":"2023-11-16T08:11:32+00:00","author":{"@id":"https:\/\/dastgmures.ro\/#\/schema\/person\/090d5ba892b6c29413e6ec4c1ffa93ff"},"breadcrumb":{"@id":"https:\/\/dastgmures.ro\/comunicate-de-presa\/cladirea-directiei-de-asistenta-sociala-targu-mures-este-imbracata-in-lumina-albastra-de-ziua-mondiala-a-diabetului\/#breadcrumb"},"inLanguage":"hu","potentialAction":[{"@type":"ReadAction","target":["https:\/\/dastgmures.ro\/comunicate-de-presa\/cladirea-directiei-de-asistenta-sociala-targu-mures-este-imbracata-in-lumina-albastra-de-ziua-mondiala-a-diabetului\/"]}]},{"@type":"BreadcrumbList","@id":"https:\/\/dastgmures.ro\/comunicate-de-presa\/cladirea-directiei-de-asistenta-sociala-targu-mures-este-imbracata-in-lumina-albastra-de-ziua-mondiala-a-diabetului\/#breadcrumb","itemListElement":[{"@type":"ListItem","position":1,"name":"Prima pagin\u0103","item":"https:\/\/dastgmures.ro\/"},{"@type":"ListItem","position":2,"name":"Cl\u0103direa Direc\u021biei de Asisten\u021b\u0103 Social\u0103 T\u00e2rgu Mure\u0219 este \u00eembr\u0103cat\u0103 \u00een lumin\u0103 albastr\u0103, de Ziua Mondial\u0103 a Diabetului!"}]},{"@type":"WebSite","@id":"https:\/\/dastgmures.ro\/#website","url":"https:\/\/dastgmures.ro\/","name":"Direc\u021bia de Asisten\u021b\u0103 Social\u0103 T\u00e2rgu Mure\u0219","description":"","potentialAction":[{"@type":"SearchAction","target":{"@type":"EntryPoint","urlTemplate":"https:\/\/dastgmures.ro\/?s={search_term_string}"},"query-input":"required name=search_term_string"}],"inLanguage":"hu"},{"@type":"Person","@id":"https:\/\/dastgmures.ro\/#\/schema\/person\/090d5ba892b6c29413e6ec4c1ffa93ff","name":"Hirlav Mariana","image":{"@type":"ImageObject","inLanguage":"hu","@id":"https:\/\/dastgmures.ro\/#\/schema\/person\/image\/","url":"https:\/\/secure.gravatar.com\/avatar\/844b59c83dd256e2fbea16ab729e9ebd12763bbeb25f1d84279672f9e7745da1?s=96&d=mm&r=g","contentUrl":"https:\/\/secure.gravatar.com\/avatar\/844b59c83dd256e2fbea16ab729e9ebd12763bbeb25f1d84279672f9e7745da1?s=96&d=mm&r=g","caption":"Hirlav Mariana"},"url":"https:\/\/dastgmures.ro\/hu\/author\/hirlav-mariana\/"}]}},"_links":{"self":[{"href":"https:\/\/dastgmures.ro\/hu\/wp-json\/wp\/v2\/posts\/9066","targetHints":{"allow":["GET"]}}],"collection":[{"href":"https:\/\/dastgmures.ro\/hu\/wp-json\/wp\/v2\/posts"}],"about":[{"href":"https:\/\/dastgmures.ro\/hu\/wp-json\/wp\/v2\/types\/post"}],"author":[{"embeddable":true,"href":"https:\/\/dastgmures.ro\/hu\/wp-json\/wp\/v2\/users\/2"}],"replies":[{"embeddable":true,"href":"https:\/\/dastgmures.ro\/hu\/wp-json\/wp\/v2\/comments?post=9066"}],"version-history":[{"count":3,"href":"https:\/\/dastgmures.ro\/hu\/wp-json\/wp\/v2\/posts\/9066\/revisions"}],"predecessor-version":[{"id":9079,"href":"https:\/\/dastgmures.ro\/hu\/wp-json\/wp\/v2\/posts\/9066\/revisions\/9079"}],"wp:attachment":[{"href":"https:\/\/dastgmures.ro\/hu\/wp-json\/wp\/v2\/media?parent=9066"}],"wp:term":[{"taxonomy":"category","embeddable":true,"href":"https:\/\/dastgmures.ro\/hu\/wp-json\/wp\/v2\/categories?post=9066"},{"taxonomy":"post_tag","embeddable":true,"href":"https:\/\/dastgmures.ro\/hu\/wp-json\/wp\/v2\/tags?post=9066"}],"curies":[{"name":"wp","href":"https:\/\/api.w.org\/{rel}","templated":true}]}}