{"id":9132,"date":"2023-11-28T16:00:16","date_gmt":"2023-11-28T14:00:16","guid":{"rendered":"https:\/\/dastgmures.ro\/?p=9132"},"modified":"2023-11-28T16:01:17","modified_gmt":"2023-11-28T14:01:17","slug":"9132","status":"publish","type":"post","link":"https:\/\/dastgmures.ro\/hu\/sajtokozlemeny\/9132\/","title":{"rendered":"2024. janu\u00e1r 1-j\u00e9t\u0151l a szoci\u00e1lis seg\u00e9lyt \u00e9s a csal\u00e1dt\u00e1mogat\u00e1si t\u00e1mogat\u00e1st felv\u00e1ltja a minim\u00e1lis befogad\u00e1si j\u00f6vedelem."},"content":{"rendered":"<p><strong>Sajt\u00f3k\u00f6zlem\u00e9ny<\/strong><\/p>\n<p><strong>Marosv\u00e1s\u00e1rhely, 2023.11.28.<\/strong><\/p>\n<p>&nbsp;<\/p>\n<p style=\"text-align: center;\"><strong>2024. janu\u00e1r 1-j\u00e9t\u0151l a szoci\u00e1lis seg\u00e9lyt \u00e9s a csal\u00e1dt\u00e1mogat\u00e1si t\u00e1mogat\u00e1st felv\u00e1ltja a minim\u00e1lis befogad\u00e1si j\u00f6vedelem.<\/strong><\/p>\n<p>Figyelem! 2024. janu\u00e1r 1-j\u00e9t\u0151l a szoci\u00e1lis seg\u00e9lyt \u00e9s a csal\u00e1dt\u00e1mogat\u00e1si t\u00e1mogat\u00e1st a befogad\u00e1si minimumj\u00f6vedelem v\u00e1ltja fel. \u00cdgy 2023 december\u00e9t\u0151l a Marosv\u00e1s\u00e1rhely k\u00f6zs\u00e9gben lak\u00f3 vagy tart\u00f3zkod\u00e1si hellyel rendelkez\u0151 szem\u00e9lyek, akik jelenleg szoci\u00e1lis seg\u00e9lyben \u00e9s\/vagy csal\u00e1dt\u00e1mogat\u00e1si t\u00e1mogat\u00e1sban r\u00e9szes\u00fclnek, valamint m\u00e1s szem\u00e9lyek, akik megfelelnek az al\u00e1bbi felt\u00e9teleknek, a minim\u00e1lis beilleszked\u00e9si t\u00e1mogat\u00e1s oda\u00edt\u00e9l\u00e9se ir\u00e1nti k\u00e9relmeket a Marosv\u00e1s\u00e1rhelyi Szoci\u00e1lis Seg\u00e9lyez\u00e9si Oszt\u00e1lyon (Str. Gh. Doja, 9. sz\u00e1m, f\u00f6ldszint, nyilv\u00e1ntart\u00e1s - 8-as szoba) ny\u00fajthatj\u00e1k be, az al\u00e1bbi \u00fctemterv szerint:<\/p>\n<ul>\n<li>H\u00e9tf\u0151 \u00e9s szerda: 08:00 - 14:30;<\/li>\n<li>Kedd \u00e9s cs\u00fct\u00f6rt\u00f6k: 08:00 - 16:00;<\/li>\n<li>P\u00e9ntek: 08:00 - 14:00.<\/li>\n<\/ul>\n<p>A dokumentumokat online, e-mailben is el lehet k\u00fcldeni: <a href=\"mailto:registratura.das@tirgumures.ro\">registratura.das@tirgumures.ro<\/a>.<\/p>\n<p>A beilleszked\u00e9si minimumj\u00f6vedelem az \u00e1llam \u00e1ltal a minim\u00e1lis \u00e9letsz\u00ednvonal biztos\u00edt\u00e1sa, valamint a gyermekek szeg\u00e9nys\u00e9gi kock\u00e1zat\u00e1nak megel\u0151z\u00e9se \u00e9s az oktat\u00e1si rendszerben val\u00f3 r\u00e9szv\u00e9tel\u00fck \u00f6szt\u00f6nz\u00e9se \u00e9rdek\u00e9ben ny\u00fajtott p\u00e9nz\u00fcgyi t\u00e1mogat\u00e1s, amelynek k\u00e9t \u00f6sszetev\u0151je van, nevezetesen:<\/p>\n<ol>\n<li>befogad\u00e1si t\u00e1mogat\u00e1s - 275 lej\/h\u00f3 alatti j\u00f6vedelemmel rendelkez\u0151 csal\u00e1dok sz\u00e1m\u00e1ra ny\u00fajtott p\u00e9nz\u00fcgyi t\u00e1mogat\u00e1s, illetve 400 lej\/h\u00f3 alatti j\u00f6vedelemmel rendelkez\u0151, legal\u00e1bb 65 \u00e9ves egyed\u00fcl\u00e1ll\u00f3 szem\u00e9lyek eset\u00e9ben, a mindennapi \u00e9lethez sz\u00fcks\u00e9ges dolgok biztos\u00edt\u00e1sa \u00e9rdek\u00e9ben;<\/li>\n<li>Gyermekes csal\u00e1dok t\u00e1mogat\u00e1sa - a 700 lej\/h\u00f3 alatti j\u00f6vedelemmel rendelkez\u0151 csal\u00e1doknak ny\u00fajtott p\u00e9nz\u00fcgyi t\u00e1mogat\u00e1s, akiknek egy vagy t\u00f6bb, 18 \u00e9v alatti eltartott gyermek\u00fck van, a gyermekszeg\u00e9nys\u00e9g kock\u00e1zat\u00e1nak megel\u0151z\u00e9se \u00e9s az oktat\u00e1si rendszerben val\u00f3 r\u00e9szv\u00e9tel\u00fck \u00f6szt\u00f6nz\u00e9se \u00e9rdek\u00e9ben.<\/li>\n<\/ol>\n<p><strong>Amikor a VMI 2024. janu\u00e1r 1-j\u00e9n hat\u00e1lyba l\u00e9p, a garant\u00e1lt minim\u00e1lj\u00f6vedelemre (GMI vagy szoci\u00e1lis seg\u00e9ly) \u00e9s a csal\u00e1dt\u00e1mogat\u00e1si t\u00e1mogat\u00e1sra (FSA) val\u00f3 jogosults\u00e1g automatikusan megsz\u0171nik. <\/strong>Ez azt jelenti, hogy az \u00e9v v\u00e9g\u00e9ig a megl\u00e9v\u0151 szoci\u00e1lis juttat\u00e1sok \u00e9rv\u00e9nyben maradnak.<\/p>\n<p><strong>A minim\u00e1lisan figyelembe vehet\u0151 j\u00f6vedelem ig\u00e9nyl\u00e9s\u00e9hez sz\u00fcks\u00e9ges dokumentumok<\/strong> vannak:<\/p>\n<ul>\n<li>Jelentkez\u00e9s (szabv\u00e1nyos formanyomtatv\u00e1ny);<\/li>\n<li>Esk\u00fc alatt tett nyilatkozat;<\/li>\n<li>Fizet\u00e9si k\u00f6telezetts\u00e9gv\u00e1llal\u00e1s (olyan helyzetekre, amikor a jogosults\u00e1gokat jogosulatlanul \u00edt\u00e9lt\u00e9k oda);<\/li>\n<li>A k\u00e9relmez\u0151 \u00e9s csal\u00e1dtagjai szem\u00e9lyazonos\u00edt\u00f3 igazolv\u00e1nya;<\/li>\n<li>Bev\u00e9teli kimutat\u00e1sok minden bev\u00e9teli forr\u00e1sr\u00f3l;<\/li>\n<li>Sz\u00fclet\u00e9si anyak\u00f6nyvi kivonat minden gyermekr\u0151l;<\/li>\n<li>Halotti anyak\u00f6nyvi kivonat b\u00e1rmely elhunyt csal\u00e1dtagr\u00f3l;<\/li>\n<li>A 3-16 \u00e9ves gyermekek iskolai v\u00e9gzetts\u00e9g\u00e9nek igazol\u00e1sa;<\/li>\n<li>A k\u00e9relmez\u0151 \u00e9s csal\u00e1dja helyzet\u00e9re jellemz\u0151 egy\u00e9b dokumentumok (pl. \u00f6r\u00f6kbefogad\u00e1s, nevel\u0151sz\u00fcl\u0151s\u00e9g, gy\u00e1ms\u00e1g\/gy\u00e1ms\u00e1g, elt\u0171ntnek nyilv\u00e1n\u00edtott h\u00e1zast\u00e1rs, el\u0151zetes letart\u00f3ztat\u00e1sban l\u00e9v\u0151 vagy szabads\u00e1gveszt\u00e9s b\u00fcntet\u00e9s\u00e9t t\u00f6lt\u0151 h\u00e1zast\u00e1rs, stb.)<\/li>\n<\/ul>\n<p><strong>HOGY EML\u00c9KEZZENEK R\u00c1! A minim\u00e1lis befogad\u00f3 j\u00f6vedelemben r\u00e9szes\u00fcl\u0151 foglalkoztathat\u00f3 szem\u00e9lyek k\u00f6telesek havonta helyi \u00e9rdek\u0171 akci\u00f3kat vagy munk\u00e1t v\u00e9gezni, a ter\u00fcleti munka\u00fcgyi hivatalokon kereszt\u00fcl munk\u00e1t keresni \u00e9s ezt igazolni. Amennyiben a kedvezm\u00e9nyezetteknek gyermekeik vannak, azt is igazolniuk kell, hogy azok oktat\u00e1si int\u00e9zm\u00e9nybe j\u00e1rnak.<\/strong><\/p>\n<p>Meg kell jegyezni, hogy azon csal\u00e1dok eset\u00e9ben, ahol az egyes csal\u00e1dtagok j\u00f6vedelme legfeljebb havi 275 lej, a maxim\u00e1lis t\u00e1mogat\u00e1s 428 lej; egysz\u00fcl\u0151s csal\u00e1dok eset\u00e9ben ez 480 lejre emelkedik. Ha az egyes tagok j\u00f6vedelme meghaladja a 275 lejt, de nem haladja meg a 700 lejt, a maxim\u00e1lisan kapott \u00f6sszeg k\u00e9tgyermekes csal\u00e1dok eset\u00e9ben 340 lej, egysz\u00fcl\u0151s csal\u00e1dok eset\u00e9ben pedig 430 lej.<\/p>\n<p>A minim\u00e1lj\u00f6vedelem ir\u00e1nti k\u00e9relem formanyomtatv\u00e1nya \u00e9s a szoci\u00e1lis seg\u00e9lyre vonatkoz\u00f3 egy\u00e9b inform\u00e1ci\u00f3k a k\u00f6vetkez\u0151 weboldalon tal\u00e1lhat\u00f3k meg <a href=\"https:\/\/dastgmures.ro\/hu\/\" target=\"_blank\" rel=\"noopener\">https:\/\/dastgmures.ro\/<\/a>, Szoci\u00e1lis seg\u00e9lyek szakasz - Minim\u00e1lis j\u00f6vedelem (MI) vagy a k\u00f6vetkez\u0151 linkre kattintva <a href=\"https:\/\/dastgmures.ro\/hu\/joleti-juttatasok\/joleti-jovedelem-minimum-garantalt\/\" target=\"_blank\" rel=\"noopener\">https:\/\/dastgmures.ro\/beneficii-de-asistenta-sociala\/venitul-minim-de-incluziune-vmi\/<\/a>.<\/p>\n<p style=\"text-align: center;\"><strong>Marosv\u00e1s\u00e1rhelyi Szoci\u00e1lis Seg\u00e9lyez\u00e9si Oszt\u00e1ly<\/strong><\/p>\n<p><a href=\"https:\/\/dastgmures.ro\/wp-content\/uploads\/2023\/11\/Poster-VMI_A3_WEB_16-oct-1.pdf\" target=\"_blank\" rel=\"noopener\">Poszter VMI_A3_WEB_16 Okt\u00f3ber 16.<\/a><\/p>\n<p><a href=\"https:\/\/dastgmures.ro\/wp-content\/uploads\/2023\/11\/Pliant-informativ-VMI_WEB_16-oct.pdf\" target=\"_blank\" rel=\"noopener\">T\u00e1j\u00e9koztat\u00f3 VMI_WEB_16 Okt\u00f3ber 16.<\/a><\/p>\n<p><img decoding=\"async\" class=\"alignnone size-full wp-image-9136\" src=\"https:\/\/dastgmures.ro\/wp-content\/uploads\/2023\/11\/Poster-VMI_A3_WEB_16-oct_page-0001-scaled.jpg\" alt=\"\" width=\"1810\" height=\"2560\" srcset=\"https:\/\/dastgmures.ro\/wp-content\/uploads\/2023\/11\/Poster-VMI_A3_WEB_16-oct_page-0001-scaled.jpg 1810w, https:\/\/dastgmures.ro\/wp-content\/uploads\/2023\/11\/Poster-VMI_A3_WEB_16-oct_page-0001-212x300.jpg 212w, https:\/\/dastgmures.ro\/wp-content\/uploads\/2023\/11\/Poster-VMI_A3_WEB_16-oct_page-0001-724x1024.jpg 724w, https:\/\/dastgmures.ro\/wp-content\/uploads\/2023\/11\/Poster-VMI_A3_WEB_16-oct_page-0001-768x1086.jpg 768w, https:\/\/dastgmures.ro\/wp-content\/uploads\/2023\/11\/Poster-VMI_A3_WEB_16-oct_page-0001-1086x1536.jpg 1086w, https:\/\/dastgmures.ro\/wp-content\/uploads\/2023\/11\/Poster-VMI_A3_WEB_16-oct_page-0001-1448x2048.jpg 1448w, https:\/\/dastgmures.ro\/wp-content\/uploads\/2023\/11\/Poster-VMI_A3_WEB_16-oct_page-0001-8x12.jpg 8w, https:\/\/dastgmures.ro\/wp-content\/uploads\/2023\/11\/Poster-VMI_A3_WEB_16-oct_page-0001-1920x2715.jpg 1920w, https:\/\/dastgmures.ro\/wp-content\/uploads\/2023\/11\/Poster-VMI_A3_WEB_16-oct_page-0001-1170x1655.jpg 1170w, https:\/\/dastgmures.ro\/wp-content\/uploads\/2023\/11\/Poster-VMI_A3_WEB_16-oct_page-0001-585x827.jpg 585w\" sizes=\"(max-width: 1810px) 100vw, 1810px\" \/><\/p>","protected":false},"excerpt":{"rendered":"<p>Sajt\u00f3k\u00f6zlem\u00e9ny Marosv\u00e1s\u00e1rhely, 2023.11.2823 2024. janu\u00e1r 1-j\u00e9t\u0151l a szoci\u00e1lis seg\u00e9lyt \u00e9s a csal\u00e1dt\u00e1mogat\u00e1si t\u00e1mogat\u00e1st felv\u00e1ltja a...<\/p>","protected":false},"author":2,"featured_media":0,"comment_status":"closed","ping_status":"open","sticky":false,"template":"","format":"standard","meta":{"footnotes":""},"categories":[5],"tags":[],"class_list":["post-9132","post","type-post","status-publish","format-standard","hentry","category-comunicate-de-presa"],"yoast_head":"<!-- This site is optimized with the Yoast SEO plugin v19.13 - https:\/\/yoast.com\/wordpress\/plugins\/seo\/ -->\n<title>De la 1 ianuarie 2024, ajutorul social \u0219i aloca\u021bia pentru sus\u021binerea familiei sunt \u00eenlocuite cu venitul minim de incluziune - Direc\u021bia de Asisten\u021b\u0103 Social\u0103 T\u00e2rgu Mure\u0219<\/title>\n<meta name=\"robots\" content=\"index, follow, max-snippet:-1, max-image-preview:large, max-video-preview:-1\" \/>\n<link rel=\"canonical\" href=\"https:\/\/dastgmures.ro\/hu\/sajtokozlemeny\/9132\/\" \/>\n<meta property=\"og:locale\" content=\"hu_HU\" \/>\n<meta property=\"og:type\" content=\"article\" \/>\n<meta property=\"og:title\" content=\"De la 1 ianuarie 2024, ajutorul social \u0219i aloca\u021bia pentru sus\u021binerea familiei sunt \u00eenlocuite cu venitul minim de incluziune - Direc\u021bia de Asisten\u021b\u0103 Social\u0103 T\u00e2rgu Mure\u0219\" \/>\n<meta property=\"og:description\" content=\"Comunicat de pres\u0103 T\u00e2rgu Mure\u0219, 28.11.2023 &nbsp; De la 1 ianuarie 2024, ajutorul social \u0219i aloca\u021bia pentru sus\u021binerea familiei sunt \u00eenlocuite cu&hellip;\" \/>\n<meta property=\"og:url\" content=\"https:\/\/dastgmures.ro\/hu\/sajtokozlemeny\/9132\/\" \/>\n<meta property=\"og:site_name\" content=\"Direc\u021bia de Asisten\u021b\u0103 Social\u0103 T\u00e2rgu Mure\u0219\" \/>\n<meta property=\"article:published_time\" content=\"2023-11-28T14:00:16+00:00\" \/>\n<meta property=\"article:modified_time\" content=\"2023-11-28T14:01:17+00:00\" \/>\n<meta property=\"og:image\" content=\"https:\/\/dastgmures.ro\/wp-content\/uploads\/2023\/11\/Poster-VMI_A3_WEB_16-oct_page-0001-scaled.jpg\" \/>\n<meta name=\"author\" content=\"Hirlav Mariana\" \/>\n<meta name=\"twitter:card\" content=\"summary_large_image\" \/>\n<meta name=\"twitter:label1\" content=\"Szerz\u0151:\" \/>\n\t<meta name=\"twitter:data1\" content=\"Hirlav Mariana\" \/>\n\t<meta name=\"twitter:label2\" content=\"Becs\u00fclt olvas\u00e1si id\u0151\" \/>\n\t<meta name=\"twitter:data2\" content=\"3 perc\" \/>\n<script type=\"application\/ld+json\" class=\"yoast-schema-graph\">{\"@context\":\"https:\/\/schema.org\",\"@graph\":[{\"@type\":\"WebPage\",\"@id\":\"https:\/\/dastgmures.ro\/comunicate-de-presa\/9132\/\",\"url\":\"https:\/\/dastgmures.ro\/comunicate-de-presa\/9132\/\",\"name\":\"De la 1 ianuarie 2024, ajutorul social \u0219i aloca\u021bia pentru sus\u021binerea familiei sunt \u00eenlocuite cu venitul minim de incluziune - Direc\u021bia de Asisten\u021b\u0103 Social\u0103 T\u00e2rgu Mure\u0219\",\"isPartOf\":{\"@id\":\"https:\/\/dastgmures.ro\/#website\"},\"datePublished\":\"2023-11-28T14:00:16+00:00\",\"dateModified\":\"2023-11-28T14:01:17+00:00\",\"author\":{\"@id\":\"https:\/\/dastgmures.ro\/#\/schema\/person\/090d5ba892b6c29413e6ec4c1ffa93ff\"},\"breadcrumb\":{\"@id\":\"https:\/\/dastgmures.ro\/comunicate-de-presa\/9132\/#breadcrumb\"},\"inLanguage\":\"hu\",\"potentialAction\":[{\"@type\":\"ReadAction\",\"target\":[\"https:\/\/dastgmures.ro\/comunicate-de-presa\/9132\/\"]}]},{\"@type\":\"BreadcrumbList\",\"@id\":\"https:\/\/dastgmures.ro\/comunicate-de-presa\/9132\/#breadcrumb\",\"itemListElement\":[{\"@type\":\"ListItem\",\"position\":1,\"name\":\"Prima pagin\u0103\",\"item\":\"https:\/\/dastgmures.ro\/\"},{\"@type\":\"ListItem\",\"position\":2,\"name\":\"De la 1 ianuarie 2024, ajutorul social \u0219i aloca\u021bia pentru sus\u021binerea familiei sunt \u00eenlocuite cu venitul minim de incluziune\"}]},{\"@type\":\"WebSite\",\"@id\":\"https:\/\/dastgmures.ro\/#website\",\"url\":\"https:\/\/dastgmures.ro\/\",\"name\":\"Direc\u021bia de Asisten\u021b\u0103 Social\u0103 T\u00e2rgu Mure\u0219\",\"description\":\"\",\"potentialAction\":[{\"@type\":\"SearchAction\",\"target\":{\"@type\":\"EntryPoint\",\"urlTemplate\":\"https:\/\/dastgmures.ro\/?s={search_term_string}\"},\"query-input\":\"required name=search_term_string\"}],\"inLanguage\":\"hu\"},{\"@type\":\"Person\",\"@id\":\"https:\/\/dastgmures.ro\/#\/schema\/person\/090d5ba892b6c29413e6ec4c1ffa93ff\",\"name\":\"Hirlav Mariana\",\"image\":{\"@type\":\"ImageObject\",\"inLanguage\":\"hu\",\"@id\":\"https:\/\/dastgmures.ro\/#\/schema\/person\/image\/\",\"url\":\"https:\/\/secure.gravatar.com\/avatar\/844b59c83dd256e2fbea16ab729e9ebd12763bbeb25f1d84279672f9e7745da1?s=96&d=mm&r=g\",\"contentUrl\":\"https:\/\/secure.gravatar.com\/avatar\/844b59c83dd256e2fbea16ab729e9ebd12763bbeb25f1d84279672f9e7745da1?s=96&d=mm&r=g\",\"caption\":\"Hirlav Mariana\"},\"url\":\"https:\/\/dastgmures.ro\/hu\/author\/hirlav-mariana\/\"}]}<\/script>\n<!-- \/ Yoast SEO plugin. -->","yoast_head_json":{"title":"De la 1 ianuarie 2024, ajutorul social \u0219i aloca\u021bia pentru sus\u021binerea familiei sunt \u00eenlocuite cu venitul minim de incluziune - Direc\u021bia de Asisten\u021b\u0103 Social\u0103 T\u00e2rgu Mure\u0219","robots":{"index":"index","follow":"follow","max-snippet":"max-snippet:-1","max-image-preview":"max-image-preview:large","max-video-preview":"max-video-preview:-1"},"canonical":"https:\/\/dastgmures.ro\/hu\/sajtokozlemeny\/9132\/","og_locale":"hu_HU","og_type":"article","og_title":"De la 1 ianuarie 2024, ajutorul social \u0219i aloca\u021bia pentru sus\u021binerea familiei sunt \u00eenlocuite cu venitul minim de incluziune - Direc\u021bia de Asisten\u021b\u0103 Social\u0103 T\u00e2rgu Mure\u0219","og_description":"Comunicat de pres\u0103 T\u00e2rgu Mure\u0219, 28.11.2023 &nbsp; De la 1 ianuarie 2024, ajutorul social \u0219i aloca\u021bia pentru sus\u021binerea familiei sunt \u00eenlocuite cu&hellip;","og_url":"https:\/\/dastgmures.ro\/hu\/sajtokozlemeny\/9132\/","og_site_name":"Direc\u021bia de Asisten\u021b\u0103 Social\u0103 T\u00e2rgu Mure\u0219","article_published_time":"2023-11-28T14:00:16+00:00","article_modified_time":"2023-11-28T14:01:17+00:00","og_image":[{"url":"https:\/\/dastgmures.ro\/wp-content\/uploads\/2023\/11\/Poster-VMI_A3_WEB_16-oct_page-0001-scaled.jpg"}],"author":"Hirlav Mariana","twitter_card":"summary_large_image","twitter_misc":{"Szerz\u0151:":"Hirlav Mariana","Becs\u00fclt olvas\u00e1si id\u0151":"3 perc"},"schema":{"@context":"https:\/\/schema.org","@graph":[{"@type":"WebPage","@id":"https:\/\/dastgmures.ro\/comunicate-de-presa\/9132\/","url":"https:\/\/dastgmures.ro\/comunicate-de-presa\/9132\/","name":"De la 1 ianuarie 2024, ajutorul social \u0219i aloca\u021bia pentru sus\u021binerea familiei sunt \u00eenlocuite cu venitul minim de incluziune - Direc\u021bia de Asisten\u021b\u0103 Social\u0103 T\u00e2rgu Mure\u0219","isPartOf":{"@id":"https:\/\/dastgmures.ro\/#website"},"datePublished":"2023-11-28T14:00:16+00:00","dateModified":"2023-11-28T14:01:17+00:00","author":{"@id":"https:\/\/dastgmures.ro\/#\/schema\/person\/090d5ba892b6c29413e6ec4c1ffa93ff"},"breadcrumb":{"@id":"https:\/\/dastgmures.ro\/comunicate-de-presa\/9132\/#breadcrumb"},"inLanguage":"hu","potentialAction":[{"@type":"ReadAction","target":["https:\/\/dastgmures.ro\/comunicate-de-presa\/9132\/"]}]},{"@type":"BreadcrumbList","@id":"https:\/\/dastgmures.ro\/comunicate-de-presa\/9132\/#breadcrumb","itemListElement":[{"@type":"ListItem","position":1,"name":"Prima pagin\u0103","item":"https:\/\/dastgmures.ro\/"},{"@type":"ListItem","position":2,"name":"De la 1 ianuarie 2024, ajutorul social \u0219i aloca\u021bia pentru sus\u021binerea familiei sunt \u00eenlocuite cu venitul minim de incluziune"}]},{"@type":"WebSite","@id":"https:\/\/dastgmures.ro\/#website","url":"https:\/\/dastgmures.ro\/","name":"Direc\u021bia de Asisten\u021b\u0103 Social\u0103 T\u00e2rgu Mure\u0219","description":"","potentialAction":[{"@type":"SearchAction","target":{"@type":"EntryPoint","urlTemplate":"https:\/\/dastgmures.ro\/?s={search_term_string}"},"query-input":"required name=search_term_string"}],"inLanguage":"hu"},{"@type":"Person","@id":"https:\/\/dastgmures.ro\/#\/schema\/person\/090d5ba892b6c29413e6ec4c1ffa93ff","name":"Hirlav Mariana","image":{"@type":"ImageObject","inLanguage":"hu","@id":"https:\/\/dastgmures.ro\/#\/schema\/person\/image\/","url":"https:\/\/secure.gravatar.com\/avatar\/844b59c83dd256e2fbea16ab729e9ebd12763bbeb25f1d84279672f9e7745da1?s=96&d=mm&r=g","contentUrl":"https:\/\/secure.gravatar.com\/avatar\/844b59c83dd256e2fbea16ab729e9ebd12763bbeb25f1d84279672f9e7745da1?s=96&d=mm&r=g","caption":"Hirlav Mariana"},"url":"https:\/\/dastgmures.ro\/hu\/author\/hirlav-mariana\/"}]}},"_links":{"self":[{"href":"https:\/\/dastgmures.ro\/hu\/wp-json\/wp\/v2\/posts\/9132","targetHints":{"allow":["GET"]}}],"collection":[{"href":"https:\/\/dastgmures.ro\/hu\/wp-json\/wp\/v2\/posts"}],"about":[{"href":"https:\/\/dastgmures.ro\/hu\/wp-json\/wp\/v2\/types\/post"}],"author":[{"embeddable":true,"href":"https:\/\/dastgmures.ro\/hu\/wp-json\/wp\/v2\/users\/2"}],"replies":[{"embeddable":true,"href":"https:\/\/dastgmures.ro\/hu\/wp-json\/wp\/v2\/comments?post=9132"}],"version-history":[{"count":3,"href":"https:\/\/dastgmures.ro\/hu\/wp-json\/wp\/v2\/posts\/9132\/revisions"}],"predecessor-version":[{"id":9138,"href":"https:\/\/dastgmures.ro\/hu\/wp-json\/wp\/v2\/posts\/9132\/revisions\/9138"}],"wp:attachment":[{"href":"https:\/\/dastgmures.ro\/hu\/wp-json\/wp\/v2\/media?parent=9132"}],"wp:term":[{"taxonomy":"category","embeddable":true,"href":"https:\/\/dastgmures.ro\/hu\/wp-json\/wp\/v2\/categories?post=9132"},{"taxonomy":"post_tag","embeddable":true,"href":"https:\/\/dastgmures.ro\/hu\/wp-json\/wp\/v2\/tags?post=9132"}],"curies":[{"name":"wp","href":"https:\/\/api.w.org\/{rel}","templated":true}]}}